{"id":22780,"date":"2019-08-08T00:10:50","date_gmt":"2019-08-08T03:10:50","guid":{"rendered":"http:\/\/vocesparalelas.com.ar\/sitio\/?p=22780"},"modified":"2019-08-10T01:32:16","modified_gmt":"2019-08-10T04:32:16","slug":"convocan-a-los-ingresantes-a-la-unsj-al-segundo-control-academico","status":"publish","type":"post","link":"https:\/\/vocesparalelas.com.ar\/sitio\/convocan-a-los-ingresantes-a-la-unsj-al-segundo-control-academico\/","title":{"rendered":"Convocan a los ingresantes a la UNSJ al segundo control acad\u00e9mico"},"content":{"rendered":"<p>La Direcci\u00f3n de Servicio Social de la UNSJ informa que los ingresantes del a\u00f1o 2019 deben presentarse al segundo control acad\u00e9mico.<\/p>\n<p>Los estudiantes becados de las Facultades de Ciencias Sociales; Filosof\u00eda, Humanidades y Artes; Ingenier\u00eda y Arquitectura, que hayan ingresado en el a\u00f1o 2019, deben acercarse por la Direcci\u00f3n de Servicio Social, que funciona en la Facultad de Ingenier\u00eda, de Lunes a Viernes, de 8.30 a 11.30 hs.; para realizar el segundo control acad\u00e9mico.<\/p>\n<p>Los estudiantes de la Facultad de Ciencias Exactas, F\u00edsicas y Naturales, realizan el mismo a partir de Septiembre.<\/p>\n<p><img loading=\"lazy\" decoding=\"async\" class=\"alignnone size-full wp-image-2548\" src=\"https:\/\/vocesparalelas.com.ar\/sitio\/wp-content\/uploads\/2017\/06\/FI-02.jpg\" alt=\"\" width=\"1000\" height=\"667\" srcset=\"https:\/\/vocesparalelas.com.ar\/sitio\/wp-content\/uploads\/2017\/06\/FI-02.jpg 1000w, https:\/\/vocesparalelas.com.ar\/sitio\/wp-content\/uploads\/2017\/06\/FI-02-300x200.jpg 300w, https:\/\/vocesparalelas.com.ar\/sitio\/wp-content\/uploads\/2017\/06\/FI-02-768x512.jpg 768w, https:\/\/vocesparalelas.com.ar\/sitio\/wp-content\/uploads\/2017\/06\/FI-02-800x534.jpg 800w\" sizes=\"auto, (max-width: 1000px) 100vw, 1000px\" \/><\/p>\n","protected":false},"excerpt":{"rendered":"<p>La Direcci\u00f3n de Servicio Social de la UNSJ informa que los ingresantes del a\u00f1o 2019 deben presentarse al segundo control<\/p>\n","protected":false},"author":3,"featured_media":22486,"comment_status":"closed","ping_status":"closed","sticky":false,"template":"","format":"standard","meta":{"_acf_changed":false,"_seopress_robots_primary_cat":"","_seopress_titles_title":"","_seopress_titles_desc":"","_seopress_robots_index":"","colormag_page_container_layout":"default_layout","colormag_page_sidebar_layout":"default_layout","footnotes":""},"categories":[2],"tags":[],"class_list":["post-22780","post","type-post","status-publish","format-standard","has-post-thumbnail","hentry","category-convocatorias"],"acf":[],"_links":{"self":[{"href":"https:\/\/vocesparalelas.com.ar\/sitio\/wp-json\/wp\/v2\/posts\/22780","targetHints":{"allow":["GET"]}}],"collection":[{"href":"https:\/\/vocesparalelas.com.ar\/sitio\/wp-json\/wp\/v2\/posts"}],"about":[{"href":"https:\/\/vocesparalelas.com.ar\/sitio\/wp-json\/wp\/v2\/types\/post"}],"author":[{"embeddable":true,"href":"https:\/\/vocesparalelas.com.ar\/sitio\/wp-json\/wp\/v2\/users\/3"}],"replies":[{"embeddable":true,"href":"https:\/\/vocesparalelas.com.ar\/sitio\/wp-json\/wp\/v2\/comments?post=22780"}],"version-history":[{"count":1,"href":"https:\/\/vocesparalelas.com.ar\/sitio\/wp-json\/wp\/v2\/posts\/22780\/revisions"}],"predecessor-version":[{"id":22781,"href":"https:\/\/vocesparalelas.com.ar\/sitio\/wp-json\/wp\/v2\/posts\/22780\/revisions\/22781"}],"wp:featuredmedia":[{"embeddable":true,"href":"https:\/\/vocesparalelas.com.ar\/sitio\/wp-json\/wp\/v2\/media\/22486"}],"wp:attachment":[{"href":"https:\/\/vocesparalelas.com.ar\/sitio\/wp-json\/wp\/v2\/media?parent=22780"}],"wp:term":[{"taxonomy":"category","embeddable":true,"href":"https:\/\/vocesparalelas.com.ar\/sitio\/wp-json\/wp\/v2\/categories?post=22780"},{"taxonomy":"post_tag","embeddable":true,"href":"https:\/\/vocesparalelas.com.ar\/sitio\/wp-json\/wp\/v2\/tags?post=22780"}],"curies":[{"name":"wp","href":"https:\/\/api.w.org\/{rel}","templated":true}]}}