{"id":22776,"date":"2019-08-07T23:26:51","date_gmt":"2019-08-08T02:26:51","guid":{"rendered":"http:\/\/vocesparalelas.com.ar\/sitio\/?p=22776"},"modified":"2019-08-07T23:26:51","modified_gmt":"2019-08-08T02:26:51","slug":"comenzo-el-curso-de-formacion-en-gestoria-energetica","status":"publish","type":"post","link":"https:\/\/vocesparalelas.com.ar\/sitio\/comenzo-el-curso-de-formacion-en-gestoria-energetica\/","title":{"rendered":"Comenz\u00f3 el Curso de formaci\u00f3n en Gestor\u00eda Energ\u00e9tica"},"content":{"rendered":"<p>En la sala de conferencias de la facultad de Arquitectura, Dise\u00f1o y Urbanismo de la Universidad Nacional de San Juan, comenz\u00f3 el Curso de formaci\u00f3n en Gestor\u00eda Energ\u00e9tica, producto del trabajo conjunto entre la UNSJ y el SECITI del Gobierno de San Juan.<\/p>\n<p>Los gestores energ\u00e9ticos son quienes realicen diagn\u00f3sticos energ\u00e9ticos. Esta formaci\u00f3n est\u00e1 destinada a ingenieros, arquitectos, dise\u00f1adores industriales y tambi\u00e9n para t\u00e9cnicos en Energ\u00eda. La formaci\u00f3n est\u00e1 a cargo de profesionales magister ingenieros y arquitectos de la UNSJ, y tiene una duraci\u00f3n de 10 m\u00f3dulos de 6 horas de reloj, en jornadas semanales los Viernes de tarde y S\u00e1bados de ma\u00f1ana.<\/p>\n<p>El Programa de Eficiencia Energ\u00e9tica est\u00e1 dirigido a los sectores agroindustrial, industrial, comercial y tur\u00edstico (hotelero) de la Provincia de San Juan y tiene como objetivos:<\/p>\n<ul>\n<li>Identificar y formar profesionales sanjuaninos como gestores energ\u00e9ticos, mediante una capacitaci\u00f3n gratuita con caracter\u00edsticas espec\u00edficas de este programa, para la realizaci\u00f3n de diagn\u00f3stico de eficiencia energ\u00e9tica.<\/li>\n<li>Identificar micro, peque\u00f1as y medianas empresas sanjuaninas que quieran acceder a un relevamiento y diagn\u00f3stico de eficiencia energ\u00e9tica, realizado por parte de los gestores energ\u00e9ticos, a los fines de evaluar el grado de eficiencia con la que es utilizada la energ\u00eda e identificar las oportunidades de mejoras que permitan optimizar su consumo energ\u00e9tico y reducir sus costos.<\/li>\n<li>Sensibilizar y concientizar sobre eficiencia energ\u00e9tica a las empresas identificadas, a fin de que puedan mejorar la competitividad empresarial logrando una mayor eficiencia del uso energ\u00e9tico y la sustituci\u00f3n de fuentes con impacto nocivo al medioambiente, a partir de la incorporaci\u00f3n de nuevas tecnolog\u00edas.<\/li>\n<li>Poner a disposici\u00f3n y promover la difusi\u00f3n de cr\u00e9ditos del CFI con tasas bonificadas, para que las pymes y micropymes puedan realizar las inversiones necesarias que surjan de los diagn\u00f3sticos.<\/li>\n<li>Contribuir al uso eficiente de la energ\u00eda y la incorporaci\u00f3n de energ\u00edas renovables a los fines del cuidado del medioambiente y el fomento del desarrollo sostenible.<\/li>\n<\/ul>\n<p>Del acto particip\u00f3 el secretario de Ciencia, Tecnolog\u00eda e Innovaci\u00f3n, Ing. Tulio del Bono; el director de Competitividad y Vinculaci\u00f3n Tecnol\u00f3gica, Lic. Marcelo Fretes; el decano de la Facultad de Arquitectura, Urbanismo y Dise\u00f1o, Arq. Roberto G\u00f3mez; el director del Instituto de Energ\u00eda El\u00e9ctrica, Ing. Marcelo Molina y la directora del Instituto Regional de Planeamiento y H\u00e1bitat (IRPHa) Arq. Mirta Romero y los participantes de la convocatoria.<\/p>\n<p><img loading=\"lazy\" decoding=\"async\" class=\"alignnone size-full wp-image-22778\" src=\"https:\/\/vocesparalelas.com.ar\/sitio\/wp-content\/uploads\/2019\/08\/FAUD-SECITI-EMPRENDER-02.jpg\" alt=\"\" width=\"1000\" height=\"750\" srcset=\"https:\/\/vocesparalelas.com.ar\/sitio\/wp-content\/uploads\/2019\/08\/FAUD-SECITI-EMPRENDER-02.jpg 1000w, https:\/\/vocesparalelas.com.ar\/sitio\/wp-content\/uploads\/2019\/08\/FAUD-SECITI-EMPRENDER-02-300x225.jpg 300w, https:\/\/vocesparalelas.com.ar\/sitio\/wp-content\/uploads\/2019\/08\/FAUD-SECITI-EMPRENDER-02-768x576.jpg 768w, https:\/\/vocesparalelas.com.ar\/sitio\/wp-content\/uploads\/2019\/08\/FAUD-SECITI-EMPRENDER-02-800x600.jpg 800w\" sizes=\"auto, (max-width: 1000px) 100vw, 1000px\" \/><\/p>\n<p>&nbsp;<\/p>\n<p>&nbsp;<\/p>\n<p>&nbsp;<\/p>\n<p>&nbsp;<\/p>\n<p>&nbsp;<\/p>\n","protected":false},"excerpt":{"rendered":"<p>En la sala de conferencias de la facultad de Arquitectura, Dise\u00f1o y Urbanismo de la Universidad Nacional de San Juan,<\/p>\n","protected":false},"author":3,"featured_media":22777,"comment_status":"closed","ping_status":"closed","sticky":false,"template":"","format":"standard","meta":{"_acf_changed":false,"_seopress_robots_primary_cat":"","_seopress_titles_title":"","_seopress_titles_desc":"","_seopress_robots_index":"","colormag_page_container_layout":"default_layout","colormag_page_sidebar_layout":"default_layout","footnotes":""},"categories":[1],"tags":[],"class_list":["post-22776","post","type-post","status-publish","format-standard","has-post-thumbnail","hentry","category-destacadas"],"acf":[],"_links":{"self":[{"href":"https:\/\/vocesparalelas.com.ar\/sitio\/wp-json\/wp\/v2\/posts\/22776","targetHints":{"allow":["GET"]}}],"collection":[{"href":"https:\/\/vocesparalelas.com.ar\/sitio\/wp-json\/wp\/v2\/posts"}],"about":[{"href":"https:\/\/vocesparalelas.com.ar\/sitio\/wp-json\/wp\/v2\/types\/post"}],"author":[{"embeddable":true,"href":"https:\/\/vocesparalelas.com.ar\/sitio\/wp-json\/wp\/v2\/users\/3"}],"replies":[{"embeddable":true,"href":"https:\/\/vocesparalelas.com.ar\/sitio\/wp-json\/wp\/v2\/comments?post=22776"}],"version-history":[{"count":1,"href":"https:\/\/vocesparalelas.com.ar\/sitio\/wp-json\/wp\/v2\/posts\/22776\/revisions"}],"predecessor-version":[{"id":22779,"href":"https:\/\/vocesparalelas.com.ar\/sitio\/wp-json\/wp\/v2\/posts\/22776\/revisions\/22779"}],"wp:featuredmedia":[{"embeddable":true,"href":"https:\/\/vocesparalelas.com.ar\/sitio\/wp-json\/wp\/v2\/media\/22777"}],"wp:attachment":[{"href":"https:\/\/vocesparalelas.com.ar\/sitio\/wp-json\/wp\/v2\/media?parent=22776"}],"wp:term":[{"taxonomy":"category","embeddable":true,"href":"https:\/\/vocesparalelas.com.ar\/sitio\/wp-json\/wp\/v2\/categories?post=22776"},{"taxonomy":"post_tag","embeddable":true,"href":"https:\/\/vocesparalelas.com.ar\/sitio\/wp-json\/wp\/v2\/tags?post=22776"}],"curies":[{"name":"wp","href":"https:\/\/api.w.org\/{rel}","templated":true}]}}