{"id":22773,"date":"2019-08-07T22:42:28","date_gmt":"2019-08-08T01:42:28","guid":{"rendered":"http:\/\/vocesparalelas.com.ar\/sitio\/?p=22773"},"modified":"2019-08-07T22:42:28","modified_gmt":"2019-08-08T01:42:28","slug":"firmaron-acta-compromiso-para-el-crecimiento-de-las-economias-regionales","status":"publish","type":"post","link":"https:\/\/vocesparalelas.com.ar\/sitio\/firmaron-acta-compromiso-para-el-crecimiento-de-las-economias-regionales\/","title":{"rendered":"Firmaron acta compromiso para el crecimiento de las econom\u00edas regionales"},"content":{"rendered":"<p>En la Universidad Nacional del Rosario, Provincia de Santa Fe, el gobernador de San Juan, Dr. Sergio U\u00f1ac particip\u00f3 junto a gobernadores, gobernadores electos, y representantes de diecinueve provincias, en la r\u00fabrica de un texto que tiene como base tres ejes comunes y particularidades de acuerdo a cada provincia.<\/p>\n<p>El acuerdo firmado en la Universidad Nacional de Rosario por el gobernador de San Juan, Dr. Sergio U\u00f1ac y Alberto Fern\u00e1ndez, trata de un compromiso \u00abfederal\u00bb y contempla cinco puntos claves:<\/p>\n<p>1- Iniciar las obras del T\u00fanel Internacional de Agua Negra: dar comienzo las obras del T\u00fanel Internacional de Agua Negra, procediendo al llamado para la evaluaci\u00f3n de la propuesta econ\u00f3mica.<\/p>\n<p>2- Dise\u00f1ar un programa de infraestructura vial y ferroviaria: ejecutar un programa de Infraestructura vial y ferroviaria para el desarrollo productivo, minero y tur\u00edstico, que prevea la realizaci\u00f3n de las obras del Corredor Iglesia-Calingasta, la ruta Los Berros-Barreal, y el \u00faltimo tramo de la Ruta Interlagos;\u00a0 conjuntamente con las inversiones y adecuaci\u00f3n de traza y las obras complementarias para operar el Ferrocarril Belgrano Cargas desde y hacia la provincia, complementando esta infraestructura con la reinstalaci\u00f3n del tramo San Juan Mendoza del Ferrocarril San Mart\u00edn.<\/p>\n<p>3- Generar un programa de inversi\u00f3n en infraestructura de conectividad: desarrollar un programa de inversi\u00f3n en infraestructura de conectividad, para terminar de cubrir todo el territorio provincial con servicio de internet y telefon\u00eda, que incluya el desarrollo de la \u00faltima milla en las localidades de menor densidad poblacional o alejadas.<\/p>\n<p>4- Impulsar las modificaciones necesarias para fortalecer el polo minero metal\u00edfero y no metal\u00edfero de la provincia: generar las modificaciones legales, tributarias y log\u00edsticas necesarias para fortalecer el desarrollo del polo minero metal\u00edfero y no metal\u00edfero de la Provincia.<\/p>\n<p>5- Avanzar en un proyecto de saneamiento y construcci\u00f3n de viviendas sociales: dise\u00f1ar y ejecutar un proyecto de infraestructura social b\u00e1sica que prevea el aumento de la cobertura de servicio cloacal y la ejecuci\u00f3n de viviendas en el trascurso de los pr\u00f3ximos cuatro a\u00f1os.<\/p>\n<p><iframe loading=\"lazy\" title=\"Agua Negra, viviendas sociales e infraestructura, los ejes del acuerdo firmado por U\u00f1ac en Santa Fe\" width=\"800\" height=\"450\" src=\"https:\/\/www.youtube.com\/embed\/ogSFoiaLpQA?feature=oembed\" frameborder=\"0\" allow=\"accelerometer; autoplay; encrypted-media; gyroscope; picture-in-picture\" allowfullscreen><\/iframe><\/p>\n<p>Adem\u00e1s del gobernador U\u00f1ac, firmaron sus correspondientes actas compromiso los gobernadores de Entre R\u00edos, Gustavo Bordet; de Formosa, Gildo Insfr\u00e1n; de Catamarca, Luc\u00eda Corpacci; de La Rioja, Sergio Casas; de Tucum\u00e1n, Juan Manzur; de Chubut, Mariano Arcioni; de San Luis, Alberto Rodr\u00edguez Saa; de Santiago del Estero, Gerardo Zamora; los gobernadores electos de Tierra del Fuego,\u00a0 Gustavo Melella; y de La Pampa, Sergio Ziliotto; como as\u00ed tambi\u00e9n los vicegobernadores de\u00a0Santa Cruz,\u00a0Pablo Gonz\u00e1lez; y de Chaco, Daniel Capitanich. A ellos se sumaron candidatos a gobernadores de distintas provincias.<\/p>\n<p>Todos los presentes rubricaron el acuerdo com\u00fan que consta de tres puntos:<\/p>\n<p>1 &#8211; Crear la Mesa Provincias En Red: se trata de generar una mesa de trabajo, con reuniones peri\u00f3dicas entre los gabinetes provinciales y nacionales. La construcci\u00f3n de consenso en el federalismo debe ser ascendente, por eso apostamos a descentralizar la gesti\u00f3n, generando reuniones en cada provincia.<\/p>\n<p>2 &#8211; Encender las Econom\u00edas Regionales: generar las condiciones propicias para un modelo de producci\u00f3n y desarrollo que defienda en el trabajo argentino, en oposici\u00f3n del modelo financiero y especulativo que hoy lo est\u00e1 destruyendo.<\/p>\n<p>3 &#8211; Dise\u00f1ar la Agenda de Desarrollo Federal: apostar a la ciencia, a la tecnolog\u00eda y al conocimiento; ponerlos en marcha de la mano del desarrollo productivo de cada provincia. Promover una agenda de desarrollo federal de largo plazo, donde la innovaci\u00f3n y la tecnolog\u00eda est\u00e9n al servicio de generar valor agregado.<\/p>\n<p>&nbsp;<\/p>\n<p>&nbsp;<\/p>\n<p>&nbsp;<\/p>\n","protected":false},"excerpt":{"rendered":"<p>En la Universidad Nacional del Rosario, Provincia de Santa Fe, el gobernador de San Juan, Dr. Sergio U\u00f1ac particip\u00f3 junto<\/p>\n","protected":false},"author":3,"featured_media":22774,"comment_status":"closed","ping_status":"closed","sticky":false,"template":"","format":"standard","meta":{"_acf_changed":false,"_seopress_robots_primary_cat":"","_seopress_titles_title":"","_seopress_titles_desc":"","_seopress_robots_index":"","colormag_page_container_layout":"default_layout","colormag_page_sidebar_layout":"default_layout","footnotes":""},"categories":[1],"tags":[],"class_list":["post-22773","post","type-post","status-publish","format-standard","has-post-thumbnail","hentry","category-destacadas"],"acf":[],"_links":{"self":[{"href":"https:\/\/vocesparalelas.com.ar\/sitio\/wp-json\/wp\/v2\/posts\/22773","targetHints":{"allow":["GET"]}}],"collection":[{"href":"https:\/\/vocesparalelas.com.ar\/sitio\/wp-json\/wp\/v2\/posts"}],"about":[{"href":"https:\/\/vocesparalelas.com.ar\/sitio\/wp-json\/wp\/v2\/types\/post"}],"author":[{"embeddable":true,"href":"https:\/\/vocesparalelas.com.ar\/sitio\/wp-json\/wp\/v2\/users\/3"}],"replies":[{"embeddable":true,"href":"https:\/\/vocesparalelas.com.ar\/sitio\/wp-json\/wp\/v2\/comments?post=22773"}],"version-history":[{"count":1,"href":"https:\/\/vocesparalelas.com.ar\/sitio\/wp-json\/wp\/v2\/posts\/22773\/revisions"}],"predecessor-version":[{"id":22775,"href":"https:\/\/vocesparalelas.com.ar\/sitio\/wp-json\/wp\/v2\/posts\/22773\/revisions\/22775"}],"wp:featuredmedia":[{"embeddable":true,"href":"https:\/\/vocesparalelas.com.ar\/sitio\/wp-json\/wp\/v2\/media\/22774"}],"wp:attachment":[{"href":"https:\/\/vocesparalelas.com.ar\/sitio\/wp-json\/wp\/v2\/media?parent=22773"}],"wp:term":[{"taxonomy":"category","embeddable":true,"href":"https:\/\/vocesparalelas.com.ar\/sitio\/wp-json\/wp\/v2\/categories?post=22773"},{"taxonomy":"post_tag","embeddable":true,"href":"https:\/\/vocesparalelas.com.ar\/sitio\/wp-json\/wp\/v2\/tags?post=22773"}],"curies":[{"name":"wp","href":"https:\/\/api.w.org\/{rel}","templated":true}]}}