{"id":22770,"date":"2019-08-07T20:28:51","date_gmt":"2019-08-07T23:28:51","guid":{"rendered":"http:\/\/vocesparalelas.com.ar\/sitio\/?p=22770"},"modified":"2019-08-07T20:39:44","modified_gmt":"2019-08-07T23:39:44","slug":"muestra-papel-de-fibras-vegetales","status":"publish","type":"post","link":"https:\/\/vocesparalelas.com.ar\/sitio\/muestra-papel-de-fibras-vegetales\/","title":{"rendered":"Muestra \u201cPapel de fibras vegetales\u201d"},"content":{"rendered":"<p>El Viernes, 9 de Agosto, a las 11 hs.; en el Museo Tornamb\u00e9, se inaugura la Muestra \u201cPapel de fibra vegetales\u201d.<\/p>\n<p>La exposici\u00f3n muestra el proceso de elaboraci\u00f3n y uso de papel artesanal, mediante la articulaci\u00f3n del Tornamb\u00e9 y la Escuela Agrot\u00e9cnica \u00abLos Pioneros\u00bb, de la Localidad \u00a0M\u00e9dano de Oro, Departamento Rawson.<\/p>\n<p>Es importante aclara que, pertenece a un proyecto de Extensi\u00f3n Universitaria de la Facultad de Filosof\u00eda, Humanidades y Artes de la Universidad nacional de San Juan.<\/p>\n<p><img loading=\"lazy\" decoding=\"async\" class=\"alignnone wp-image-22771\" src=\"https:\/\/vocesparalelas.com.ar\/sitio\/wp-content\/uploads\/2019\/08\/FFHA-PAPEL.jpg\" alt=\"\" width=\"736\" height=\"1004\" srcset=\"https:\/\/vocesparalelas.com.ar\/sitio\/wp-content\/uploads\/2019\/08\/FFHA-PAPEL.jpg 488w, https:\/\/vocesparalelas.com.ar\/sitio\/wp-content\/uploads\/2019\/08\/FFHA-PAPEL-220x300.jpg 220w\" sizes=\"auto, (max-width: 736px) 100vw, 736px\" \/><\/p>\n<p>&nbsp;<\/p>\n<p>&nbsp;<\/p>\n<p>&nbsp;<\/p>\n<p>&nbsp;<\/p>\n","protected":false},"excerpt":{"rendered":"<p>El Viernes, 9 de Agosto, a las 11 hs.; en el Museo Tornamb\u00e9, se inaugura la Muestra \u201cPapel de fibra<\/p>\n","protected":false},"author":3,"featured_media":3706,"comment_status":"closed","ping_status":"closed","sticky":false,"template":"","format":"standard","meta":{"_acf_changed":false,"_seopress_robots_primary_cat":"","_seopress_titles_title":"","_seopress_titles_desc":"","_seopress_robots_index":"","colormag_page_container_layout":"default_layout","colormag_page_sidebar_layout":"default_layout","footnotes":""},"categories":[1],"tags":[],"class_list":["post-22770","post","type-post","status-publish","format-standard","has-post-thumbnail","hentry","category-destacadas"],"acf":[],"_links":{"self":[{"href":"https:\/\/vocesparalelas.com.ar\/sitio\/wp-json\/wp\/v2\/posts\/22770","targetHints":{"allow":["GET"]}}],"collection":[{"href":"https:\/\/vocesparalelas.com.ar\/sitio\/wp-json\/wp\/v2\/posts"}],"about":[{"href":"https:\/\/vocesparalelas.com.ar\/sitio\/wp-json\/wp\/v2\/types\/post"}],"author":[{"embeddable":true,"href":"https:\/\/vocesparalelas.com.ar\/sitio\/wp-json\/wp\/v2\/users\/3"}],"replies":[{"embeddable":true,"href":"https:\/\/vocesparalelas.com.ar\/sitio\/wp-json\/wp\/v2\/comments?post=22770"}],"version-history":[{"count":1,"href":"https:\/\/vocesparalelas.com.ar\/sitio\/wp-json\/wp\/v2\/posts\/22770\/revisions"}],"predecessor-version":[{"id":22772,"href":"https:\/\/vocesparalelas.com.ar\/sitio\/wp-json\/wp\/v2\/posts\/22770\/revisions\/22772"}],"wp:featuredmedia":[{"embeddable":true,"href":"https:\/\/vocesparalelas.com.ar\/sitio\/wp-json\/wp\/v2\/media\/3706"}],"wp:attachment":[{"href":"https:\/\/vocesparalelas.com.ar\/sitio\/wp-json\/wp\/v2\/media?parent=22770"}],"wp:term":[{"taxonomy":"category","embeddable":true,"href":"https:\/\/vocesparalelas.com.ar\/sitio\/wp-json\/wp\/v2\/categories?post=22770"},{"taxonomy":"post_tag","embeddable":true,"href":"https:\/\/vocesparalelas.com.ar\/sitio\/wp-json\/wp\/v2\/tags?post=22770"}],"curies":[{"name":"wp","href":"https:\/\/api.w.org\/{rel}","templated":true}]}}