{"id":22767,"date":"2019-08-07T20:25:02","date_gmt":"2019-08-07T23:25:02","guid":{"rendered":"http:\/\/vocesparalelas.com.ar\/sitio\/?p=22767"},"modified":"2019-08-07T20:25:18","modified_gmt":"2019-08-07T23:25:18","slug":"el-dia-de-la-educacion-agropecuaria-fue-fortalecida-por-los-aportes-de-los-clubes-ambientales-escolares","status":"publish","type":"post","link":"https:\/\/vocesparalelas.com.ar\/sitio\/el-dia-de-la-educacion-agropecuaria-fue-fortalecida-por-los-aportes-de-los-clubes-ambientales-escolares\/","title":{"rendered":"El D\u00eda de la Educaci\u00f3n Agropecuaria fue fortalecida por los aportes de los Clubes Ambientales Escolares"},"content":{"rendered":"<p>La jornada estuvo principalmente dirigida a docentes y directivos de Escuelas Agropecuarias y con la participaci\u00f3n\u00a0de los Clubes Ambientales Escolares, en la Plaza Seca del Centro C\u00edvico y cont\u00f3 con la presencia de un gran n\u00famero de establecimientos educativos.<\/p>\n<p>En el lugar se hicieron presentes los docentes gu\u00eda de los CAE con una muestra de la labor que llevan adelante desde principios de este a\u00f1o.<\/p>\n<p>La exposici\u00f3n cont\u00f3 con variadas atracciones. Algunas instituciones presentaron su trabajo en huertas org\u00e1nicas donde cosechan las verduras y frutas que consumen en los mismos establecimientos cuando tiene actividad de comedor escolar.<\/p>\n<p>Se cosecha en estos lugares tomate, zapallo y diversas frutas como por ejemplo el membrillo, que los alumnos utilizan para preparar dulces, jaleas y conservas.<\/p>\n<p>Otras veces, estos mismos alimentos saludables se convierten en licores, tambi\u00e9n en la ocasi\u00f3n pudo verse reflejado el trabajo con olivos, a trav\u00e9s de exquisitas aceitunas en salmuera.<\/p>\n<p>Pero esos proyectos fueron solo parte de la demostraci\u00f3n que presentaron los docentes y directivos en el d\u00eda de la educaci\u00f3n agropecuaria.<\/p>\n<p>Una de las principales atracciones fue el trabajo de la Escuela Primaria Mart\u00edn Miguel de G\u00fcemes, de la Localidad Quinto Cuartel, Departamento Pocito, que trabajan en un proyecto de lombricultura con su Club Ambiental Escolar desde marzo de 2019.<\/p>\n<p>Los docentes gu\u00edas explicaron que sus alumnos, que van desde primero a sexto grado, est\u00e1n muy entusiasmados con el proyecto que nace por la necesidad de mejorar el suelo para cultivar en la escuela.<\/p>\n<p>Los estudiantes aprenden en la pr\u00e1ctica como tratar los residuos org\u00e1nicos y la importancia de las condiciones del suelo que deben crear con un PH balanceado para hacer propicia la crianza de estos animales invertebrados. Muchos de estos chicos armaron proyectos propios en casa, haciendo participar a sus familias.<\/p>\n<p>El D\u00eda de la Educaci\u00f3n Agropecuaria fue una fiesta con este acto central en la Plaza Seca, pero tambi\u00e9n con actos en distintos establecimientos educativos de San Juan.<\/p>\n<p>En todos los casos la presencia estelar del trabajo de la tierra estuvo marcada por la tarea de los Clubes Ambientales Escolares.<\/p>\n<p>&nbsp;<\/p>\n<p>&nbsp;<\/p>\n","protected":false},"excerpt":{"rendered":"<p>La jornada estuvo principalmente dirigida a docentes y directivos de Escuelas Agropecuarias y con la participaci\u00f3n\u00a0de los Clubes Ambientales Escolares,<\/p>\n","protected":false},"author":3,"featured_media":22768,"comment_status":"closed","ping_status":"closed","sticky":false,"template":"","format":"standard","meta":{"_acf_changed":false,"_seopress_robots_primary_cat":"","_seopress_titles_title":"","_seopress_titles_desc":"","_seopress_robots_index":"","colormag_page_container_layout":"default_layout","colormag_page_sidebar_layout":"default_layout","footnotes":""},"categories":[1],"tags":[],"class_list":["post-22767","post","type-post","status-publish","format-standard","has-post-thumbnail","hentry","category-destacadas"],"acf":[],"_links":{"self":[{"href":"https:\/\/vocesparalelas.com.ar\/sitio\/wp-json\/wp\/v2\/posts\/22767","targetHints":{"allow":["GET"]}}],"collection":[{"href":"https:\/\/vocesparalelas.com.ar\/sitio\/wp-json\/wp\/v2\/posts"}],"about":[{"href":"https:\/\/vocesparalelas.com.ar\/sitio\/wp-json\/wp\/v2\/types\/post"}],"author":[{"embeddable":true,"href":"https:\/\/vocesparalelas.com.ar\/sitio\/wp-json\/wp\/v2\/users\/3"}],"replies":[{"embeddable":true,"href":"https:\/\/vocesparalelas.com.ar\/sitio\/wp-json\/wp\/v2\/comments?post=22767"}],"version-history":[{"count":1,"href":"https:\/\/vocesparalelas.com.ar\/sitio\/wp-json\/wp\/v2\/posts\/22767\/revisions"}],"predecessor-version":[{"id":22769,"href":"https:\/\/vocesparalelas.com.ar\/sitio\/wp-json\/wp\/v2\/posts\/22767\/revisions\/22769"}],"wp:featuredmedia":[{"embeddable":true,"href":"https:\/\/vocesparalelas.com.ar\/sitio\/wp-json\/wp\/v2\/media\/22768"}],"wp:attachment":[{"href":"https:\/\/vocesparalelas.com.ar\/sitio\/wp-json\/wp\/v2\/media?parent=22767"}],"wp:term":[{"taxonomy":"category","embeddable":true,"href":"https:\/\/vocesparalelas.com.ar\/sitio\/wp-json\/wp\/v2\/categories?post=22767"},{"taxonomy":"post_tag","embeddable":true,"href":"https:\/\/vocesparalelas.com.ar\/sitio\/wp-json\/wp\/v2\/tags?post=22767"}],"curies":[{"name":"wp","href":"https:\/\/api.w.org\/{rel}","templated":true}]}}