{"id":22758,"date":"2019-08-07T17:52:46","date_gmt":"2019-08-07T20:52:46","guid":{"rendered":"http:\/\/vocesparalelas.com.ar\/sitio\/?p=22758"},"modified":"2019-08-13T01:11:22","modified_gmt":"2019-08-13T04:11:22","slug":"estudia-en-exactas","status":"publish","type":"post","link":"https:\/\/vocesparalelas.com.ar\/sitio\/estudia-en-exactas\/","title":{"rendered":"Estudi\u00e1 en Exactas!!!"},"content":{"rendered":"<p>La Facultad de Ciencias Exactas, F\u00edsicas y Naturales de la Universidad Nacional de San Juan a trav\u00e9s de la Secretar\u00eda de Asuntos Estudiantiles de invita a \u00abEstudi\u00e1 en Exactas!!!!<\/p>\n<ul>\n<li>ASTRONOM\u00cdA<\/li>\n<\/ul>\n<p><iframe loading=\"lazy\" title=\"\u00a1Apasionate por la Astronom\u00eda!\" width=\"800\" height=\"450\" src=\"https:\/\/www.youtube.com\/embed\/7BKu1vbB6_Y?feature=oembed\" frameborder=\"0\" allow=\"accelerometer; autoplay; encrypted-media; gyroscope; picture-in-picture\" allowfullscreen><\/iframe><\/p>\n<ul>\n<li>BIOLOG\u00cdA<\/li>\n<\/ul>\n<p><iframe loading=\"lazy\" title=\"\u00a1Apasionate por la Biolog\u00eda!\" width=\"800\" height=\"450\" src=\"https:\/\/www.youtube.com\/embed\/fpoiI21WWqM?feature=oembed\" frameborder=\"0\" allow=\"accelerometer; autoplay; encrypted-media; gyroscope; picture-in-picture\" allowfullscreen><\/iframe><\/p>\n<p>&nbsp;<\/p>\n<ul>\n<li>GEOF\u00cdSICA<\/li>\n<\/ul>\n<p><iframe loading=\"lazy\" title=\"\u00a1Apasionate por la Geof\u00edsica!\" width=\"800\" height=\"450\" src=\"https:\/\/www.youtube.com\/embed\/VSYxLcY11jE?feature=oembed\" frameborder=\"0\" allow=\"accelerometer; autoplay; encrypted-media; gyroscope; picture-in-picture\" allowfullscreen><\/iframe><\/p>\n<p>&nbsp;<\/p>\n<ul>\n<li>GEOLOG\u00cdA<\/li>\n<\/ul>\n<p><iframe loading=\"lazy\" title=\"\u00a1Apasionate por la Geolog\u00eda!\" width=\"800\" height=\"450\" src=\"https:\/\/www.youtube.com\/embed\/uLOQDIlxen0?feature=oembed\" frameborder=\"0\" allow=\"accelerometer; autoplay; encrypted-media; gyroscope; picture-in-picture\" allowfullscreen><\/iframe><\/p>\n<ul>\n<li>CIENCIAS DE LA COMPUTACI\u00d3N (LCC)<\/li>\n<li>SISTEMAS DE\u00a0<span style=\"line-height: 1.5\">INFORMACI\u00d3N (LSI) <\/span><\/li>\n<li><span style=\"line-height: 1.5\">TECNICATURA UNIVERSITARIA EN PROGRAMACI\u00d3N WEB (TUPW)<\/span><\/li>\n<\/ul>\n<p><iframe loading=\"lazy\" title=\"\u00a1Apasionate por la Inform\u00e1tica!\" width=\"800\" height=\"450\" src=\"https:\/\/www.youtube.com\/embed\/hDjbUUM7UGI?feature=oembed\" frameborder=\"0\" allow=\"accelerometer; autoplay; encrypted-media; gyroscope; picture-in-picture\" allowfullscreen><\/iframe><\/p>\n<p>&nbsp;<\/p>\n<p>Curso de Apoyo 2020<\/p>\n<ol>\n<li>MODALIDAD PRESENCIAL GRADUAL (dos d\u00edas a la semana)<\/li>\n<\/ol>\n<ul>\n<li>Desarrollo: desde el 05 de agosto al 25 de noviembre de 2019.<\/li>\n<li><span style=\"line-height: 1.5\">Horario: lunes y jueves de 17:30 a 21:30 h. Aulas del CUIM 2 en el<\/span><\/li>\n<li><span style=\"line-height: 1.5\">Complejo Islas Malvinas (Av. Ignacio de la Roza esquina Meglioli. Departamento de Rivadavia)<\/span><\/li>\n<\/ul>\n<p>En esta modalidad se desarrollan<\/p>\n<ul>\n<li>TALLER SER UNIVERSITARIO: Desde 05\/8 al 09\/9.<\/li>\n<li>MATEM\u00c1TICA: Desde 08\/8 al 24\/10.<\/li>\n<li>LECTURA Y COMPRENSI\u00d3N DE TEXTOS: Desde 28\/10 al 25\/11.<\/li>\n<\/ul>\n<p>Inscripci\u00f3n al curso: Desde el 01 de julio al 31 de julio de 2019, por internet pero aun tienes tiempo de sumarte:<\/p>\n<p><a href=\"https:\/\/exactas.unsj.edu.ar\/academica\/ingresantes\/\">https:\/\/exactas.unsj.edu.ar\/academica\/ingresantes\/<\/a><\/p>\n<p>Consultas sobre el curso:*\u00a0<a href=\"mailto:formularioingreso@gmail.com\">formularioingreso@gmail.com<\/a><\/p>\n<ol start=\"2\">\n<li>MODALIDAD PRESENCIAL INTENSIVA<\/li>\n<\/ol>\n<ul>\n<li>Desarrollo: Desde el 03 de febrero de 2020 hasta el 07 de marzo 2020, de lunes a s\u00e1bado en horario de 8 a 13h.<\/li>\n<li>Inscripci\u00f3n: Desde el 01 de diciembre de 2019 por internet<\/li>\n<\/ul>\n<p><img loading=\"lazy\" decoding=\"async\" class=\"alignnone size-full wp-image-22760\" src=\"https:\/\/vocesparalelas.com.ar\/sitio\/wp-content\/uploads\/2019\/08\/FCEFN-UNSJ-INGRESO.jpg\" alt=\"\" width=\"1000\" height=\"750\" srcset=\"https:\/\/vocesparalelas.com.ar\/sitio\/wp-content\/uploads\/2019\/08\/FCEFN-UNSJ-INGRESO.jpg 1000w, https:\/\/vocesparalelas.com.ar\/sitio\/wp-content\/uploads\/2019\/08\/FCEFN-UNSJ-INGRESO-300x225.jpg 300w, https:\/\/vocesparalelas.com.ar\/sitio\/wp-content\/uploads\/2019\/08\/FCEFN-UNSJ-INGRESO-768x576.jpg 768w, https:\/\/vocesparalelas.com.ar\/sitio\/wp-content\/uploads\/2019\/08\/FCEFN-UNSJ-INGRESO-800x600.jpg 800w\" sizes=\"auto, (max-width: 1000px) 100vw, 1000px\" \/><\/p>\n<p>Por ello, Voces Paralelas entrevist\u00f3 al Secretario de Asuntos Estudiantiles de la FCEFN de la UNSJ, Lic. Emiliano Di Paula, quien explic\u00f3 e invit\u00f3 a los alumnos del \u00faltimo a\u00f1o a sumarse a las carreras de grado que ofrece la Unidad Acad\u00e9mica.<\/p>\n<p><iframe loading=\"lazy\" title=\"FCEFN UNSJ LIC. EMILIANO DI PAULA\" width=\"800\" height=\"450\" src=\"https:\/\/www.youtube.com\/embed\/c0EXtKlbMrg?feature=oembed\" frameborder=\"0\" allow=\"accelerometer; autoplay; encrypted-media; gyroscope; picture-in-picture\" allowfullscreen><\/iframe><\/p>\n<p><img loading=\"lazy\" decoding=\"async\" class=\"alignnone size-full wp-image-22761\" src=\"https:\/\/vocesparalelas.com.ar\/sitio\/wp-content\/uploads\/2019\/08\/FCEFN-UNSJ-LOGO.jpg\" alt=\"\" width=\"1000\" height=\"750\" srcset=\"https:\/\/vocesparalelas.com.ar\/sitio\/wp-content\/uploads\/2019\/08\/FCEFN-UNSJ-LOGO.jpg 1000w, https:\/\/vocesparalelas.com.ar\/sitio\/wp-content\/uploads\/2019\/08\/FCEFN-UNSJ-LOGO-300x225.jpg 300w, https:\/\/vocesparalelas.com.ar\/sitio\/wp-content\/uploads\/2019\/08\/FCEFN-UNSJ-LOGO-768x576.jpg 768w, https:\/\/vocesparalelas.com.ar\/sitio\/wp-content\/uploads\/2019\/08\/FCEFN-UNSJ-LOGO-800x600.jpg 800w\" sizes=\"auto, (max-width: 1000px) 100vw, 1000px\" \/><\/p>\n<p>&nbsp;<\/p>\n<p>&nbsp;<\/p>\n<p>&nbsp;<\/p>\n<p>&nbsp;<\/p>\n<p>&nbsp;<\/p>\n","protected":false},"excerpt":{"rendered":"<p>La Facultad de Ciencias Exactas, F\u00edsicas y Naturales de la Universidad Nacional de San Juan a trav\u00e9s de la Secretar\u00eda<\/p>\n","protected":false},"author":3,"featured_media":22759,"comment_status":"closed","ping_status":"closed","sticky":false,"template":"","format":"video","meta":{"_acf_changed":false,"_seopress_robots_primary_cat":"","_seopress_titles_title":"","_seopress_titles_desc":"","_seopress_robots_index":"","colormag_page_container_layout":"default_layout","colormag_page_sidebar_layout":"default_layout","footnotes":""},"categories":[2,7],"tags":[],"class_list":["post-22758","post","type-post","status-publish","format-video","has-post-thumbnail","hentry","category-convocatorias","category-videos","post_format-post-format-video"],"acf":[],"_links":{"self":[{"href":"https:\/\/vocesparalelas.com.ar\/sitio\/wp-json\/wp\/v2\/posts\/22758","targetHints":{"allow":["GET"]}}],"collection":[{"href":"https:\/\/vocesparalelas.com.ar\/sitio\/wp-json\/wp\/v2\/posts"}],"about":[{"href":"https:\/\/vocesparalelas.com.ar\/sitio\/wp-json\/wp\/v2\/types\/post"}],"author":[{"embeddable":true,"href":"https:\/\/vocesparalelas.com.ar\/sitio\/wp-json\/wp\/v2\/users\/3"}],"replies":[{"embeddable":true,"href":"https:\/\/vocesparalelas.com.ar\/sitio\/wp-json\/wp\/v2\/comments?post=22758"}],"version-history":[{"count":5,"href":"https:\/\/vocesparalelas.com.ar\/sitio\/wp-json\/wp\/v2\/posts\/22758\/revisions"}],"predecessor-version":[{"id":22766,"href":"https:\/\/vocesparalelas.com.ar\/sitio\/wp-json\/wp\/v2\/posts\/22758\/revisions\/22766"}],"wp:featuredmedia":[{"embeddable":true,"href":"https:\/\/vocesparalelas.com.ar\/sitio\/wp-json\/wp\/v2\/media\/22759"}],"wp:attachment":[{"href":"https:\/\/vocesparalelas.com.ar\/sitio\/wp-json\/wp\/v2\/media?parent=22758"}],"wp:term":[{"taxonomy":"category","embeddable":true,"href":"https:\/\/vocesparalelas.com.ar\/sitio\/wp-json\/wp\/v2\/categories?post=22758"},{"taxonomy":"post_tag","embeddable":true,"href":"https:\/\/vocesparalelas.com.ar\/sitio\/wp-json\/wp\/v2\/tags?post=22758"}],"curies":[{"name":"wp","href":"https:\/\/api.w.org\/{rel}","templated":true}]}}