{"id":21870,"date":"2019-06-22T00:33:22","date_gmt":"2019-06-22T03:33:22","guid":{"rendered":"http:\/\/vocesparalelas.com.ar\/sitio\/?p=21870"},"modified":"2019-06-22T23:17:18","modified_gmt":"2019-06-23T02:17:18","slug":"acto-de-renovacion-del-compromiso-a-la-bandera-argentina-que-se-escucho-con-el-fortalecimiento-al-amor-a-la-patria","status":"publish","type":"post","link":"https:\/\/vocesparalelas.com.ar\/sitio\/acto-de-renovacion-del-compromiso-a-la-bandera-argentina-que-se-escucho-con-el-fortalecimiento-al-amor-a-la-patria\/","title":{"rendered":"Acto de Renovaci\u00f3n del compromiso a la Bandera Argentina que se escuch\u00f3 con el fortalecimiento al amor a la Patria"},"content":{"rendered":"<p>En la Plaza Aberatain, el Instituto Preuniversitario de la Universidad Nacional de San Juan \u00abEscuela Industrial Domingo Faustino Sarmiento, realiz\u00f3 el Acto de Renovaci\u00f3n del compromiso a la Bandera Argentina que se escuch\u00f3 con el fortalecimiento al amor a la Patria.<\/p>\n<p>El acto comenz\u00f3 con la entrada del cuerpo de la Bandera Argentina de la instituci\u00f3n y luego, se enton\u00f3 el Himno Nacional Argentino.<\/p>\n<p>Posteriormente, el Profesor de Educaci\u00f3n F\u00edsica de la Instituci\u00f3n, Gustavo Alvarez fue el responsable de realizar un recorrido por la historia Argentina para resaltar la creaci\u00f3n de la Bandera Argentina, su importancia y la necesidad de imponer el s\u00edmbolo Patrio por el General Manuel Belgano. La necesidad de renovar el compromiso con la Promesa de los Alumnos de 7\u00ba A\u00f1o como expresi\u00f3n de compromiso al amor a la Patria.<\/p>\n<p>Seguidamente, el Director de la EIDFS de la UNSJ, Mag. Ing. Jorge Gutierrez tomo la Promesa a la Bandera Argentina a los alumnos, que dio calor de amor a una ma\u00f1ana fr\u00eda en San Juan.<\/p>\n<p><iframe loading=\"lazy\" title=\"EIDFS UNSJ PROMESA BANDERA ARGENTINA\" width=\"800\" height=\"450\" src=\"https:\/\/www.youtube.com\/embed\/zg0Nk_yNsMA?feature=oembed\" frameborder=\"0\" allow=\"accelerometer; autoplay; encrypted-media; gyroscope; picture-in-picture\" allowfullscreen><\/iframe><\/p>\n<p>Seguidamente, los alumnos desfilaron orgullosos por cumplir con la responsabilidad a preservar ante todos los presentes que no dejaron de aplaudir.<\/p>\n<p><iframe loading=\"lazy\" title=\"EIDFS UNSJ PROMESA DE LA BANDERA ARGENTINA\" width=\"800\" height=\"450\" src=\"https:\/\/www.youtube.com\/embed\/l7VPUOXRe9k?feature=oembed\" frameborder=\"0\" allow=\"accelerometer; autoplay; encrypted-media; gyroscope; picture-in-picture\" allowfullscreen><\/iframe><\/p>\n<p>El orgullo de la Bandera Argentina en homenaje al legado del Gral. Manuel Belgrano repitiendo lo que aquellos patriotas grandes defensores de la Patria Argentina, forjadores de grandes ideales que hasta hoy se cumple en los j\u00f3venes estudiantes del Instituto Preuniversitario de la Universidad Nacional de San Juan \u00abEscuela Industrial Domingo Faustino Sarmiento.<\/p>\n<p><iframe loading=\"lazy\" title=\"EIDFS  UNSJ PROMESA A LA BANDERA ARGENTINA\" width=\"800\" height=\"450\" src=\"https:\/\/www.youtube.com\/embed\/wj9fLzWJnxk?feature=oembed\" frameborder=\"0\" allow=\"accelerometer; autoplay; encrypted-media; gyroscope; picture-in-picture\" allowfullscreen><\/iframe><\/p>\n<p>Adem\u00e1s, participaron la comunidad educativa y los padres de los alumnos de 7\u00ba A\u00f1o, emocionados por tan importante momento vivido, se sumaron con gran sentido patrio las Promociones que cumplieron las Bodas de Plata y las Bodas de Oro.<\/p>\n<figure id=\"attachment_21872\" aria-describedby=\"caption-attachment-21872\" style=\"width: 1000px\" class=\"wp-caption alignnone\"><img loading=\"lazy\" decoding=\"async\" class=\"size-full wp-image-21872\" src=\"https:\/\/vocesparalelas.com.ar\/sitio\/wp-content\/uploads\/2019\/06\/EIDFS-BANDERA-03.jpg\" alt=\"\" width=\"1000\" height=\"617\" srcset=\"https:\/\/vocesparalelas.com.ar\/sitio\/wp-content\/uploads\/2019\/06\/EIDFS-BANDERA-03.jpg 1000w, https:\/\/vocesparalelas.com.ar\/sitio\/wp-content\/uploads\/2019\/06\/EIDFS-BANDERA-03-300x185.jpg 300w, https:\/\/vocesparalelas.com.ar\/sitio\/wp-content\/uploads\/2019\/06\/EIDFS-BANDERA-03-768x474.jpg 768w, https:\/\/vocesparalelas.com.ar\/sitio\/wp-content\/uploads\/2019\/06\/EIDFS-BANDERA-03-800x494.jpg 800w\" sizes=\"auto, (max-width: 1000px) 100vw, 1000px\" \/><figcaption id=\"caption-attachment-21872\" class=\"wp-caption-text\">El Intendente de la Municipalidad de la Ciudad Capital, Lic. Franco Aranda junto al Director de la EIDFS de la UNSJ, Mag. Ing. Jorge Gutierrez.<\/figcaption><\/figure>\n<p>A continuaci\u00f3n de la emocionante Promesa, el Director de la EIDFS de la UNSJ, Mag. Ing. Jorge Gutierrez manifest\u00f3 que \u00abnos sentimos orgullosos de nuestros estudiantes y egresados que cumplen sus bodas de Plata y Oro y que renuevan su compromiso a la instituci\u00f3n que los form\u00f3 durante su adolescencia y que hoy son profesionales\u00bb.<\/p>\n<p>\u00abA los Profesores del Departamento de Educaci\u00f3n F\u00edsica, quienes con su vocaci\u00f3n de servicio y compromiso educativo prepararon el acto. Ellos son lo que lograron que permanezca en todos nosotros la llama del amor hacia nuestra Bandera Argentina y a la Patria\u00bb.<\/p>\n<p>\u00abLe agradezco a cada una de las familias que pudieron acompa\u00f1ar a nuestros estudiantes en este importante y emotiva Promesa de Lealtad a la Bandera Argentina\u00bb.<\/p>\n<p>\u00abTambi\u00e9n, agradezco al Intendente de la Municipalidad de la Ciudad Capital, Lic. Franco Aranda, que desde hace 4 a\u00f1os nos autoriz\u00f3 y nos acompa\u00f1a. \u00c9l es el que nos permite que nuestra Escuela Industrial Sarmiento y por iniciativa de nuestros profesores podamos compartir con los vecinos la Promesa de fuerte sentido Patrio en la Plaza Aberastain\u00bb.<\/p>\n<p>A continuaci\u00f3n, el Intendente de la Municipalidad de la Ciudad Capital, Lic. Franco Aranda, quien resalt\u00f3 que \u00abnos enorgullece lucir nuestra Bandera Argentina como tambi\u00e9n nos enorgullece que en el d\u00eda de ma\u00f1ana estos alumnos porten ese patriotismo en los diferentes roles en que les toque actuar ya sea como empresarios, comerciantes, deportistas, docentes y por que no directores, intendentes y gobernadores\u00bb.<\/p>\n<p><img loading=\"lazy\" decoding=\"async\" class=\"alignnone size-full wp-image-21873\" src=\"https:\/\/vocesparalelas.com.ar\/sitio\/wp-content\/uploads\/2019\/06\/EIDFS-BANDERA-02.jpg\" alt=\"\" width=\"1000\" height=\"750\" srcset=\"https:\/\/vocesparalelas.com.ar\/sitio\/wp-content\/uploads\/2019\/06\/EIDFS-BANDERA-02.jpg 1000w, https:\/\/vocesparalelas.com.ar\/sitio\/wp-content\/uploads\/2019\/06\/EIDFS-BANDERA-02-300x225.jpg 300w, https:\/\/vocesparalelas.com.ar\/sitio\/wp-content\/uploads\/2019\/06\/EIDFS-BANDERA-02-768x576.jpg 768w, https:\/\/vocesparalelas.com.ar\/sitio\/wp-content\/uploads\/2019\/06\/EIDFS-BANDERA-02-800x600.jpg 800w\" sizes=\"auto, (max-width: 1000px) 100vw, 1000px\" \/> <img loading=\"lazy\" decoding=\"async\" class=\"alignnone size-full wp-image-21871\" src=\"https:\/\/vocesparalelas.com.ar\/sitio\/wp-content\/uploads\/2019\/06\/EIDFS-BANDERA-04.jpg\" alt=\"\" width=\"1000\" height=\"750\" srcset=\"https:\/\/vocesparalelas.com.ar\/sitio\/wp-content\/uploads\/2019\/06\/EIDFS-BANDERA-04.jpg 1000w, https:\/\/vocesparalelas.com.ar\/sitio\/wp-content\/uploads\/2019\/06\/EIDFS-BANDERA-04-300x225.jpg 300w, https:\/\/vocesparalelas.com.ar\/sitio\/wp-content\/uploads\/2019\/06\/EIDFS-BANDERA-04-768x576.jpg 768w, https:\/\/vocesparalelas.com.ar\/sitio\/wp-content\/uploads\/2019\/06\/EIDFS-BANDERA-04-800x600.jpg 800w\" sizes=\"auto, (max-width: 1000px) 100vw, 1000px\" \/><\/p>\n<p>&nbsp;<\/p>\n<p>&nbsp;<\/p>\n<p>&nbsp;<\/p>\n<p>&nbsp;<\/p>\n","protected":false},"excerpt":{"rendered":"<p>En la Plaza Aberatain, el Instituto Preuniversitario de la Universidad Nacional de San Juan \u00abEscuela Industrial Domingo Faustino Sarmiento, realiz\u00f3<\/p>\n","protected":false},"author":3,"featured_media":21874,"comment_status":"closed","ping_status":"closed","sticky":false,"template":"","format":"video","meta":{"_acf_changed":false,"_seopress_robots_primary_cat":"","_seopress_titles_title":"","_seopress_titles_desc":"","_seopress_robots_index":"","colormag_page_container_layout":"default_layout","colormag_page_sidebar_layout":"default_layout","footnotes":""},"categories":[1,7],"tags":[],"class_list":["post-21870","post","type-post","status-publish","format-video","has-post-thumbnail","hentry","category-destacadas","category-videos","post_format-post-format-video"],"acf":[],"_links":{"self":[{"href":"https:\/\/vocesparalelas.com.ar\/sitio\/wp-json\/wp\/v2\/posts\/21870","targetHints":{"allow":["GET"]}}],"collection":[{"href":"https:\/\/vocesparalelas.com.ar\/sitio\/wp-json\/wp\/v2\/posts"}],"about":[{"href":"https:\/\/vocesparalelas.com.ar\/sitio\/wp-json\/wp\/v2\/types\/post"}],"author":[{"embeddable":true,"href":"https:\/\/vocesparalelas.com.ar\/sitio\/wp-json\/wp\/v2\/users\/3"}],"replies":[{"embeddable":true,"href":"https:\/\/vocesparalelas.com.ar\/sitio\/wp-json\/wp\/v2\/comments?post=21870"}],"version-history":[{"count":5,"href":"https:\/\/vocesparalelas.com.ar\/sitio\/wp-json\/wp\/v2\/posts\/21870\/revisions"}],"predecessor-version":[{"id":21880,"href":"https:\/\/vocesparalelas.com.ar\/sitio\/wp-json\/wp\/v2\/posts\/21870\/revisions\/21880"}],"wp:featuredmedia":[{"embeddable":true,"href":"https:\/\/vocesparalelas.com.ar\/sitio\/wp-json\/wp\/v2\/media\/21874"}],"wp:attachment":[{"href":"https:\/\/vocesparalelas.com.ar\/sitio\/wp-json\/wp\/v2\/media?parent=21870"}],"wp:term":[{"taxonomy":"category","embeddable":true,"href":"https:\/\/vocesparalelas.com.ar\/sitio\/wp-json\/wp\/v2\/categories?post=21870"},{"taxonomy":"post_tag","embeddable":true,"href":"https:\/\/vocesparalelas.com.ar\/sitio\/wp-json\/wp\/v2\/tags?post=21870"}],"curies":[{"name":"wp","href":"https:\/\/api.w.org\/{rel}","templated":true}]}}