{"id":21669,"date":"2019-06-08T23:22:50","date_gmt":"2019-06-09T02:22:50","guid":{"rendered":"http:\/\/vocesparalelas.com.ar\/sitio\/?p=21669"},"modified":"2019-06-11T01:04:56","modified_gmt":"2019-06-11T04:04:56","slug":"taller-de-dibujo-y-pintura-para-disfrutar-en-el-museo-tornambe","status":"publish","type":"post","link":"https:\/\/vocesparalelas.com.ar\/sitio\/taller-de-dibujo-y-pintura-para-disfrutar-en-el-museo-tornambe\/","title":{"rendered":"Taller de Dibujo y Pintura para disfrutar en el Museo Tornamb\u00e9"},"content":{"rendered":"<p>El S\u00e1bado, 15 de Junio, de 15:30 a 20:30 hs.; en el Museo Tornamb\u00e9, de la Facultad de Filosof\u00eda, Humanidades y Artes de la UNSJ, se desarrolla el Taller de Dibujo Pintura, a cargo de la Prof. Victoria Oro y del Lic. Mart\u00edn Paez.<\/p>\n<p>Las inscripciones son del 3 al 14 de Junio, en Tesorer\u00eda de la FFHA de la UNSJ, Santa Fe 198 esquina Sarmiento, Capital.<\/p>\n<p>Por ello, Voces Paralelas entrevist\u00f3 a la Prof. Victoria Oro, quien describi\u00f3 el contenido del Taller destinado a los principiantes.<\/p>\n<p><iframe loading=\"lazy\" title=\"PROF. VICTORIA ORO\" width=\"800\" height=\"450\" src=\"https:\/\/www.youtube.com\/embed\/BaQw_VeXsuQ?feature=oembed\" frameborder=\"0\" allow=\"accelerometer; autoplay; encrypted-media; gyroscope; picture-in-picture\" allowfullscreen><\/iframe><\/p>\n<p>Luego, entrevist\u00f3 al Lic. Mart\u00edn Paez, quien remarc\u00f3 el trabajo en pintura al \u00f3leo y la fusi\u00f3n entre el dibujo y la pintura.<\/p>\n<p>&nbsp;<\/p>\n<p><iframe loading=\"lazy\" title=\"LIC. MART\u00cdN PA\u00c9Z\" width=\"800\" height=\"450\" src=\"https:\/\/www.youtube.com\/embed\/cebFMaYkYw0?feature=oembed\" frameborder=\"0\" allow=\"accelerometer; autoplay; encrypted-media; gyroscope; picture-in-picture\" allowfullscreen><\/iframe><\/p>\n<p><img loading=\"lazy\" decoding=\"async\" class=\"alignnone wp-image-21577\" src=\"https:\/\/vocesparalelas.com.ar\/sitio\/wp-content\/uploads\/2019\/06\/FFHA-DIBUJO.jpg\" alt=\"\" width=\"739\" height=\"1047\" srcset=\"https:\/\/vocesparalelas.com.ar\/sitio\/wp-content\/uploads\/2019\/06\/FFHA-DIBUJO.jpg 542w, https:\/\/vocesparalelas.com.ar\/sitio\/wp-content\/uploads\/2019\/06\/FFHA-DIBUJO-212x300.jpg 212w\" sizes=\"auto, (max-width: 739px) 100vw, 739px\" \/><\/p>\n<p>&nbsp;<\/p>\n<p><img loading=\"lazy\" decoding=\"async\" class=\"alignnone size-full wp-image-3706\" src=\"https:\/\/vocesparalelas.com.ar\/sitio\/wp-content\/uploads\/2017\/08\/MUSEO-FFHA.jpg\" alt=\"\" width=\"1024\" height=\"680\" srcset=\"https:\/\/vocesparalelas.com.ar\/sitio\/wp-content\/uploads\/2017\/08\/MUSEO-FFHA.jpg 1024w, https:\/\/vocesparalelas.com.ar\/sitio\/wp-content\/uploads\/2017\/08\/MUSEO-FFHA-300x199.jpg 300w, https:\/\/vocesparalelas.com.ar\/sitio\/wp-content\/uploads\/2017\/08\/MUSEO-FFHA-768x510.jpg 768w, https:\/\/vocesparalelas.com.ar\/sitio\/wp-content\/uploads\/2017\/08\/MUSEO-FFHA-800x531.jpg 800w\" sizes=\"auto, (max-width: 1024px) 100vw, 1024px\" \/><\/p>\n","protected":false},"excerpt":{"rendered":"<p>El S\u00e1bado, 15 de Junio, de 15:30 a 20:30 hs.; en el Museo Tornamb\u00e9, de la Facultad de Filosof\u00eda, Humanidades<\/p>\n","protected":false},"author":3,"featured_media":21670,"comment_status":"closed","ping_status":"closed","sticky":false,"template":"","format":"video","meta":{"_acf_changed":false,"_seopress_robots_primary_cat":"","_seopress_titles_title":"","_seopress_titles_desc":"","_seopress_robots_index":"","colormag_page_container_layout":"default_layout","colormag_page_sidebar_layout":"default_layout","footnotes":""},"categories":[9,7],"tags":[],"class_list":["post-21669","post","type-post","status-publish","format-video","has-post-thumbnail","hentry","category-cursos","category-videos","post_format-post-format-video"],"acf":[],"_links":{"self":[{"href":"https:\/\/vocesparalelas.com.ar\/sitio\/wp-json\/wp\/v2\/posts\/21669","targetHints":{"allow":["GET"]}}],"collection":[{"href":"https:\/\/vocesparalelas.com.ar\/sitio\/wp-json\/wp\/v2\/posts"}],"about":[{"href":"https:\/\/vocesparalelas.com.ar\/sitio\/wp-json\/wp\/v2\/types\/post"}],"author":[{"embeddable":true,"href":"https:\/\/vocesparalelas.com.ar\/sitio\/wp-json\/wp\/v2\/users\/3"}],"replies":[{"embeddable":true,"href":"https:\/\/vocesparalelas.com.ar\/sitio\/wp-json\/wp\/v2\/comments?post=21669"}],"version-history":[{"count":1,"href":"https:\/\/vocesparalelas.com.ar\/sitio\/wp-json\/wp\/v2\/posts\/21669\/revisions"}],"predecessor-version":[{"id":21671,"href":"https:\/\/vocesparalelas.com.ar\/sitio\/wp-json\/wp\/v2\/posts\/21669\/revisions\/21671"}],"wp:featuredmedia":[{"embeddable":true,"href":"https:\/\/vocesparalelas.com.ar\/sitio\/wp-json\/wp\/v2\/media\/21670"}],"wp:attachment":[{"href":"https:\/\/vocesparalelas.com.ar\/sitio\/wp-json\/wp\/v2\/media?parent=21669"}],"wp:term":[{"taxonomy":"category","embeddable":true,"href":"https:\/\/vocesparalelas.com.ar\/sitio\/wp-json\/wp\/v2\/categories?post=21669"},{"taxonomy":"post_tag","embeddable":true,"href":"https:\/\/vocesparalelas.com.ar\/sitio\/wp-json\/wp\/v2\/tags?post=21669"}],"curies":[{"name":"wp","href":"https:\/\/api.w.org\/{rel}","templated":true}]}}