{"id":21663,"date":"2019-06-08T17:34:45","date_gmt":"2019-06-08T20:34:45","guid":{"rendered":"http:\/\/vocesparalelas.com.ar\/sitio\/?p=21663"},"modified":"2019-06-08T23:23:37","modified_gmt":"2019-06-09T02:23:37","slug":"catedra-abierta-el-holocausto-genocidios-y-lucha-contra-la-discriminacion-perspectivas","status":"publish","type":"post","link":"https:\/\/vocesparalelas.com.ar\/sitio\/catedra-abierta-el-holocausto-genocidios-y-lucha-contra-la-discriminacion-perspectivas\/","title":{"rendered":"C\u00e1tedra Abierta \u00abEl Holocausto, Genocidios y Lucha contra la Discriminaci\u00f3n. Perspectivas\u00bb"},"content":{"rendered":"<p>el Lunes, 10 de Junio, a las 17 hs.; en el Auditorio del Teatro del Bicentenario, se desarrolla la C\u00e1tedra Abierta \u00abEl Holocausto, Genocidios y Lucha contra la Discriminaci\u00f3n. Perspectivas\u00bb.<\/p>\n<p>La Conferencia Magistral de Apertura la brindan Monse\u00f1or Jorge Lozano y Rabino Daniel Goldman<\/p>\n<p>&nbsp;<\/p>\n<p><img loading=\"lazy\" decoding=\"async\" class=\"alignnone size-full wp-image-21665\" src=\"https:\/\/vocesparalelas.com.ar\/sitio\/wp-content\/uploads\/2019\/06\/SOCIEDAD-01.jpg\" alt=\"\" width=\"817\" height=\"817\" srcset=\"https:\/\/vocesparalelas.com.ar\/sitio\/wp-content\/uploads\/2019\/06\/SOCIEDAD-01.jpg 817w, https:\/\/vocesparalelas.com.ar\/sitio\/wp-content\/uploads\/2019\/06\/SOCIEDAD-01-150x150.jpg 150w, https:\/\/vocesparalelas.com.ar\/sitio\/wp-content\/uploads\/2019\/06\/SOCIEDAD-01-300x300.jpg 300w, https:\/\/vocesparalelas.com.ar\/sitio\/wp-content\/uploads\/2019\/06\/SOCIEDAD-01-768x768.jpg 768w, https:\/\/vocesparalelas.com.ar\/sitio\/wp-content\/uploads\/2019\/06\/SOCIEDAD-01-800x800.jpg 800w\" sizes=\"auto, (max-width: 817px) 100vw, 817px\" \/><\/p>\n<p><span style=\"color: #800080\"><strong>Contenido<\/strong><\/span><\/p>\n<ul>\n<li>El antisemitismo<\/li>\n<li>El r\u00e9gimen nacionalista<\/li>\n<li>El Holocausto.<\/li>\n<li>Derecho y Holocausto.<\/li>\n<li>Holocausto, derechos humanos y bio\u00e9tica.<\/li>\n<li>Otros genocidios.<\/li>\n<\/ul>\n<p><strong><span style=\"color: #800080\">Destinatarios<\/span><\/strong><\/p>\n<ul>\n<li>Docentes, con Resoluci\u00f3n del Ministerio de Educaci\u00f3n del Gobierno de San Juan.<\/li>\n<li>Alumnos<\/li>\n<li>P\u00fablico en General<\/li>\n<\/ul>\n<p><strong><span style=\"color: #800080\">Cursado<\/span><\/strong><\/p>\n<ul>\n<li>Encuentro cada 15 d\u00edas, los Martes, a las 17:30 hs.; en la Sociedad Israelita San Juan, Avda. C\u00f3rdoba 139 &#8211; O &#8211; Capital<\/li>\n<\/ul>\n<p><span style=\"color: #800080\"><strong>Docentes responsables<\/strong><\/span><\/p>\n<ul>\n<li>Mons. Jorge Lozano<\/li>\n<li>Rabino Daniel Goldman<\/li>\n<li>Dr. Leonardo Siere<\/li>\n<li>Rabino Dr. Fishel Szlajen<\/li>\n<li>Dra. Miriam And\u00fajar<\/li>\n<li>Dr. Victor Baz\u00e1n<\/li>\n<li>Dr. Franco Fiumara<\/li>\n<li>Presb\u00edtero Dr. Jos\u00e9 Juan Garc\u00eda<\/li>\n<li>Dr. Luis Matos<\/li>\n<\/ul>\n<p><strong><span style=\"color: #800080\">Inscripciones<\/span><\/strong><\/p>\n<ul>\n<li>Sociedad Israelita San Juan, 4222056<\/li>\n<li>Vicerrectorado de Formaci\u00f3n de la Universidad Cat\u00f3lica de Cuyo, 4292399<\/li>\n<li>Facultad de Derecho y Ciencias Sociales de la UCCuyo, 4230314<\/li>\n<\/ul>\n<p><img loading=\"lazy\" decoding=\"async\" class=\"alignnone wp-image-21664\" src=\"https:\/\/vocesparalelas.com.ar\/sitio\/wp-content\/uploads\/2019\/06\/SOCIEDAD-02.jpg\" alt=\"\" width=\"741\" height=\"1005\" srcset=\"https:\/\/vocesparalelas.com.ar\/sitio\/wp-content\/uploads\/2019\/06\/SOCIEDAD-02.jpg 566w, https:\/\/vocesparalelas.com.ar\/sitio\/wp-content\/uploads\/2019\/06\/SOCIEDAD-02-221x300.jpg 221w\" sizes=\"auto, (max-width: 741px) 100vw, 741px\" \/><\/p>\n<p>&nbsp;<\/p>\n","protected":false},"excerpt":{"rendered":"<p>el Lunes, 10 de Junio, a las 17 hs.; en el Auditorio del Teatro del Bicentenario, se desarrolla la C\u00e1tedra<\/p>\n","protected":false},"author":3,"featured_media":21667,"comment_status":"closed","ping_status":"closed","sticky":false,"template":"","format":"standard","meta":{"_acf_changed":false,"_seopress_robots_primary_cat":"","_seopress_titles_title":"","_seopress_titles_desc":"","_seopress_robots_index":"","colormag_page_container_layout":"default_layout","colormag_page_sidebar_layout":"default_layout","footnotes":""},"categories":[1],"tags":[],"class_list":["post-21663","post","type-post","status-publish","format-standard","has-post-thumbnail","hentry","category-destacadas"],"acf":[],"_links":{"self":[{"href":"https:\/\/vocesparalelas.com.ar\/sitio\/wp-json\/wp\/v2\/posts\/21663","targetHints":{"allow":["GET"]}}],"collection":[{"href":"https:\/\/vocesparalelas.com.ar\/sitio\/wp-json\/wp\/v2\/posts"}],"about":[{"href":"https:\/\/vocesparalelas.com.ar\/sitio\/wp-json\/wp\/v2\/types\/post"}],"author":[{"embeddable":true,"href":"https:\/\/vocesparalelas.com.ar\/sitio\/wp-json\/wp\/v2\/users\/3"}],"replies":[{"embeddable":true,"href":"https:\/\/vocesparalelas.com.ar\/sitio\/wp-json\/wp\/v2\/comments?post=21663"}],"version-history":[{"count":2,"href":"https:\/\/vocesparalelas.com.ar\/sitio\/wp-json\/wp\/v2\/posts\/21663\/revisions"}],"predecessor-version":[{"id":21672,"href":"https:\/\/vocesparalelas.com.ar\/sitio\/wp-json\/wp\/v2\/posts\/21663\/revisions\/21672"}],"wp:featuredmedia":[{"embeddable":true,"href":"https:\/\/vocesparalelas.com.ar\/sitio\/wp-json\/wp\/v2\/media\/21667"}],"wp:attachment":[{"href":"https:\/\/vocesparalelas.com.ar\/sitio\/wp-json\/wp\/v2\/media?parent=21663"}],"wp:term":[{"taxonomy":"category","embeddable":true,"href":"https:\/\/vocesparalelas.com.ar\/sitio\/wp-json\/wp\/v2\/categories?post=21663"},{"taxonomy":"post_tag","embeddable":true,"href":"https:\/\/vocesparalelas.com.ar\/sitio\/wp-json\/wp\/v2\/tags?post=21663"}],"curies":[{"name":"wp","href":"https:\/\/api.w.org\/{rel}","templated":true}]}}