{"id":21657,"date":"2019-06-08T01:29:12","date_gmt":"2019-06-08T04:29:12","guid":{"rendered":"http:\/\/vocesparalelas.com.ar\/sitio\/?p=21657"},"modified":"2019-06-08T01:29:12","modified_gmt":"2019-06-08T04:29:12","slug":"se-entregaron-los-premios-del-concurso-obras-de-periodistas-sanjuaninos","status":"publish","type":"post","link":"https:\/\/vocesparalelas.com.ar\/sitio\/se-entregaron-los-premios-del-concurso-obras-de-periodistas-sanjuaninos\/","title":{"rendered":"Se entregaron los premios del Concurso \u201cObras de Periodistas Sanjuaninos\u201d"},"content":{"rendered":"<p>En el sal\u00f3n \u201cCruce de Los Andes\u201d, del Centro C\u00edvico se realiz\u00f3 la entrega de los Premios del Concurso \u201cObras de Periodistas Sanjuaninos\u201d, una iniciativa del Gobierno de San Juan para distinguir los mejores trabajos de los periodistas, fot\u00f3grafos,\u00a0<span style=\"color: #000000\">Camar\u00f3grafos, Infograf\u00edas, de Medios de Comunicaci\u00f3n escrito, radio y digitales.\u00a0<\/span><\/p>\n<p>El Gobernador de San Juan, Dr. Sergio U\u00f1ac acompa\u00f1ado por el vicegobernador , Dr. Marcelo Lima; los ministros de Gobierno, Dr. Emilio Baistrocchi; de Hacienda y Finanzas, CPN Roberto Gattoni; de Desarrollo Humano y Promoci\u00f3n Social, Armando S\u00e1nchez; de Producci\u00f3n y Desarrollo Econ\u00f3mico, Lic. Andr\u00e9s D\u00edaz Cano; de Educaci\u00f3n, Lic. Felipe De Los R\u00edos; el secretario General de la Gobernaci\u00f3n, CPN Juan Flores; el subsecretario de Informaci\u00f3n P\u00fablica, Osvaldo Lima y funcionarios de distintos organismos oficiales.<\/p>\n<p><img loading=\"lazy\" decoding=\"async\" class=\"alignnone size-full wp-image-21659\" src=\"https:\/\/vocesparalelas.com.ar\/sitio\/wp-content\/uploads\/2019\/06\/PREMIO-PERIODISTA-01.jpg\" alt=\"\" width=\"1000\" height=\"667\" srcset=\"https:\/\/vocesparalelas.com.ar\/sitio\/wp-content\/uploads\/2019\/06\/PREMIO-PERIODISTA-01.jpg 1000w, https:\/\/vocesparalelas.com.ar\/sitio\/wp-content\/uploads\/2019\/06\/PREMIO-PERIODISTA-01-300x200.jpg 300w, https:\/\/vocesparalelas.com.ar\/sitio\/wp-content\/uploads\/2019\/06\/PREMIO-PERIODISTA-01-768x512.jpg 768w, https:\/\/vocesparalelas.com.ar\/sitio\/wp-content\/uploads\/2019\/06\/PREMIO-PERIODISTA-01-800x534.jpg 800w\" sizes=\"auto, (max-width: 1000px) 100vw, 1000px\" \/><\/p>\n<p>El Periodistas Daniel Tejada, representaci\u00f3n de los profesionales del sector, describi\u00f3 el quehacer de estos grandes para comunicar a la sociedad informaci\u00f3n y para ello, es necesario contactarse con el funcionario adecuado con veracidad.<\/p>\n<p><iframe loading=\"lazy\" title=\"SAN JUAN DIA PERIODISTA\" width=\"800\" height=\"450\" src=\"https:\/\/www.youtube.com\/embed\/F2hln0Anegg?feature=oembed\" frameborder=\"0\" allow=\"accelerometer; autoplay; encrypted-media; gyroscope; picture-in-picture\" allowfullscreen><\/iframe><\/p>\n<p>Seguidamente, el el subsecretario de Informaci\u00f3n P\u00fablica, Osvaldo Lima, quien agradeci\u00f3 el trabajo del equipo de prensa del Gobierno de San Juan.<\/p>\n<p><iframe loading=\"lazy\" title=\"SAN JUAN DIA PERIODISTA\" width=\"800\" height=\"450\" src=\"https:\/\/www.youtube.com\/embed\/VD73D1evRlk?feature=oembed\" frameborder=\"0\" allow=\"accelerometer; autoplay; encrypted-media; gyroscope; picture-in-picture\" allowfullscreen><\/iframe><\/p>\n<p>Finalmente, el Gobernador de San Juan, Dr. Sergio U\u00f1ac, quien felicit\u00f3 el trabajo que realizan los periodistas para ser el nexo entre el Gobierno de San Juan y la comunidad.<\/p>\n<p><iframe loading=\"lazy\" title=\"SAN JUAN DIA PERIODISTA\" width=\"800\" height=\"450\" src=\"https:\/\/www.youtube.com\/embed\/FlZjXUyg9jA?feature=oembed\" frameborder=\"0\" allow=\"accelerometer; autoplay; encrypted-media; gyroscope; picture-in-picture\" allowfullscreen><\/iframe><\/p>\n<p>Finalmente, lleg\u00f3 el momento en que se entregaron los premios pero primero se realiz\u00f3 la entrega de un diploma de agradecimiento a los integrantes del jurado Mar\u00eda Eugenia Putelli, Miriam Walter, Silvia P\u00e9rez; Jos\u00e9 Correa, Rub\u00e9n Paratore y Guillermo Rodrigo.<\/p>\n<p><strong><span style=\"color: #800080\">Los ganadores<\/span><\/strong><\/p>\n<p>La siguiente es la n\u00f3mina completa de los ganadores en cada uno de los siete rubros del concurso, como as\u00ed tambi\u00e9n el nombre del trabajo y el del medio en que fue publicado o emitido.<\/p>\n<h3><span style=\"color: #800080\">Periodismo Escrito<\/span><\/h3>\n<p><span style=\"color: #800080\"><strong>Primer premio\u00a0<\/strong><\/span><\/p>\n<ul>\n<li>Marcos Andr\u00e9s Ponce Amalric, por el trabajo \u201cCaleros de los Berros: Con el sacrificio en su ADN\u201d, publicado en el Nuevo Diario.<\/li>\n<li>\u00cdtalo Fabio Garbi, \u201cCuando las pi\u00f1as alimentan valores\u201d, publicado en Diario de Cuyo.<\/li>\n<li>Fabio Cabrera Guzm\u00e1n, por la serie de notas \u201cCuenta regresiva Nuevo Circuito Villicum\u201d, editado en\u00a0 Diario de Cuyo.<\/li>\n<\/ul>\n<p><span style=\"color: #800080\"><strong>Segundo premio\u00a0<\/strong><\/span><\/p>\n<p>Compartido entre los periodistas:<\/p>\n<ul>\n<li>V\u00edctor Augusto Garc\u00eda, por el trabajo \u201cTelemedicina, atenci\u00f3n del futuro en Sierras de Elizondo\u201d, Diario el Zonda.<\/li>\n<li>Fancisco Lahti, \u201cEn busca de la Resurrecci\u00f3n de la Tierra del Oro\u201d, Diario el Zonda.<\/li>\n<li>Claudia Vansea Olivares Aballay, \u201cCuando la M\u00fasica sana y ayuda a crecer\u201d,\u00a0 Diario El Zonda.<\/li>\n<\/ul>\n<p><span style=\"color: #800080\"><strong>Tercer premio\u00a0<\/strong><\/span><\/p>\n<p>Compartido entre los periodistas:<\/p>\n<ul>\n<li>Elizabeth P\u00e9rez, \u201cLos primeros proveedores sanjuaninos de los programas educativos de rob\u00f3tica\u201d, Diario de Cuyo.<\/li>\n<li>Mauricio Ezequiel Laciar, \u201cLos 44 h\u00e9roes del ARA San Juan\u201d, Diario Huarpe.<\/li>\n<\/ul>\n<p><strong><span style=\"color: #800080\">Radio<\/span><\/strong><\/p>\n<p><span style=\"color: #800080\"><strong>Primer premio\u00a0<\/strong><\/span><\/p>\n<p>Compartido entre los periodistas:<\/p>\n<ul>\n<li>Luc\u00eda Vel\u00e1zquez, por el informe \u201cNo es No\u201d, emitido en Radio Universidad.<\/li>\n<li>Mar\u00eda\u00a0Rosana Carmona, \u201cDonde est\u00e1 mi cuerpo\u201d, Radio Trinidad<\/li>\n<li>Nocol\u00e1s G\u00f3mez, \u201cTenis de Esperanza\u201d,\u00a0 Radio Universidad.<\/li>\n<\/ul>\n<p><span style=\"color: #800080\"><strong>Segundo premio\u00a0<\/strong><\/span><\/p>\n<p>Compartido entre los periodistas:<\/p>\n<ul>\n<li>Diolinda Dominga Rodr\u00edguez, \u201cPapa Francisco, tu refugio, mi refugio\u201d emitido por AM 1020.<\/li>\n<li>Rodolfo Carlos Uriza, \u201cEl calvario de una sanjuanina en la India\u201d,\u00a0 Radio La Gente.<\/li>\n<li>Carlos Rub\u00e9n Poblete, \u201cZona de Promesas: Cuarenta a\u00f1os del Mundial de Hockey sobre patines, San Juan 1978\u201d,\u00a0 Antena Uno.<\/li>\n<\/ul>\n<p><span style=\"color: #800080\"><strong>Tercer\u00a0premio\u00a0<\/strong><\/span><\/p>\n<p>Compartido entre los periodistas:<\/p>\n<ul>\n<li>Pablo Alejandro Amado, \u201cUn horno para el merendero\u201d, LV5 Radio Sarmiento.<\/li>\n<li>Adri\u00e1n Oscar Tejada Recabarren, \u201cEl Deseo de un H\u00e9roe\u201d, LV1 Radio Colon.<\/li>\n<li>Carlos Miguel Quevedo, \u201cT\u00e9cnicas Ancestrales en el siglo XXI\u201d, Estaci\u00f3n Claridad.<\/li>\n<\/ul>\n<p><strong><span style=\"color: #800080\">Televisi\u00f3n<\/span><\/strong><\/p>\n<p><span style=\"color: #800080\"><strong>Primer premio\u00a0<\/strong><\/span><\/p>\n<p>Compartido entre los periodistas:<\/p>\n<ul>\n<li>Daniela Fernanda Pinardi, por el trabajo \u201cMalvinas la Perla del Atl\u00e1ntico Sur\u201d, emitido en\u00a0 Telesol.<\/li>\n<li>Mar\u00eda Isabel Gil Morales, \u201cMedicamentos sin control\u201d, Canal 8.<\/li>\n<li>Mauricio Ram\u00f3n Baz\u00e1n, \u201cLa Vuelta de h\u00e9roes a Malvinas\u201d, Canal 8.<\/li>\n<\/ul>\n<p><span style=\"color: #800080\"><strong>Segundo premio<\/strong><\/span><\/p>\n<p>Compartido entre los periodistas:<\/p>\n<ul>\n<li>Adriana Ofelia Vera, \u201cLas Escuelas que hacen, se ven\u201d, Telesol.<\/li>\n<li>Daniel F\u00e9liz Castelli, Susana Edith Arce Fern\u00e1ndez\u00a0y Maximiliano Federico Castro por el trabajo \u201cTurismo Accesible\u201d, Canal 8.<\/li>\n<li>Mar\u00eda Eugenia Silva, \u201cLos Dinos: Rugby Inclusivo, Fomentando los Valores m\u00e1s all\u00e1 de la guinda\u201d, Xama Se\u00f1al Universitaria.<\/li>\n<\/ul>\n<p><span style=\"color: #800080\"><strong>Tercer premio\u00a0<\/strong><\/span><\/p>\n<p>Compartido entre los periodistas:<\/p>\n<ul>\n<li>Mar\u00eda Victoria Olaechea, \u201cEl mejor lector\u201d, Canal 4.<\/li>\n<li>Juan Jos\u00e9 Gustavo Mart\u00ednez Quiroga, \u201cVino para contar\u201d,\u00a0 Telesol.<\/li>\n<li>Delia Carolina Mu\u00f1oz S\u00e1nchez, \u201cSimulacro: una prueba de vida\u201d, Canal 8.<\/li>\n<\/ul>\n<p><strong><span style=\"color: #800080\">Fotograf\u00eda<\/span><\/strong><\/p>\n<p><span style=\"color: #800080\"><strong>Primer premio<\/strong><\/span><\/p>\n<p>Compartido entre los fot\u00f3grafos:<\/p>\n<ul>\n<li>Cristina MAximiliano Huyema, \u201cAlgunos regresan, otros no volver\u00e1n\u201d publicada en Diario de Cuyo.<\/li>\n<li>Gabriel Iturrieta, \u201cCuesti\u00f3n de autoridad\u201d, Tiempo de San Juan.<\/li>\n<li>Daniel Oscar Arias, \u201cEducaci\u00f3n y Salud\u201d, Diario de Cuyo.<\/li>\n<\/ul>\n<p><span style=\"color: #800080\"><strong>Segundo premio\u00a0<\/strong><\/span><\/p>\n<p>Compartido entre los fot\u00f3grafos:<\/p>\n<ul>\n<li>Marcos Antonio Urisa, \u201cBoxeo en el Futbol\u201d, Diario de Cuyo<\/li>\n<li>Adri\u00e1n Carrizo, \u201cColores del Carnaval\u201d, San Juan 8.<\/li>\n<li>Mariano Iv\u00e1n Mart\u00edn de Lara, \u201cEl Futuro con las bases para crecer\u201d, Diario Huarpe.<\/li>\n<\/ul>\n<p><span style=\"color: #800080\"><strong>Tercer premio\u00a0<\/strong><\/span><\/p>\n<p>Compartido entre los fot\u00f3grafos:<\/p>\n<ul>\n<li>Marcos Carrizo, \u201cNo es Suiza, es San Juan\u201d, Diario de Cuyo.<\/li>\n<li>Gonzalo Alejandro Medina,\u00a0 \u201cPor su dolorosa pasi\u00f3n\u201d Diario Huarpe.<\/li>\n<li>Mariano Oscar Arias Sosa, \u201cEnredados\u201d, Diario de Cuyo.<\/li>\n<\/ul>\n<p><strong><span style=\"color: #800080\">Camar\u00f3grafo\u00a0<\/span><\/strong><\/p>\n<p><span style=\"color: #800080\"><strong>Primer premio<\/strong><\/span><\/p>\n<p>Compartido entre los camar\u00f3grafos:<\/p>\n<ul>\n<li>Claudio An\u00edbal Pantuso, por el trabajo \u201cPrimera Siembra de peces en Punta Negra\u201d emitido en Canal 8.<\/li>\n<li>Luis Ariel Fern\u00e1ndez, \u201cCabalgata a la Difunta Correa\u201d, Canal 8.<\/li>\n<\/ul>\n<p><strong><span style=\"color: #800080\">Segundo premio<\/span>\u00a0<\/strong><\/p>\n<p>Compartido entre los camar\u00f3grafos:<\/p>\n<ul>\n<li>N\u00e9stor Mauricio Olivera, \u201cVa Queriendo\u201d, Canal 4.<\/li>\n<li>Antonio Tom\u00e1s Toledano, \u201cLas Escuelas que hacen, se ven\u201d, Canal 5 Telesol.<\/li>\n<li>David Or\u00f1ando Fern\u00e1ndez, \u201cSol de Sue\u00f1os\u201d, Canal 5.<\/li>\n<\/ul>\n<p><span style=\"color: #800080\"><strong>Tercer premio<\/strong><\/span><\/p>\n<p>Compartido entre los camar\u00f3grafos:<\/p>\n<ul>\n<li>Pablo Alberto Rodr\u00edguez, \u201cNuevo Registro Civil\u201d, Canal 8.<\/li>\n<li>Edgardo Ariel Mercado, \u201cAdicciones\u201d, Canal 8.<\/li>\n<li>Juan Carlos Alberto Mu\u00f1oz, \u201cSimulacro en la Legislatura\u201d Canal 4.<\/li>\n<\/ul>\n<p><strong><span style=\"color: #800080\">Periodismo Digital\u00a0<\/span><\/strong><\/p>\n<p><span style=\"color: #800080\"><strong>Primer premio<\/strong><\/span><\/p>\n<ul>\n<li>Viviana Carina Pastor, por la serie de notas \u201cEspecial Difunta Correa\u201d, publicado en Tiempo de San Juan.<\/li>\n<\/ul>\n<p><span style=\"color: #800080\"><strong>Segundo premio\u00a0<\/strong><\/span><\/p>\n<p>Compartido entre los periodistas:<\/p>\n<ul>\n<li>Daiana Liz Kaziura, por el trabajo \u201cCuando la guinda ayuda a respirar al aire libre\u201d, Diario de Cuyo.<\/li>\n<li>Carlos Emmanuel D\u00edaz Schlamelcher, \u201cEl esfuerzo y la superaci\u00f3n los llev\u00f3 desde Pozo de los Algarrobos a Silicon Valley\u201d, Diario de Cuyo.<\/li>\n<li>Mar\u00eda Eugenia Vega Zalazar, por la serie de notas \u201cUna mujer sanjuanina rescatada de la India tras vivir un calvario de amor\u201d, San Juan 8.<\/li>\n<\/ul>\n<p><span style=\"color: #800080\"><strong>Tercer premio\u00a0<\/strong><\/span><\/p>\n<p>Compartido entre los\u00a0periodistas:<\/p>\n<ul>\n<li>Natalia Vanesa Caballero Scarpitta, \u201cLa tierra que construye sue\u00f1os\u201d, de Tiempo de San Juan.<\/li>\n<li>Alejandro \u00cdtalo Pellegrinuzzi, \u201cLos humedales tienen Alas\u201d, Diario Huarpe.<\/li>\n<li>Carla Acosta Odali, \u201cLa vida despu\u00e9s de un ACV\u201d, Tiempo de San Juan.<\/li>\n<\/ul>\n<p><strong><span style=\"color: #800080\">Infograf\u00eda\u00a0<\/span><\/strong><\/p>\n<p><strong><span style=\"color: #800080\">Primer premio<\/span>\u00a0<\/strong><\/p>\n<p>Compartido entre los inf\u00f3grafos:<\/p>\n<ul>\n<li>Edgar Vildozo, por el trabajo \u201c1982, una gesta de 74 d\u00edas\u201d publicado en\u00a0 Diario de Cuyo.<\/li>\n<li>Luciano Oscar Vel\u00e1zquez, \u201cRusia 2018: Muy lejos de los sanjuaninos\u201d, Diario Huarpe.<\/li>\n<\/ul>\n<p><span style=\"color: #800080\"><strong>Segundo premio<\/strong><\/span><\/p>\n<ul>\n<li>Desierto<\/li>\n<\/ul>\n<p><span style=\"color: #800080\"><strong>Tercer premio<\/strong><\/span><\/p>\n<p>Compartido entre los inf\u00f3grafos:<\/p>\n<ul>\n<li>Armando Gustavo Acevedo, \u201cQu\u00e9 se puede modificar\u201d, Diario de Cuyo.<\/li>\n<li>N\u00e9stor Daniel Tejada, \u201cSan Juan, la meca del Hockey Mundial\u201d de Diario El Zonda.<\/li>\n<\/ul>\n","protected":false},"excerpt":{"rendered":"<p>En el sal\u00f3n \u201cCruce de Los Andes\u201d, del Centro C\u00edvico se realiz\u00f3 la entrega de los Premios del Concurso \u201cObras<\/p>\n","protected":false},"author":3,"featured_media":21658,"comment_status":"closed","ping_status":"closed","sticky":false,"template":"","format":"video","meta":{"_acf_changed":false,"_seopress_robots_primary_cat":"","_seopress_titles_title":"","_seopress_titles_desc":"","_seopress_robots_index":"","colormag_page_container_layout":"default_layout","colormag_page_sidebar_layout":"default_layout","footnotes":""},"categories":[1,7],"tags":[],"class_list":["post-21657","post","type-post","status-publish","format-video","has-post-thumbnail","hentry","category-destacadas","category-videos","post_format-post-format-video"],"acf":[],"_links":{"self":[{"href":"https:\/\/vocesparalelas.com.ar\/sitio\/wp-json\/wp\/v2\/posts\/21657","targetHints":{"allow":["GET"]}}],"collection":[{"href":"https:\/\/vocesparalelas.com.ar\/sitio\/wp-json\/wp\/v2\/posts"}],"about":[{"href":"https:\/\/vocesparalelas.com.ar\/sitio\/wp-json\/wp\/v2\/types\/post"}],"author":[{"embeddable":true,"href":"https:\/\/vocesparalelas.com.ar\/sitio\/wp-json\/wp\/v2\/users\/3"}],"replies":[{"embeddable":true,"href":"https:\/\/vocesparalelas.com.ar\/sitio\/wp-json\/wp\/v2\/comments?post=21657"}],"version-history":[{"count":1,"href":"https:\/\/vocesparalelas.com.ar\/sitio\/wp-json\/wp\/v2\/posts\/21657\/revisions"}],"predecessor-version":[{"id":21660,"href":"https:\/\/vocesparalelas.com.ar\/sitio\/wp-json\/wp\/v2\/posts\/21657\/revisions\/21660"}],"wp:featuredmedia":[{"embeddable":true,"href":"https:\/\/vocesparalelas.com.ar\/sitio\/wp-json\/wp\/v2\/media\/21658"}],"wp:attachment":[{"href":"https:\/\/vocesparalelas.com.ar\/sitio\/wp-json\/wp\/v2\/media?parent=21657"}],"wp:term":[{"taxonomy":"category","embeddable":true,"href":"https:\/\/vocesparalelas.com.ar\/sitio\/wp-json\/wp\/v2\/categories?post=21657"},{"taxonomy":"post_tag","embeddable":true,"href":"https:\/\/vocesparalelas.com.ar\/sitio\/wp-json\/wp\/v2\/tags?post=21657"}],"curies":[{"name":"wp","href":"https:\/\/api.w.org\/{rel}","templated":true}]}}