{"id":21644,"date":"2019-06-21T15:45:09","date_gmt":"2019-06-21T18:45:09","guid":{"rendered":"http:\/\/vocesparalelas.com.ar\/sitio\/?p=21644"},"modified":"2019-06-25T21:59:55","modified_gmt":"2019-06-26T00:59:55","slug":"una-exposicion-exquisita-de-bill-viola-el-cuerpo-del-tiempo-impactante","status":"publish","type":"post","link":"https:\/\/vocesparalelas.com.ar\/sitio\/una-exposicion-exquisita-de-bill-viola-el-cuerpo-del-tiempo-impactante\/","title":{"rendered":"Una exposici\u00f3n exquisita de Bill Viola \u201cEl cuerpo del tiempo\u201d impactante"},"content":{"rendered":"<p>El Museo Provincial de Bellas Artes Franklin Rawson presenta obras del artista internacional Bill Viola \u201cEl cuerpo del tiempo\u201d, bajo el Curador Marcello Dantas y permanece hasta el mes de septiembre de 2019.<\/p>\n<p>La muestra se exhibe en hasta Septiembre, donde se re\u00fane importantes obras del consagrado artista norteamericano, figura clave del videoarte.<\/p>\n<p>Sus obras, reconocidas en el mundo entero, llegan al museo por primera vez en el marco de BIENALSUR- Bienal Internacional de Arte Contempor\u00e1neo de Am\u00e9rica del Sur.<\/p>\n<p>Impresionante convocatoria de las obras del artista internacional Bill Viola \u201cEl cuerpo del tiempo\u201d. No se la deben perder porque lo que refleja, el sentimiento y la paz que se adquiere con su observaci\u00f3n.<\/p>\n<p><iframe loading=\"lazy\" title=\"MPBAFR SAN JUAN BILL VIOLA\" width=\"800\" height=\"450\" src=\"https:\/\/www.youtube.com\/embed\/mlZztM1PgLY?feature=oembed\" frameborder=\"0\" allow=\"accelerometer; autoplay; encrypted-media; gyroscope; picture-in-picture\" allowfullscreen><\/iframe><\/p>\n<p>&nbsp;<\/p>\n<p>Por ello, Voces Paralelas entrevist\u00f3 al Director General de BIENALSUR y Rector de la Universidad Nacional de Tres de Febrero, Anibal Jozamin, quien destac\u00f3 las caracter\u00edsticas del Museo Provincial de Bellas Artes Franklin Rawson y la gran disposici\u00f3n de traer la exposici\u00f3n de Bill Viola \u201cEl cuerpo del tiempo\u201d.<\/p>\n<p><iframe loading=\"lazy\" title=\"MPBAFR BILL VIOLA\" width=\"800\" height=\"450\" src=\"https:\/\/www.youtube.com\/embed\/samL1hEraas?feature=oembed\" frameborder=\"0\" allow=\"accelerometer; autoplay; encrypted-media; gyroscope; picture-in-picture\" allowfullscreen><\/iframe><\/p>\n<p>&nbsp;<\/p>\n<p><strong><span style=\"color: #008000\">Se realiz\u00f3 una prueba de sonido y video<\/span><\/strong><\/p>\n<p><iframe loading=\"lazy\" title=\"MPBAFR BILL VIOLA\" width=\"800\" height=\"600\" src=\"https:\/\/www.youtube.com\/embed\/Xs1nEi2_k4E?feature=oembed\" frameborder=\"0\" allow=\"accelerometer; autoplay; encrypted-media; gyroscope; picture-in-picture\" allowfullscreen><\/iframe><\/p>\n<p>&nbsp;<\/p>\n<p>Es importante destacar que Bill Viola, USA, 1951 \u2013 2017, es un video artista contempor\u00e1neo. Se le considera una figura importante en la generaci\u00f3n de artistas cuya expresi\u00f3n depende de electr\u00f3nica, el sonido, la imagen y la tecnolog\u00eda de los nuevos medios. Sus obras se centran en las experiencias humanas fundamentales tales como los ciclos vitales, el nacimiento, la muerte, las representaciones on\u00edricas y los aspectos de la conciencia.<\/p>\n<p><iframe loading=\"lazy\" title=\"MPBAFR BILL VIOLA\" width=\"800\" height=\"600\" src=\"https:\/\/www.youtube.com\/embed\/D7lTGPwAVKU?feature=oembed\" frameborder=\"0\" allow=\"accelerometer; autoplay; encrypted-media; gyroscope; picture-in-picture\" allowfullscreen><\/iframe><\/p>\n<p>&nbsp;<\/p>\n<p><img loading=\"lazy\" decoding=\"async\" class=\"alignnone size-full wp-image-21645\" src=\"https:\/\/vocesparalelas.com.ar\/sitio\/wp-content\/uploads\/2019\/06\/BILL-VIOLA.jpg\" alt=\"\" width=\"768\" height=\"768\" srcset=\"https:\/\/vocesparalelas.com.ar\/sitio\/wp-content\/uploads\/2019\/06\/BILL-VIOLA.jpg 768w, https:\/\/vocesparalelas.com.ar\/sitio\/wp-content\/uploads\/2019\/06\/BILL-VIOLA-150x150.jpg 150w, https:\/\/vocesparalelas.com.ar\/sitio\/wp-content\/uploads\/2019\/06\/BILL-VIOLA-300x300.jpg 300w\" sizes=\"auto, (max-width: 768px) 100vw, 768px\" \/><\/p>\n<p>&nbsp;<\/p>\n<p>Bill Viola, (USA, 1951 \u2013 2017), es un video artista contempor\u00e1neo. Se le considera una figura importante en la generaci\u00f3n de artistas cuya expresi\u00f3n depende de electr\u00f3nica, el sonido, la imagen y la tecnolog\u00eda de los nuevos medios. Sus obras se centran en las experiencias humanas fundamentales tales como los ciclos vitales, el nacimiento, la muerte, las representaciones on\u00edricas y los aspectos de la conciencia.<\/p>\n<p><img loading=\"lazy\" decoding=\"async\" class=\"alignnone size-full wp-image-21845\" src=\"https:\/\/vocesparalelas.com.ar\/sitio\/wp-content\/uploads\/2019\/06\/MUSEO-21-06.jpg\" alt=\"\" width=\"817\" height=\"817\" srcset=\"https:\/\/vocesparalelas.com.ar\/sitio\/wp-content\/uploads\/2019\/06\/MUSEO-21-06.jpg 817w, https:\/\/vocesparalelas.com.ar\/sitio\/wp-content\/uploads\/2019\/06\/MUSEO-21-06-150x150.jpg 150w, https:\/\/vocesparalelas.com.ar\/sitio\/wp-content\/uploads\/2019\/06\/MUSEO-21-06-300x300.jpg 300w, https:\/\/vocesparalelas.com.ar\/sitio\/wp-content\/uploads\/2019\/06\/MUSEO-21-06-768x768.jpg 768w, https:\/\/vocesparalelas.com.ar\/sitio\/wp-content\/uploads\/2019\/06\/MUSEO-21-06-800x800.jpg 800w\" sizes=\"auto, (max-width: 817px) 100vw, 817px\" \/><\/p>\n<p><img loading=\"lazy\" decoding=\"async\" class=\"alignnone size-full wp-image-21866\" src=\"https:\/\/vocesparalelas.com.ar\/sitio\/wp-content\/uploads\/2019\/06\/MUSEO-BILL-VIOLA-01.jpg\" alt=\"\" width=\"1000\" height=\"667\" srcset=\"https:\/\/vocesparalelas.com.ar\/sitio\/wp-content\/uploads\/2019\/06\/MUSEO-BILL-VIOLA-01.jpg 1000w, https:\/\/vocesparalelas.com.ar\/sitio\/wp-content\/uploads\/2019\/06\/MUSEO-BILL-VIOLA-01-300x200.jpg 300w, https:\/\/vocesparalelas.com.ar\/sitio\/wp-content\/uploads\/2019\/06\/MUSEO-BILL-VIOLA-01-768x512.jpg 768w, https:\/\/vocesparalelas.com.ar\/sitio\/wp-content\/uploads\/2019\/06\/MUSEO-BILL-VIOLA-01-800x534.jpg 800w\" sizes=\"auto, (max-width: 1000px) 100vw, 1000px\" \/><\/p>\n<p>&nbsp;<\/p>\n<p><img loading=\"lazy\" decoding=\"async\" class=\"alignnone size-full wp-image-2333\" src=\"https:\/\/vocesparalelas.com.ar\/sitio\/wp-content\/uploads\/2017\/06\/MUSEO-FR.jpg\" alt=\"\" width=\"1024\" height=\"680\" srcset=\"https:\/\/vocesparalelas.com.ar\/sitio\/wp-content\/uploads\/2017\/06\/MUSEO-FR.jpg 1024w, https:\/\/vocesparalelas.com.ar\/sitio\/wp-content\/uploads\/2017\/06\/MUSEO-FR-300x199.jpg 300w, https:\/\/vocesparalelas.com.ar\/sitio\/wp-content\/uploads\/2017\/06\/MUSEO-FR-768x510.jpg 768w, https:\/\/vocesparalelas.com.ar\/sitio\/wp-content\/uploads\/2017\/06\/MUSEO-FR-800x531.jpg 800w\" sizes=\"auto, (max-width: 1024px) 100vw, 1024px\" \/><\/p>\n<p>&nbsp;<\/p>\n<p>&nbsp;<\/p>\n<p>&nbsp;<\/p>\n","protected":false},"excerpt":{"rendered":"<p>El Museo Provincial de Bellas Artes Franklin Rawson presenta obras del artista internacional Bill Viola \u201cEl cuerpo del tiempo\u201d, bajo<\/p>\n","protected":false},"author":3,"featured_media":21865,"comment_status":"closed","ping_status":"closed","sticky":false,"template":"","format":"video","meta":{"_acf_changed":false,"_seopress_robots_primary_cat":"","_seopress_titles_title":"","_seopress_titles_desc":"","_seopress_robots_index":"","colormag_page_container_layout":"default_layout","colormag_page_sidebar_layout":"default_layout","footnotes":""},"categories":[6,7],"tags":[],"class_list":["post-21644","post","type-post","status-publish","format-video","has-post-thumbnail","hentry","category-eventos","category-videos","post_format-post-format-video"],"acf":[],"_links":{"self":[{"href":"https:\/\/vocesparalelas.com.ar\/sitio\/wp-json\/wp\/v2\/posts\/21644","targetHints":{"allow":["GET"]}}],"collection":[{"href":"https:\/\/vocesparalelas.com.ar\/sitio\/wp-json\/wp\/v2\/posts"}],"about":[{"href":"https:\/\/vocesparalelas.com.ar\/sitio\/wp-json\/wp\/v2\/types\/post"}],"author":[{"embeddable":true,"href":"https:\/\/vocesparalelas.com.ar\/sitio\/wp-json\/wp\/v2\/users\/3"}],"replies":[{"embeddable":true,"href":"https:\/\/vocesparalelas.com.ar\/sitio\/wp-json\/wp\/v2\/comments?post=21644"}],"version-history":[{"count":7,"href":"https:\/\/vocesparalelas.com.ar\/sitio\/wp-json\/wp\/v2\/posts\/21644\/revisions"}],"predecessor-version":[{"id":21923,"href":"https:\/\/vocesparalelas.com.ar\/sitio\/wp-json\/wp\/v2\/posts\/21644\/revisions\/21923"}],"wp:featuredmedia":[{"embeddable":true,"href":"https:\/\/vocesparalelas.com.ar\/sitio\/wp-json\/wp\/v2\/media\/21865"}],"wp:attachment":[{"href":"https:\/\/vocesparalelas.com.ar\/sitio\/wp-json\/wp\/v2\/media?parent=21644"}],"wp:term":[{"taxonomy":"category","embeddable":true,"href":"https:\/\/vocesparalelas.com.ar\/sitio\/wp-json\/wp\/v2\/categories?post=21644"},{"taxonomy":"post_tag","embeddable":true,"href":"https:\/\/vocesparalelas.com.ar\/sitio\/wp-json\/wp\/v2\/tags?post=21644"}],"curies":[{"name":"wp","href":"https:\/\/api.w.org\/{rel}","templated":true}]}}