{"id":21285,"date":"2019-05-27T17:15:30","date_gmt":"2019-05-27T20:15:30","guid":{"rendered":"http:\/\/vocesparalelas.com.ar\/sitio\/?p=21285"},"modified":"2019-05-29T00:28:19","modified_gmt":"2019-05-29T03:28:19","slug":"jornadas-construyendo-con-la-faud-unsj-una-agenda-urbana-sustentable-2","status":"publish","type":"post","link":"https:\/\/vocesparalelas.com.ar\/sitio\/jornadas-construyendo-con-la-faud-unsj-una-agenda-urbana-sustentable-2\/","title":{"rendered":"Jornadas \u201cConstruyendo con la FAUD-UNSJ una agenda urbana sustentable\u201d"},"content":{"rendered":"<p>La Facultad de Arquitectura, Urbanismo y Dise\u00f1o de la Universidad Nacional de San Juan organiz\u00f3 y desarroll\u00f3 las jornadas \u201cConstruyendo con la FAUD-UNSJ una agenda urbana sustentable\u201d, durante el 23 y 24 de Mayo, en el auditorio Eloy Camus del Centro C\u00edvico.<\/p>\n<p>Estas jornadas apuntaron a un \u00e1mbito de interacci\u00f3n y discusi\u00f3n de lineamiento estrat\u00e9gicos para el desarrollo del \u00c1rea Metropolitana de la ciudad de San Juan &#8211; Gran San Juan- teniendo como marco la Agenda 2030 de las Naciones Unidas, a efectos de contribuir a una participaci\u00f3n ciudadana m\u00e1s y mejor informada.<\/p>\n<p><img loading=\"lazy\" decoding=\"async\" class=\"alignnone size-full wp-image-21287\" src=\"https:\/\/vocesparalelas.com.ar\/sitio\/wp-content\/uploads\/2019\/05\/FAUD-URBANO-04.jpg\" alt=\"\" width=\"1000\" height=\"667\" srcset=\"https:\/\/vocesparalelas.com.ar\/sitio\/wp-content\/uploads\/2019\/05\/FAUD-URBANO-04.jpg 1000w, https:\/\/vocesparalelas.com.ar\/sitio\/wp-content\/uploads\/2019\/05\/FAUD-URBANO-04-300x200.jpg 300w, https:\/\/vocesparalelas.com.ar\/sitio\/wp-content\/uploads\/2019\/05\/FAUD-URBANO-04-768x512.jpg 768w, https:\/\/vocesparalelas.com.ar\/sitio\/wp-content\/uploads\/2019\/05\/FAUD-URBANO-04-800x534.jpg 800w\" sizes=\"auto, (max-width: 1000px) 100vw, 1000px\" \/><\/p>\n<p>Por ello, Voces Paralelas, entrevist\u00f3 la coordinadora en el \u00e1mbito urbano, Arq. Alicia Malmod, quien explic\u00f3 el desarrollo y la gran participaci\u00f3n de referentes de distintos estamentos.<\/p>\n<p><iframe loading=\"lazy\" title=\"FAUD UNSJ ORDENAMIENTO URBANO 2\" width=\"800\" height=\"450\" src=\"https:\/\/www.youtube.com\/embed\/UJ9LMDSrvHE?feature=oembed\" frameborder=\"0\" allow=\"accelerometer; autoplay; encrypted-media; gyroscope; picture-in-picture\" allowfullscreen><\/iframe><\/p>\n<p>&nbsp;<\/p>\n<p>Docentes e investigadores de la FAUD &#8211; UNSJ aportan informaci\u00f3n y conocimientos especializados sobre la ciudad de San Juan y debaten con funcionarios, candidatos, organizaciones civiles y colegios profesionales sobre las problem\u00e1ticas y pol\u00edticas p\u00fablicas a implementar en el corto y mediano plazo.<\/p>\n<p>Adem\u00e1s, entrevist\u00f3 al coordinador del \u00e1mbito Patrimonial, Dr. Arq. Marcelo Soria, quien describi\u00f3 el trabajo que se realiza durante el encuentro.<\/p>\n<p><iframe loading=\"lazy\" title=\"FAUD UNSJ ORDENAMIENTO URBANO 1\" width=\"800\" height=\"450\" src=\"https:\/\/www.youtube.com\/embed\/Ut-XLSaD3OQ?feature=oembed\" frameborder=\"0\" allow=\"accelerometer; autoplay; encrypted-media; gyroscope; picture-in-picture\" allowfullscreen><\/iframe><\/p>\n<p>&nbsp;<\/p>\n<p><span style=\"color: #008000\"><strong>Ejes y Sub ejes tem\u00e1ticos:<\/strong><\/span><\/p>\n<p><span style=\"color: #008000\"><strong>1. Ordenamiento territorial y planificaci\u00f3n urbana<\/strong><\/span><\/p>\n<ul>\n<li>Habilitaci\u00f3n de usos residenciales (loteos) en los bordes del AMSJ.<\/li>\n<li>Ley de Tierras.<\/li>\n<li>Consumo de suelo productivo.<\/li>\n<li>Patrones de movilidad urbano-rurales.<\/li>\n<li>Implicancias del Banco de Tierras en el AMSJ.<\/li>\n<\/ul>\n<p><span style=\"color: #008000\"><strong>2. Pol\u00edticas de h\u00e1bitat y gesti\u00f3n colectiva en \u00e1reas segregadas y fragmentadas<\/strong><\/span><\/p>\n<ul>\n<li>Producci\u00f3n inclusiva.<\/li>\n<li>Pol\u00edtica habitacional: marcos conceptuales e incidencia.<\/li>\n<li>Renovaci\u00f3n y rehabilitaci\u00f3n urbana.<\/li>\n<li>Gesti\u00f3n municipal y participaci\u00f3n ciudadana.<\/li>\n<li>Segregaci\u00f3n urbana: pol\u00edticas para su mitigaci\u00f3n.<\/li>\n<\/ul>\n<p><span style=\"color: #008000\"><strong>3. Patrimonio, ambiente y desarrollo<\/strong><\/span><\/p>\n<ul>\n<li>Patrimonio urbano y planificaci\u00f3n. Patrimonio urbano y turismo.<\/li>\n<li>Patrimonio cultural y natural: protecci\u00f3n y puesta en valor.<\/li>\n<li>Dise\u00f1o e Innovaci\u00f3n cultural y productiva.<\/li>\n<li>Estrategias de intervenci\u00f3n en el patrimonio urbano.<\/li>\n<\/ul>\n<p><span style=\"color: #008000\"><strong>4. Uso racional de los recursos ambientales<\/strong><\/span><\/p>\n<ul>\n<li>Sustentabilidad ambiental: su inclusi\u00f3n en el c\u00f3digo de edificaci\u00f3n.<\/li>\n<li>Completamiento\/Densificaci\u00f3n del arbolado de alineaci\u00f3n en el AMSJ.<\/li>\n<li>Uso Racional de la energ\u00eda.<\/li>\n<li>Diversificaci\u00f3n de la matriz energ\u00e9tica.<\/li>\n<li>Gesti\u00f3n del riesgo.<\/li>\n<li>Sustentabilidad de los espacios p\u00fablicos abiertos.<\/li>\n<\/ul>\n<p>En cada jornada se trabaj\u00f3 en cada eje tem\u00e1tico a trav\u00e9s de conferencia, panel y conversatorio, que result\u00f3 muy positivo porque hubieron voces con aportes muy importantes que hacen al engrandecimiento del Gran San Juan.<\/p>\n<p><span style=\"color: #008000\"><strong>LINEAMIENTOS PARA LA REFLEXI\u00d3N Y EL DEBATE<\/strong><\/span><\/p>\n<p>&nbsp;<\/p>\n<ol>\n<li><span style=\"color: #008000\"><strong>Crecimiento \/ Usos de suelo \/ Producci\u00f3n. <\/strong><\/span>La orientaci\u00f3n del crecimiento f\u00edsico\/espacial del AMSJ, es una decisi\u00f3n pol\u00edtica donde la asignaci\u00f3n y habilitaci\u00f3n de usos de suelo, juegan un papel clave en la estrategia de revertir el actual proceso de desaprovechamiento del suelo servido e invasi\u00f3n del suelo productivo.<\/li>\n<\/ol>\n<ol start=\"2\">\n<li><span style=\"color: #008000\"><strong>La tierra como un recurso estrat\u00e9gico.<\/strong><\/span> Reconocimiento de la tierra como un recurso estrat\u00e9gico de la provincia y principalmente de quienes la trabajan y pueden garantizar su preservaci\u00f3n.<\/li>\n<\/ol>\n<ol start=\"3\">\n<li><span style=\"color: #008000\"><strong>Conformaci\u00f3n de un<\/strong> <strong>Sistema de Movilidad<\/strong> <strong>Integrado <\/strong><\/span>(<em>redes, patrones de movimiento, tipos y servicios de transporte, transporte de personas y movilidad de cargas otros),<\/em> que responda a las reales demandas de desplazamiento y ocupaci\u00f3n social del territorio, particularmente en las periferias urbanas. }<\/li>\n<li><span style=\"color: #008000\"><strong>Dise\u00f1o de pol\u00edticas integrales de H\u00e1bitat<\/strong> <\/span>que tiendan a reducir los procesos actuales de segregaci\u00f3n e inequidades en el acceso a bienes, servicios y equipamientos colectivos, a efectos mejorar la calidad de vida de los grupos socioecon\u00f3micos vulnerables\u00a0 y sus integraci\u00f3n social.<\/li>\n<li><strong><span style=\"color: #008000\">Implementaci\u00f3n de pol\u00edticas residenciales<\/span><\/strong> que lleven a la conformaci\u00f3n de una ciudad heterog\u00e9nea, evitando sectores sociales aislados y estigmatizados con dificultades de acceso a la informaci\u00f3n que brinden oportunidades para la educaci\u00f3n, el trabajo y la movilidad social.<\/li>\n<li><span style=\"color: #008000\"><strong>Generar pol\u00edticas habitacionales<\/strong> <\/span>que promuevan el desarrollo econ\u00f3mico no s\u00f3lo del sector formal de la econom\u00eda (empresas constructoras y servicios ligados a la construcci\u00f3n) sino que generen mecanismos de inclusi\u00f3n de sectores actualmente en la econom\u00eda informal (cooperativas, asociaciones, organizaciones sociales).<\/li>\n<li><span style=\"color: #008000\"><strong>La preservaci\u00f3n del patrimonio urbano es un derecho constitucional<\/strong> <\/span>a la vez que un deber del Estado y de la ciudadan\u00eda, por ello debe estimularse la participaci\u00f3n y la responsabilidad conjunta para alcanzar un desarrollo urbano sostenible. As\u00ed las intervenciones urbanas, que involucren tanto al patrimonio material como inmaterial deben ejecutarse en forma respetuosa y consensuada con las identidades que construyen y reconstruyen las historias de nuestra ciudad.<\/li>\n<li><span style=\"color: #008000\"><strong>Los procesos de expansi\u00f3n urbana<\/strong> <\/span>deben estar atravesados por enfoques integrados y participativos en los que puedan intervenir todos los habitantes e interesados pertinentes, en tanto estos procesos se dan sobre una matriz de identidades culturales diversas que deben ser respetadas y preservadas. Solo as\u00ed ser\u00e1 viable la renovaci\u00f3n, regeneraci\u00f3n y adaptaci\u00f3n de las zonas urbanas, evitando problem\u00e1ticas complejas como la segregaci\u00f3n espacial, socioecon\u00f3mica y la gentrificaci\u00f3n.<\/li>\n<li><strong><span style=\"color: #008000\">La pol\u00edtica tur\u00edstica y cultural<\/span><\/strong> debe impulsar ante todo el estudio y el reconocimiento de las diversas manifestaci\u00f3n tangibles e intangibles de los imaginarios colectivos e identidades urbanas, promoviendo su gesti\u00f3n desde la creatividad, la diversificaci\u00f3n, la modernizaci\u00f3n tecnol\u00f3gica y la innovaci\u00f3n, a los fines de favorecer la promoci\u00f3n de las industrias culturales y creativas y el turismo como acciones activas de conservaci\u00f3n y puesta en valor del patrimonio urbano, siguiendo principios de sustentabilidad, transform\u00e1ndose en una industria con bajo impacto sobre el medio ambiente y la cultura local y como motores de desarrollo econ\u00f3mico local.<\/li>\n<li><strong><span style=\"color: #008000\">Elaboraci\u00f3n e implementar pol\u00edticas de urbanismo bioclim\u00e1tico<\/span><\/strong> a trav\u00e9s de un marco normativo provincial orientado a mitigar la isla de calor urbana.<\/li>\n<li><span style=\"color: #008000\"><strong>Fomentar el uso racional de la energ\u00eda<\/strong><\/span> y la introducci\u00f3n de tecnolog\u00edas ecol\u00f3gicamente responsables para la transformaci\u00f3n social. Articular la reglamentaci\u00f3n energ\u00e9tica en los sectores edilicio, industrial y transporte<\/li>\n<li><span style=\"color: #008000\"><strong>Implementaci\u00f3n a nivel provincial,<\/strong><\/span> en articulaci\u00f3n con los gobiernos municipales, de un programa integral de Gesti\u00f3n del Riesgo que articule las acciones entre los distintos organismos y reparticiones tanto p\u00fablicas como de la sociedad civil,\u00a0 tendiente a reducir el impacto de los desastres, a partir del\u00a0 fortalecimiento de los recursos f\u00edsicos y humanos de las \u00e1reas en riesgo.<\/li>\n<\/ol>\n<p>&nbsp;<\/p>\n<p><img loading=\"lazy\" decoding=\"async\" class=\"alignnone size-full wp-image-21289\" src=\"https:\/\/vocesparalelas.com.ar\/sitio\/wp-content\/uploads\/2019\/05\/FAUD-UBANO-02.jpg\" alt=\"\" width=\"1000\" height=\"667\" srcset=\"https:\/\/vocesparalelas.com.ar\/sitio\/wp-content\/uploads\/2019\/05\/FAUD-UBANO-02.jpg 1000w, https:\/\/vocesparalelas.com.ar\/sitio\/wp-content\/uploads\/2019\/05\/FAUD-UBANO-02-300x200.jpg 300w, https:\/\/vocesparalelas.com.ar\/sitio\/wp-content\/uploads\/2019\/05\/FAUD-UBANO-02-768x512.jpg 768w, https:\/\/vocesparalelas.com.ar\/sitio\/wp-content\/uploads\/2019\/05\/FAUD-UBANO-02-800x534.jpg 800w\" sizes=\"auto, (max-width: 1000px) 100vw, 1000px\" \/><\/p>\n<p><img loading=\"lazy\" decoding=\"async\" class=\"alignnone size-full wp-image-21288\" src=\"https:\/\/vocesparalelas.com.ar\/sitio\/wp-content\/uploads\/2019\/05\/FAUD-URBANO-03.jpg\" alt=\"\" width=\"1000\" height=\"667\" srcset=\"https:\/\/vocesparalelas.com.ar\/sitio\/wp-content\/uploads\/2019\/05\/FAUD-URBANO-03.jpg 1000w, https:\/\/vocesparalelas.com.ar\/sitio\/wp-content\/uploads\/2019\/05\/FAUD-URBANO-03-300x200.jpg 300w, https:\/\/vocesparalelas.com.ar\/sitio\/wp-content\/uploads\/2019\/05\/FAUD-URBANO-03-768x512.jpg 768w, https:\/\/vocesparalelas.com.ar\/sitio\/wp-content\/uploads\/2019\/05\/FAUD-URBANO-03-800x534.jpg 800w\" sizes=\"auto, (max-width: 1000px) 100vw, 1000px\" \/><\/p>\n<p><img loading=\"lazy\" decoding=\"async\" class=\"alignnone size-full wp-image-21290\" src=\"https:\/\/vocesparalelas.com.ar\/sitio\/wp-content\/uploads\/2019\/05\/FAUD-URBANO-01.jpg\" alt=\"\" width=\"1000\" height=\"667\" srcset=\"https:\/\/vocesparalelas.com.ar\/sitio\/wp-content\/uploads\/2019\/05\/FAUD-URBANO-01.jpg 1000w, https:\/\/vocesparalelas.com.ar\/sitio\/wp-content\/uploads\/2019\/05\/FAUD-URBANO-01-300x200.jpg 300w, https:\/\/vocesparalelas.com.ar\/sitio\/wp-content\/uploads\/2019\/05\/FAUD-URBANO-01-768x512.jpg 768w, https:\/\/vocesparalelas.com.ar\/sitio\/wp-content\/uploads\/2019\/05\/FAUD-URBANO-01-800x534.jpg 800w\" sizes=\"auto, (max-width: 1000px) 100vw, 1000px\" \/><\/p>\n<p>&nbsp;<\/p>\n<p>&nbsp;<\/p>\n<p>&nbsp;<\/p>\n<p>&nbsp;<\/p>\n","protected":false},"excerpt":{"rendered":"<p>La Facultad de Arquitectura, Urbanismo y Dise\u00f1o de la Universidad Nacional de San Juan organiz\u00f3 y desarroll\u00f3 las jornadas \u201cConstruyendo<\/p>\n","protected":false},"author":3,"featured_media":21286,"comment_status":"closed","ping_status":"closed","sticky":false,"template":"","format":"video","meta":{"_acf_changed":false,"_seopress_robots_primary_cat":"","_seopress_titles_title":"","_seopress_titles_desc":"","_seopress_robots_index":"","colormag_page_container_layout":"default_layout","colormag_page_sidebar_layout":"default_layout","footnotes":""},"categories":[1,7],"tags":[],"class_list":["post-21285","post","type-post","status-publish","format-video","has-post-thumbnail","hentry","category-destacadas","category-videos","post_format-post-format-video"],"acf":[],"_links":{"self":[{"href":"https:\/\/vocesparalelas.com.ar\/sitio\/wp-json\/wp\/v2\/posts\/21285","targetHints":{"allow":["GET"]}}],"collection":[{"href":"https:\/\/vocesparalelas.com.ar\/sitio\/wp-json\/wp\/v2\/posts"}],"about":[{"href":"https:\/\/vocesparalelas.com.ar\/sitio\/wp-json\/wp\/v2\/types\/post"}],"author":[{"embeddable":true,"href":"https:\/\/vocesparalelas.com.ar\/sitio\/wp-json\/wp\/v2\/users\/3"}],"replies":[{"embeddable":true,"href":"https:\/\/vocesparalelas.com.ar\/sitio\/wp-json\/wp\/v2\/comments?post=21285"}],"version-history":[{"count":4,"href":"https:\/\/vocesparalelas.com.ar\/sitio\/wp-json\/wp\/v2\/posts\/21285\/revisions"}],"predecessor-version":[{"id":21343,"href":"https:\/\/vocesparalelas.com.ar\/sitio\/wp-json\/wp\/v2\/posts\/21285\/revisions\/21343"}],"wp:featuredmedia":[{"embeddable":true,"href":"https:\/\/vocesparalelas.com.ar\/sitio\/wp-json\/wp\/v2\/media\/21286"}],"wp:attachment":[{"href":"https:\/\/vocesparalelas.com.ar\/sitio\/wp-json\/wp\/v2\/media?parent=21285"}],"wp:term":[{"taxonomy":"category","embeddable":true,"href":"https:\/\/vocesparalelas.com.ar\/sitio\/wp-json\/wp\/v2\/categories?post=21285"},{"taxonomy":"post_tag","embeddable":true,"href":"https:\/\/vocesparalelas.com.ar\/sitio\/wp-json\/wp\/v2\/tags?post=21285"}],"curies":[{"name":"wp","href":"https:\/\/api.w.org\/{rel}","templated":true}]}}