{"id":21267,"date":"2019-05-26T18:54:16","date_gmt":"2019-05-26T21:54:16","guid":{"rendered":"http:\/\/vocesparalelas.com.ar\/sitio\/?p=21267"},"modified":"2019-05-28T01:40:16","modified_gmt":"2019-05-28T04:40:16","slug":"concierto-coral-solidario","status":"publish","type":"post","link":"https:\/\/vocesparalelas.com.ar\/sitio\/concierto-coral-solidario\/","title":{"rendered":"Concierto Coral Solidario"},"content":{"rendered":"<p>El Jueves, 30 de Mayo, a las 21:30 hs.; en el Auditorio Ing. Juan Victoria, se desarrolla el Concierto Coral Solidario \u00abRequiem\u00bb de Mauricio Durufl\u00e9 para \u00f3rgano, coro y solista.<\/p>\n<p>La entrada consiste en una caja de leche cada dos personas.<\/p>\n<p>Por ello, Voces Paralelas, entrevist\u00f3 a la Secretaria de Extensi\u00f3n de la Facultad de Filosof\u00eda, Humanidades y Artes de la Universidad Nacional de San Juan, Mg. Cristian Espejo, quien explic\u00f3 el motivo del Concierto Solidario.<\/p>\n<figure id=\"attachment_21271\" aria-describedby=\"caption-attachment-21271\" style=\"width: 1000px\" class=\"wp-caption alignnone\"><img loading=\"lazy\" decoding=\"async\" class=\"size-full wp-image-21271\" src=\"https:\/\/vocesparalelas.com.ar\/sitio\/wp-content\/uploads\/2019\/05\/CRISTIAN-ESPEJO.jpg\" alt=\"\" width=\"1000\" height=\"667\" srcset=\"https:\/\/vocesparalelas.com.ar\/sitio\/wp-content\/uploads\/2019\/05\/CRISTIAN-ESPEJO.jpg 1000w, https:\/\/vocesparalelas.com.ar\/sitio\/wp-content\/uploads\/2019\/05\/CRISTIAN-ESPEJO-300x200.jpg 300w, https:\/\/vocesparalelas.com.ar\/sitio\/wp-content\/uploads\/2019\/05\/CRISTIAN-ESPEJO-768x512.jpg 768w, https:\/\/vocesparalelas.com.ar\/sitio\/wp-content\/uploads\/2019\/05\/CRISTIAN-ESPEJO-800x534.jpg 800w\" sizes=\"auto, (max-width: 1000px) 100vw, 1000px\" \/><figcaption id=\"caption-attachment-21271\" class=\"wp-caption-text\">Secretaria de Extensi\u00f3n de la FFHA de la UNSJ, Mg. Cristian Espejo<\/figcaption><\/figure>\n<p>&nbsp;<\/p>\n<p><iframe loading=\"lazy\" title=\"FFHA UNSJ CONCIERTO SOLIDARIO\" width=\"800\" height=\"450\" src=\"https:\/\/www.youtube.com\/embed\/_A00uA_bWfw?feature=oembed\" frameborder=\"0\" allow=\"accelerometer; autoplay; encrypted-media; gyroscope; picture-in-picture\" allowfullscreen><\/iframe><\/p>\n<p>&nbsp;<\/p>\n<p><img loading=\"lazy\" decoding=\"async\" class=\"alignnone size-full wp-image-21268\" src=\"https:\/\/vocesparalelas.com.ar\/sitio\/wp-content\/uploads\/2019\/05\/FFHA-SOLIDARIO-CORO.jpg\" alt=\"\" width=\"720\" height=\"621\" srcset=\"https:\/\/vocesparalelas.com.ar\/sitio\/wp-content\/uploads\/2019\/05\/FFHA-SOLIDARIO-CORO.jpg 720w, https:\/\/vocesparalelas.com.ar\/sitio\/wp-content\/uploads\/2019\/05\/FFHA-SOLIDARIO-CORO-300x259.jpg 300w\" sizes=\"auto, (max-width: 720px) 100vw, 720px\" \/><\/p>\n<p>&nbsp;<\/p>\n<p><iframe loading=\"lazy\" title=\"FFHA UNSJ CONCIERTO CORAL SOLIDARIO\" width=\"800\" height=\"450\" src=\"https:\/\/www.youtube.com\/embed\/VhVz4xAZ9OY?feature=oembed\" frameborder=\"0\" allow=\"accelerometer; autoplay; encrypted-media; gyroscope; picture-in-picture\" allowfullscreen><\/iframe><\/p>\n<p>&nbsp;<\/p>\n<p>&nbsp;<\/p>\n<p>&nbsp;<\/p>\n<p>&nbsp;<\/p>\n<p>&nbsp;<\/p>\n","protected":false},"excerpt":{"rendered":"<p>El Jueves, 30 de Mayo, a las 21:30 hs.; en el Auditorio Ing. Juan Victoria, se desarrolla el Concierto Coral<\/p>\n","protected":false},"author":3,"featured_media":4322,"comment_status":"closed","ping_status":"closed","sticky":false,"template":"","format":"video","meta":{"_acf_changed":false,"_seopress_robots_primary_cat":"","_seopress_titles_title":"","_seopress_titles_desc":"","_seopress_robots_index":"","colormag_page_container_layout":"default_layout","colormag_page_sidebar_layout":"default_layout","footnotes":""},"categories":[6,7],"tags":[],"class_list":["post-21267","post","type-post","status-publish","format-video","has-post-thumbnail","hentry","category-eventos","category-videos","post_format-post-format-video"],"acf":[],"_links":{"self":[{"href":"https:\/\/vocesparalelas.com.ar\/sitio\/wp-json\/wp\/v2\/posts\/21267","targetHints":{"allow":["GET"]}}],"collection":[{"href":"https:\/\/vocesparalelas.com.ar\/sitio\/wp-json\/wp\/v2\/posts"}],"about":[{"href":"https:\/\/vocesparalelas.com.ar\/sitio\/wp-json\/wp\/v2\/types\/post"}],"author":[{"embeddable":true,"href":"https:\/\/vocesparalelas.com.ar\/sitio\/wp-json\/wp\/v2\/users\/3"}],"replies":[{"embeddable":true,"href":"https:\/\/vocesparalelas.com.ar\/sitio\/wp-json\/wp\/v2\/comments?post=21267"}],"version-history":[{"count":4,"href":"https:\/\/vocesparalelas.com.ar\/sitio\/wp-json\/wp\/v2\/posts\/21267\/revisions"}],"predecessor-version":[{"id":21270,"href":"https:\/\/vocesparalelas.com.ar\/sitio\/wp-json\/wp\/v2\/posts\/21267\/revisions\/21270"}],"wp:featuredmedia":[{"embeddable":true,"href":"https:\/\/vocesparalelas.com.ar\/sitio\/wp-json\/wp\/v2\/media\/4322"}],"wp:attachment":[{"href":"https:\/\/vocesparalelas.com.ar\/sitio\/wp-json\/wp\/v2\/media?parent=21267"}],"wp:term":[{"taxonomy":"category","embeddable":true,"href":"https:\/\/vocesparalelas.com.ar\/sitio\/wp-json\/wp\/v2\/categories?post=21267"},{"taxonomy":"post_tag","embeddable":true,"href":"https:\/\/vocesparalelas.com.ar\/sitio\/wp-json\/wp\/v2\/tags?post=21267"}],"curies":[{"name":"wp","href":"https:\/\/api.w.org\/{rel}","templated":true}]}}