{"id":21253,"date":"2019-05-23T18:09:06","date_gmt":"2019-05-23T21:09:06","guid":{"rendered":"http:\/\/vocesparalelas.com.ar\/sitio\/?p=21253"},"modified":"2019-05-24T13:54:55","modified_gmt":"2019-05-24T16:54:55","slug":"grandes-logros-para-los-docentes-universitarios-el-blanqueo-de-los-items-en-negro-del-sueldo","status":"publish","type":"post","link":"https:\/\/vocesparalelas.com.ar\/sitio\/grandes-logros-para-los-docentes-universitarios-el-blanqueo-de-los-items-en-negro-del-sueldo\/","title":{"rendered":"Grandes logros para los Docentes Universitarios \u00abel blanqueo de los items en negro del sueldo\u00bb"},"content":{"rendered":"<p>Como resultado de las reuniones paritarias y de las tres comisiones t\u00e9cnicas,\u00a0 el Lunes, 20 de Mayo, el Ministerio de Educaci\u00f3n formaliz\u00f3 por escrito la propuesta salarial para el presente a\u00f1o.<\/p>\n<p>La CONADU Hist\u00f3rica, desde el inicio de las negociaciones plante\u00f3 las siguientes condiciones:<\/p>\n<ol>\n<li>Ninguna suma en negro. Todos los aumentos deber\u00e1n ser remunerativos y bonificables, integrados a los sueldos b\u00e1sicos.<\/li>\n<li>El pase al b\u00e1sico en el transcurso del presente a\u00f1o de todas las sumas en negro (19% en total) que fueron producto del acta salarial 2018, que nuestra federaci\u00f3n rechaz\u00f3.<\/li>\n<li>La garant\u00eda de que exista cl\u00e1usula de actualizaci\u00f3n autom\u00e1tica (gatillo) y no de revisi\u00f3n como fue en 2018.<\/li>\n<li>La incorporaci\u00f3n de un Programa Nacional de pago de salarios para las y los docentes ad honorem.<\/li>\n<li>La recomposici\u00f3n de los nomencladores universitarios y preuniversitarios y la continuidad del Programa de Jerarquizaci\u00f3n Salarial Docente.<\/li>\n<li>Que la base de c\u00e1lculo de todos los incrementos 2019 sea sobre el salario conformado a abril de este a\u00f1o (44%)<\/li>\n<\/ol>\n<p>La propuesta salaria formulada por el gobierno en el d\u00eda de hoy contiene nuestras exigencias y fue la siguiente:<\/p>\n<ul>\n<li>MAYO: 4% de aumento (al b\u00e1sico y a las sumas en negro)<\/li>\n<li>JUNIO: blanqueo del 5% otorgado en enero de 2019.<\/li>\n<li>JULIO: 4% de aumento (al b\u00e1sico y a las sumas en negro)<\/li>\n<li>AGOSTO: del 14% restante de las sumas en negro, bonificaci\u00f3n de un 7% .<\/li>\n<li>SEPTIEMBRE:<\/li>\n<\/ul>\n<ol>\n<li>a) aumento del 8%\u00a0 (al b\u00e1sico y a las sumas en negro).<\/li>\n<li>b) aplicaci\u00f3n de la cl\u00e1usula de actualizaci\u00f3n autom\u00e1tica conocido el IPC del mes de septiembre.<\/li>\n<\/ol>\n<ul>\n<li>NOVIEMBRE: bonificaci\u00f3n del 7% restante.<\/li>\n<li>DICIEMBRE: se completa el blanqueo haciendo remunerativo el 14% que fue bonificado en los meses de agosto y noviembre.<\/li>\n<li>ENERO 2020:<\/li>\n<\/ul>\n<ol>\n<li>a) recomposici\u00f3n de los nomencladores universitario y preuniveristario.<\/li>\n<li>b) Adicional por jerarquizaci\u00f3n salarial.<\/li>\n<\/ol>\n<p>Estos dos \u00edtems totalizar\u00edan un 4% de incremento remunerativo y bonificable.<\/p>\n<ul>\n<li>FEBRERO 2020: aplicaci\u00f3n de la cl\u00e1usula de actualizaci\u00f3n autom\u00e1tica conocido el IPC del mes.<\/li>\n<\/ul>\n<p>PROGRAMA RENTAS PARA AD HONOREM<\/p>\n<p>En las discusiones con la CONADU Hist\u00f3rica se propuso avanzar en la implementaci\u00f3n del Programa Nacional de salarios para los ad-honorem que podr\u00eda alcanzar a unos mil cargos en la UBA.<\/p>\n<p><strong><span style=\"color: #008000\">RECONOCIMIENTO PROGRAMA DE CAPACITACION 2018<\/span><\/strong><\/p>\n<p>Se reconocer\u00eda a las Asociaciones de Base de CONADU Hist\u00f3rica los montos no percibidos en 2018 por los Programas de Capacitaci\u00f3n Docente Gratuita y Condiciones y Ambiente de Trabajo.<\/p>\n<p><strong>NOMENCLADOR PRE UNIVERSITARIO<\/strong><\/p>\n<p>Se crear\u00e1 una comisi\u00f3n de recomposici\u00f3n interna del nomenclador preuniversitario. Contar\u00e1 con financiamiento de parte del Ministerio de Educaci\u00f3n.<\/p>\n<p>Las y los paritarios de CONADU Hist\u00f3rica considera una propuesta para ser evaluada por nuestras asambleas de base, en virtud de que contiene, m\u00e1s all\u00e1 de la valoraci\u00f3n de los porcentajes) el blanqueo de todas las sumas fijas, que ninguna suma de la paritaria 2019 sea en negro, cl\u00e1usula gatillo, el avance en la renta a los ad honorem y la capacitaci\u00f3n docente para nuestros afiliados.\u00a0 La cl\u00e1usula gatillo en setiembre garantiza que, a esa fecha,\u00a0 los salarios empaten con la inflaci\u00f3n cualquiera sea el porcentaje acumulado de la misma; as\u00ed como la cl\u00e1usula gatillo de febrero asegura que el salario al finalizar la paritaria tambi\u00e9n quede empatado con la inflaci\u00f3n.<\/p>\n<p>Sobre la p\u00e9rdida salarial del a\u00f1o 2018 s\u00f3lo se pudo avanzar en que la base de c\u00e1lculo sea sobre el 44% de incremento (incluyendo el 3% de abril), cuando el acta firmada por las restantes federaciones el a\u00f1o pasado cerr\u00f3 la discusi\u00f3n con una base de c\u00e1lculo del 41%.<\/p>\n<p>Ante todo lo dicho anteriormente, se convoca al Congreso Nacional Extraordinario para el viernes 24 de mayo a las 11 horas en nuestra sede nacional.<\/p>\n<p>Frente a esta Propuesta del Gobierno Nacional, Voces Paralelas entrevist\u00f3 al Secretario General de ADICUS, gremio de base de CONADUH, quien describi\u00f3 la misma como un avance positivo para el sueldo del Docente Universitario.<\/p>\n<p><iframe loading=\"lazy\" title=\"ADICUS JAIME BARCELONA\" width=\"800\" height=\"450\" src=\"https:\/\/www.youtube.com\/embed\/Xe4-pmutO3M?feature=oembed\" frameborder=\"0\" allow=\"accelerometer; autoplay; encrypted-media; gyroscope; picture-in-picture\" allowfullscreen><\/iframe><\/p>\n<p><img loading=\"lazy\" decoding=\"async\" class=\"alignnone size-full wp-image-15835\" src=\"https:\/\/vocesparalelas.com.ar\/sitio\/wp-content\/uploads\/2018\/10\/ADICUS-EDIFICIO.jpg\" alt=\"\" width=\"1000\" height=\"664\" srcset=\"https:\/\/vocesparalelas.com.ar\/sitio\/wp-content\/uploads\/2018\/10\/ADICUS-EDIFICIO.jpg 1000w, https:\/\/vocesparalelas.com.ar\/sitio\/wp-content\/uploads\/2018\/10\/ADICUS-EDIFICIO-300x199.jpg 300w, https:\/\/vocesparalelas.com.ar\/sitio\/wp-content\/uploads\/2018\/10\/ADICUS-EDIFICIO-768x510.jpg 768w, https:\/\/vocesparalelas.com.ar\/sitio\/wp-content\/uploads\/2018\/10\/ADICUS-EDIFICIO-800x531.jpg 800w\" sizes=\"auto, (max-width: 1000px) 100vw, 1000px\" \/><\/p>\n<p>&nbsp;<\/p>\n<p>&nbsp;<\/p>\n<p>&nbsp;<\/p>\n<p>&nbsp;<\/p>\n<p>&nbsp;<\/p>\n<p>&nbsp;<\/p>\n","protected":false},"excerpt":{"rendered":"<p>Como resultado de las reuniones paritarias y de las tres comisiones t\u00e9cnicas,\u00a0 el Lunes, 20 de Mayo, el Ministerio de<\/p>\n","protected":false},"author":3,"featured_media":21256,"comment_status":"closed","ping_status":"closed","sticky":false,"template":"","format":"video","meta":{"_acf_changed":false,"_seopress_robots_primary_cat":"","_seopress_titles_title":"","_seopress_titles_desc":"","_seopress_robots_index":"","colormag_page_container_layout":"default_layout","colormag_page_sidebar_layout":"default_layout","footnotes":""},"categories":[1,7],"tags":[],"class_list":["post-21253","post","type-post","status-publish","format-video","has-post-thumbnail","hentry","category-destacadas","category-videos","post_format-post-format-video"],"acf":[],"_links":{"self":[{"href":"https:\/\/vocesparalelas.com.ar\/sitio\/wp-json\/wp\/v2\/posts\/21253","targetHints":{"allow":["GET"]}}],"collection":[{"href":"https:\/\/vocesparalelas.com.ar\/sitio\/wp-json\/wp\/v2\/posts"}],"about":[{"href":"https:\/\/vocesparalelas.com.ar\/sitio\/wp-json\/wp\/v2\/types\/post"}],"author":[{"embeddable":true,"href":"https:\/\/vocesparalelas.com.ar\/sitio\/wp-json\/wp\/v2\/users\/3"}],"replies":[{"embeddable":true,"href":"https:\/\/vocesparalelas.com.ar\/sitio\/wp-json\/wp\/v2\/comments?post=21253"}],"version-history":[{"count":2,"href":"https:\/\/vocesparalelas.com.ar\/sitio\/wp-json\/wp\/v2\/posts\/21253\/revisions"}],"predecessor-version":[{"id":21259,"href":"https:\/\/vocesparalelas.com.ar\/sitio\/wp-json\/wp\/v2\/posts\/21253\/revisions\/21259"}],"wp:featuredmedia":[{"embeddable":true,"href":"https:\/\/vocesparalelas.com.ar\/sitio\/wp-json\/wp\/v2\/media\/21256"}],"wp:attachment":[{"href":"https:\/\/vocesparalelas.com.ar\/sitio\/wp-json\/wp\/v2\/media?parent=21253"}],"wp:term":[{"taxonomy":"category","embeddable":true,"href":"https:\/\/vocesparalelas.com.ar\/sitio\/wp-json\/wp\/v2\/categories?post=21253"},{"taxonomy":"post_tag","embeddable":true,"href":"https:\/\/vocesparalelas.com.ar\/sitio\/wp-json\/wp\/v2\/tags?post=21253"}],"curies":[{"name":"wp","href":"https:\/\/api.w.org\/{rel}","templated":true}]}}