{"id":21249,"date":"2019-05-23T15:04:05","date_gmt":"2019-05-23T18:04:05","guid":{"rendered":"http:\/\/vocesparalelas.com.ar\/sitio\/?p=21249"},"modified":"2019-05-27T22:45:15","modified_gmt":"2019-05-28T01:45:15","slug":"convoca-a-contratados-de-servicios-generales-y-personal-administrativo-a-presentar-facturas-de-mayo-y-seguro","status":"publish","type":"post","link":"https:\/\/vocesparalelas.com.ar\/sitio\/convoca-a-contratados-de-servicios-generales-y-personal-administrativo-a-presentar-facturas-de-mayo-y-seguro\/","title":{"rendered":"Convoca a contratados de servicios generales y personal administrativo a presentar facturas de Mayo y seguro"},"content":{"rendered":"<p>El Ministerio de Educaci\u00f3n del Gobierno de San Juan convoca a contratados de servicios generales y personal administrativo a presentar del Mi\u00e9rcoles, 22 al Viernes, 24 de Mayo, de 7 a 13 y de 15 a 18 hs., la factura electr\u00f3nica y seguro, el cual es obligatorio para porteros al personal administrativo y de servicios generales con contratos de colaboraci\u00f3n de servicios, en la oficina de Log\u00edstica, 2\u00ba piso del Centro C\u00edvico.<\/p>\n<p><strong><span style=\"color: #3366ff\">Factura mes de Mayo<\/span><\/strong><\/p>\n<ul>\n<li>Fecha de emisi\u00f3n: 31\/05\/2019<\/li>\n<li>Per\u00edodo facturado: desde 01\/05\/2019 al 31\/05\/2019<\/li>\n<li>Vencimiento: 30\/06\/2019<\/li>\n<li>Monto a facturar para porteros: $8.980 (recordar que es obligatoria la presentaci\u00f3n de seguro).<\/li>\n<li>En el detalle debe expresar \u201cPago de honorario por contrato administrativo de servicio de colaboraci\u00f3n correspondiente al mes de mayo de 2019\u201d.<\/li>\n<li>En el dorso de la factura colocar: \u201cArt. 11\u00ba Ley N\u00ba 7492 cl\u00e1usula d\u00e9cimo tercera del contrato administrativo de servicios de colaboraci\u00f3n. San Juan 31\/05\/2019\u201d.<\/li>\n<\/ul>\n<p>Es obligaci\u00f3n presentar fotocopia legalizada del pago de seguro de mayo (debe estar legible con los datos del asegurado: nombre y apellido. Debe adem\u00e1s tener firma y sello del directivo).<\/p>\n<p>Administrativos deben presentan factura en la oficina de personal administrativo, con el monto acorde a cada contrato.<\/p>\n<p>&nbsp;<\/p>\n<p>&nbsp;<\/p>\n<p>&nbsp;<\/p>\n","protected":false},"excerpt":{"rendered":"<p>El Ministerio de Educaci\u00f3n del Gobierno de San Juan convoca a contratados de servicios generales y personal administrativo a presentar<\/p>\n","protected":false},"author":3,"featured_media":5037,"comment_status":"closed","ping_status":"closed","sticky":false,"template":"","format":"standard","meta":{"_acf_changed":false,"_seopress_robots_primary_cat":"","_seopress_titles_title":"","_seopress_titles_desc":"","_seopress_robots_index":"","colormag_page_container_layout":"default_layout","colormag_page_sidebar_layout":"default_layout","footnotes":""},"categories":[2],"tags":[],"class_list":["post-21249","post","type-post","status-publish","format-standard","has-post-thumbnail","hentry","category-convocatorias"],"acf":[],"_links":{"self":[{"href":"https:\/\/vocesparalelas.com.ar\/sitio\/wp-json\/wp\/v2\/posts\/21249","targetHints":{"allow":["GET"]}}],"collection":[{"href":"https:\/\/vocesparalelas.com.ar\/sitio\/wp-json\/wp\/v2\/posts"}],"about":[{"href":"https:\/\/vocesparalelas.com.ar\/sitio\/wp-json\/wp\/v2\/types\/post"}],"author":[{"embeddable":true,"href":"https:\/\/vocesparalelas.com.ar\/sitio\/wp-json\/wp\/v2\/users\/3"}],"replies":[{"embeddable":true,"href":"https:\/\/vocesparalelas.com.ar\/sitio\/wp-json\/wp\/v2\/comments?post=21249"}],"version-history":[{"count":1,"href":"https:\/\/vocesparalelas.com.ar\/sitio\/wp-json\/wp\/v2\/posts\/21249\/revisions"}],"predecessor-version":[{"id":21250,"href":"https:\/\/vocesparalelas.com.ar\/sitio\/wp-json\/wp\/v2\/posts\/21249\/revisions\/21250"}],"wp:featuredmedia":[{"embeddable":true,"href":"https:\/\/vocesparalelas.com.ar\/sitio\/wp-json\/wp\/v2\/media\/5037"}],"wp:attachment":[{"href":"https:\/\/vocesparalelas.com.ar\/sitio\/wp-json\/wp\/v2\/media?parent=21249"}],"wp:term":[{"taxonomy":"category","embeddable":true,"href":"https:\/\/vocesparalelas.com.ar\/sitio\/wp-json\/wp\/v2\/categories?post=21249"},{"taxonomy":"post_tag","embeddable":true,"href":"https:\/\/vocesparalelas.com.ar\/sitio\/wp-json\/wp\/v2\/tags?post=21249"}],"curies":[{"name":"wp","href":"https:\/\/api.w.org\/{rel}","templated":true}]}}