{"id":21236,"date":"2019-05-23T12:23:02","date_gmt":"2019-05-23T15:23:02","guid":{"rendered":"http:\/\/vocesparalelas.com.ar\/sitio\/?p=21236"},"modified":"2019-05-23T12:23:02","modified_gmt":"2019-05-23T15:23:02","slug":"reunion-credito-fiscal-de-fundacion-banco-san-juan","status":"publish","type":"post","link":"https:\/\/vocesparalelas.com.ar\/sitio\/reunion-credito-fiscal-de-fundacion-banco-san-juan\/","title":{"rendered":"Reuni\u00f3n Cr\u00e9dito Fiscal de Fundaci\u00f3n Banco San Juan"},"content":{"rendered":"<p>Fundaci\u00f3n Banco San Juan, invit\u00f3 a un desayuno informativo a importantes empresas , clientas de Banco San Juan, para dialogar y explicar c\u00f3mo se puede implementar el programa de cr\u00e9dito fiscal y desarrollar los beneficios que ofrece el mismo A la misma asisti\u00f3 el referente de la \u00a0delegaci\u00f3n \u00a0INET de San Juan Dr.Orlando Blanchero, gerentes de Banco San Juan y m\u00e1s de quince empresas locales.<\/p>\n<p>Las Fundaciones del Grupo Petersen hace m\u00e1s de diez a\u00f1os que vienen acompa\u00f1ando este programa en las provincias de Santa Fe, Entre Rios, Santa Cruz y San Juan, las cuales han desarrollado 174 proyectos para brindar equipamiento tecnol\u00f3gico y capacitaci\u00f3n a escuelas t\u00e9cnicas y agrotecnicas de las provincias.<\/p>\n<p>La presentaci\u00f3n de propuestas est\u00e1 abierta hasta el 7 de junio ante INET, y los proyectos deben tener vinculaci\u00f3n con la educaci\u00f3n t\u00e9cnica con el empleo y el desarrollo tecnol\u00f3gico y deben \u00a0tener por objetivo mejorar las condiciones de empleabilidad para estudiantes y miembros de la comunidad local.<\/p>\n<p>La convocatoria se realiza en el marco del Programa de Cr\u00e9dito Fiscal del Ministerio de Educaci\u00f3n de la Naci\u00f3n (Ley 22.317 \u2013 INET), del cual participa el Banco San Juan desde hace m\u00e1s de 10 a\u00f1os. La FBSJ coordina y gestiona las actividades, en el marco de su Programa Fortalecimiento de la Educaci\u00f3n T\u00e9cnica.<\/p>\n<p>Los proyectos presentados deber\u00e1n contemplar el desarrollo y ejecuci\u00f3n de acciones orientadas a: incorporar nuevas tecnolog\u00edas y equipamiento escolar, promover la articulaci\u00f3n con organizaciones del \u00e1mbito socio-productivo, Universidades y Centros de Investigaci\u00f3n, Desarrollo e Innovaci\u00f3n, brindar capacitaci\u00f3n tecnol\u00f3gica abierta a la comunidad, implementar pr\u00e1cticas profesionalizantes y actualizar la formaci\u00f3n t\u00e9cnico profesional de los docentes.<\/p>\n<p><span style=\"color: #008000\"><strong>Cada proyecto \u00bfQui\u00e9nes pueden participar? <\/strong><\/span><\/p>\n<p>Pueden participar establecimientos educativos reconocidos por la autoridad competente, de gesti\u00f3n p\u00fablica o privada, de nivel medio t\u00e9cnico, agrot\u00e9cnico, polimodal con trayectos t\u00e9cnicos, y\/o equivalentes.<\/p>\n<p>Para presentar proyectos y conocer condiciones y requisitos, los interesados pueden ingresar a <strong><a href=\"http:\/\/www.inet.edu.ar\">www.inet.edu.ar<\/a>.<\/strong><\/p>\n<p>Asimismo, las instituciones educativas interesadas en contar con el patrocinio del Banco San Juan, pueden consultar los requisitos en <strong><a href=\"http:\/\/www.fundacionbsj.org.ar\">www.fundacionbsj.org.ar<\/a><\/strong><\/p>\n<p>En la edici\u00f3n 2018, fueron aprobados cuatro proyectos de instituciones educativas sanjuaninas pertenecientes a las localidades de San Juan Capital, Zonda y San Mart\u00edn.<\/p>\n<p><img loading=\"lazy\" decoding=\"async\" class=\"alignnone size-full wp-image-21237\" src=\"https:\/\/vocesparalelas.com.ar\/sitio\/wp-content\/uploads\/2019\/05\/FBSJ-CAPACITACION-20.jpg\" alt=\"\" width=\"1024\" height=\"768\" srcset=\"https:\/\/vocesparalelas.com.ar\/sitio\/wp-content\/uploads\/2019\/05\/FBSJ-CAPACITACION-20.jpg 1024w, https:\/\/vocesparalelas.com.ar\/sitio\/wp-content\/uploads\/2019\/05\/FBSJ-CAPACITACION-20-300x225.jpg 300w, https:\/\/vocesparalelas.com.ar\/sitio\/wp-content\/uploads\/2019\/05\/FBSJ-CAPACITACION-20-768x576.jpg 768w, https:\/\/vocesparalelas.com.ar\/sitio\/wp-content\/uploads\/2019\/05\/FBSJ-CAPACITACION-20-800x600.jpg 800w\" sizes=\"auto, (max-width: 1024px) 100vw, 1024px\" \/><\/p>\n<p>&nbsp;<\/p>\n<p>&nbsp;<\/p>\n<p>&nbsp;<\/p>\n<p>&nbsp;<\/p>\n<p>&nbsp;<\/p>\n<p>&nbsp;<\/p>\n","protected":false},"excerpt":{"rendered":"<p>Fundaci\u00f3n Banco San Juan, invit\u00f3 a un desayuno informativo a importantes empresas , clientas de Banco San Juan, para dialogar<\/p>\n","protected":false},"author":3,"featured_media":21238,"comment_status":"closed","ping_status":"closed","sticky":false,"template":"","format":"standard","meta":{"_acf_changed":false,"_seopress_robots_primary_cat":"","_seopress_titles_title":"","_seopress_titles_desc":"","_seopress_robots_index":"","colormag_page_container_layout":"default_layout","colormag_page_sidebar_layout":"default_layout","footnotes":""},"categories":[1],"tags":[],"class_list":["post-21236","post","type-post","status-publish","format-standard","has-post-thumbnail","hentry","category-destacadas"],"acf":[],"_links":{"self":[{"href":"https:\/\/vocesparalelas.com.ar\/sitio\/wp-json\/wp\/v2\/posts\/21236","targetHints":{"allow":["GET"]}}],"collection":[{"href":"https:\/\/vocesparalelas.com.ar\/sitio\/wp-json\/wp\/v2\/posts"}],"about":[{"href":"https:\/\/vocesparalelas.com.ar\/sitio\/wp-json\/wp\/v2\/types\/post"}],"author":[{"embeddable":true,"href":"https:\/\/vocesparalelas.com.ar\/sitio\/wp-json\/wp\/v2\/users\/3"}],"replies":[{"embeddable":true,"href":"https:\/\/vocesparalelas.com.ar\/sitio\/wp-json\/wp\/v2\/comments?post=21236"}],"version-history":[{"count":1,"href":"https:\/\/vocesparalelas.com.ar\/sitio\/wp-json\/wp\/v2\/posts\/21236\/revisions"}],"predecessor-version":[{"id":21239,"href":"https:\/\/vocesparalelas.com.ar\/sitio\/wp-json\/wp\/v2\/posts\/21236\/revisions\/21239"}],"wp:featuredmedia":[{"embeddable":true,"href":"https:\/\/vocesparalelas.com.ar\/sitio\/wp-json\/wp\/v2\/media\/21238"}],"wp:attachment":[{"href":"https:\/\/vocesparalelas.com.ar\/sitio\/wp-json\/wp\/v2\/media?parent=21236"}],"wp:term":[{"taxonomy":"category","embeddable":true,"href":"https:\/\/vocesparalelas.com.ar\/sitio\/wp-json\/wp\/v2\/categories?post=21236"},{"taxonomy":"post_tag","embeddable":true,"href":"https:\/\/vocesparalelas.com.ar\/sitio\/wp-json\/wp\/v2\/tags?post=21236"}],"curies":[{"name":"wp","href":"https:\/\/api.w.org\/{rel}","templated":true}]}}