{"id":21230,"date":"2019-05-22T13:06:41","date_gmt":"2019-05-22T16:06:41","guid":{"rendered":"http:\/\/vocesparalelas.com.ar\/sitio\/?p=21230"},"modified":"2019-05-22T13:06:41","modified_gmt":"2019-05-22T16:06:41","slug":"panel-la-razon-de-su-vida-perspectivas-historico-politicas-sobre-eva-peron","status":"publish","type":"post","link":"https:\/\/vocesparalelas.com.ar\/sitio\/panel-la-razon-de-su-vida-perspectivas-historico-politicas-sobre-eva-peron\/","title":{"rendered":"Panel \u00abLa Raz\u00f3n de su vida. Perspectivas hist\u00f3rico-pol\u00edticas sobre Eva Per\u00f3n\u201d"},"content":{"rendered":"<p>El Jueves, 23 de Mayo, a las 18 hs.; en el Sal\u00f3n de Actos de la Facultad de Ciencias Sociales de la Universidad Nacional de San Juan, Avenida Ignacio de la Roza y Meglioli, se desarrolla el panel\u00a0 \u201cLa Raz\u00f3n de su vida. Perspectivas hist\u00f3rico-pol\u00edticas sobre Eva Per\u00f3n\u201d.<\/p>\n<p>Los disertantes ser\u00e1n el Lic. Santiago Regolo del Instituto Nacional de Investigaciones Hist\u00f3ricas Eva Per\u00f3n \u2013 Museo Evita que aborda, \u201cEva Per\u00f3n. Rasgos de la construcci\u00f3n de un liderazgo \u00fanico\u201d; y la Mag. M\u00f3nica Corradi, Secretaria de Posgrado de la FACSO, cuyo tema de ponencia ser\u00e1, \u201cEvita Feminista: por un nuevo modelo de mujer\u201d.<\/p>\n<p>Dicho panel forma parte de las actividades organizadas por las Diputadas Daniela Castro y Graciela Seva en el marco de los 100 a\u00f1os del natalicio de Eva Duarte de Per\u00f3n.<\/p>\n<p>La primera tuvo lugar el Mi\u00e9rcoles, 17 de Abril, en el Auditorium del Teatro del Bicentenario, en el que se present\u00f3 la obra de teatro \u201cEvita La Descamisada\u201d, y continuar\u00e1n hasta el mes de octubre.<\/p>\n<p>&nbsp;<\/p>\n<p>&nbsp;<\/p>\n<p><img loading=\"lazy\" decoding=\"async\" class=\"alignnone size-full wp-image-21231\" src=\"https:\/\/vocesparalelas.com.ar\/sitio\/wp-content\/uploads\/2019\/05\/eva-Panel-en-la-FACSO.jpg\" alt=\"\" width=\"724\" height=\"1024\" srcset=\"https:\/\/vocesparalelas.com.ar\/sitio\/wp-content\/uploads\/2019\/05\/eva-Panel-en-la-FACSO.jpg 724w, https:\/\/vocesparalelas.com.ar\/sitio\/wp-content\/uploads\/2019\/05\/eva-Panel-en-la-FACSO-212x300.jpg 212w, https:\/\/vocesparalelas.com.ar\/sitio\/wp-content\/uploads\/2019\/05\/eva-Panel-en-la-FACSO-566x800.jpg 566w\" sizes=\"auto, (max-width: 724px) 100vw, 724px\" \/><\/p>\n","protected":false},"excerpt":{"rendered":"<p>El Jueves, 23 de Mayo, a las 18 hs.; en el Sal\u00f3n de Actos de la Facultad de Ciencias Sociales<\/p>\n","protected":false},"author":3,"featured_media":21232,"comment_status":"closed","ping_status":"closed","sticky":false,"template":"","format":"standard","meta":{"_acf_changed":false,"_seopress_robots_primary_cat":"","_seopress_titles_title":"","_seopress_titles_desc":"","_seopress_robots_index":"","colormag_page_container_layout":"default_layout","colormag_page_sidebar_layout":"default_layout","footnotes":""},"categories":[1],"tags":[],"class_list":["post-21230","post","type-post","status-publish","format-standard","has-post-thumbnail","hentry","category-destacadas"],"acf":[],"_links":{"self":[{"href":"https:\/\/vocesparalelas.com.ar\/sitio\/wp-json\/wp\/v2\/posts\/21230","targetHints":{"allow":["GET"]}}],"collection":[{"href":"https:\/\/vocesparalelas.com.ar\/sitio\/wp-json\/wp\/v2\/posts"}],"about":[{"href":"https:\/\/vocesparalelas.com.ar\/sitio\/wp-json\/wp\/v2\/types\/post"}],"author":[{"embeddable":true,"href":"https:\/\/vocesparalelas.com.ar\/sitio\/wp-json\/wp\/v2\/users\/3"}],"replies":[{"embeddable":true,"href":"https:\/\/vocesparalelas.com.ar\/sitio\/wp-json\/wp\/v2\/comments?post=21230"}],"version-history":[{"count":1,"href":"https:\/\/vocesparalelas.com.ar\/sitio\/wp-json\/wp\/v2\/posts\/21230\/revisions"}],"predecessor-version":[{"id":21233,"href":"https:\/\/vocesparalelas.com.ar\/sitio\/wp-json\/wp\/v2\/posts\/21230\/revisions\/21233"}],"wp:featuredmedia":[{"embeddable":true,"href":"https:\/\/vocesparalelas.com.ar\/sitio\/wp-json\/wp\/v2\/media\/21232"}],"wp:attachment":[{"href":"https:\/\/vocesparalelas.com.ar\/sitio\/wp-json\/wp\/v2\/media?parent=21230"}],"wp:term":[{"taxonomy":"category","embeddable":true,"href":"https:\/\/vocesparalelas.com.ar\/sitio\/wp-json\/wp\/v2\/categories?post=21230"},{"taxonomy":"post_tag","embeddable":true,"href":"https:\/\/vocesparalelas.com.ar\/sitio\/wp-json\/wp\/v2\/tags?post=21230"}],"curies":[{"name":"wp","href":"https:\/\/api.w.org\/{rel}","templated":true}]}}