{"id":21218,"date":"2019-05-20T23:04:04","date_gmt":"2019-05-21T02:04:04","guid":{"rendered":"http:\/\/vocesparalelas.com.ar\/sitio\/?p=21218"},"modified":"2019-05-20T23:04:04","modified_gmt":"2019-05-21T02:04:04","slug":"la-plaza-madre-universal-con-un-dejo-de-amor-para-compartir-en-familia","status":"publish","type":"post","link":"https:\/\/vocesparalelas.com.ar\/sitio\/la-plaza-madre-universal-con-un-dejo-de-amor-para-compartir-en-familia\/","title":{"rendered":"La Plaza Madre Universal con un dejo de amor para compartir en familia"},"content":{"rendered":"<p>La Municipalidad de Rivadavia dise\u00f1\u00f3 la nueva presentaci\u00f3n de la Plaza Madre Universal con un dejo de amor para compartir en familia.<\/p>\n<p><img loading=\"lazy\" decoding=\"async\" class=\"alignnone size-full wp-image-21221\" src=\"https:\/\/vocesparalelas.com.ar\/sitio\/wp-content\/uploads\/2019\/05\/PLAZA-UNIVERSAL-01.jpg\" alt=\"\" width=\"1000\" height=\"750\" srcset=\"https:\/\/vocesparalelas.com.ar\/sitio\/wp-content\/uploads\/2019\/05\/PLAZA-UNIVERSAL-01.jpg 1000w, https:\/\/vocesparalelas.com.ar\/sitio\/wp-content\/uploads\/2019\/05\/PLAZA-UNIVERSAL-01-300x225.jpg 300w, https:\/\/vocesparalelas.com.ar\/sitio\/wp-content\/uploads\/2019\/05\/PLAZA-UNIVERSAL-01-768x576.jpg 768w, https:\/\/vocesparalelas.com.ar\/sitio\/wp-content\/uploads\/2019\/05\/PLAZA-UNIVERSAL-01-800x600.jpg 800w\" sizes=\"auto, (max-width: 1000px) 100vw, 1000px\" \/><\/p>\n<p>Es as\u00ed, que Voces Paralelas entrevist\u00f3 al Intendente de la Municipalidad de Rivadavia, Dr. Fabi\u00e1n Mart\u00edn, quien explic\u00f3 lo logros alcanzados en la Plaza Madre Universal, en el coraz\u00f3n del Departamento, dando una vista agradable para que la familia pueda disfrutar de un espacio agradable en toda su dimensi\u00f3n.<\/p>\n<p><iframe loading=\"lazy\" title=\"PLAZA MADRE UNIVERSAL\" width=\"800\" height=\"450\" src=\"https:\/\/www.youtube.com\/embed\/GLP-IEtM3Ow?feature=oembed\" frameborder=\"0\" allow=\"accelerometer; autoplay; encrypted-media; gyroscope; picture-in-picture\" allowfullscreen><\/iframe><\/p>\n<p>&nbsp;<\/p>\n<p><img loading=\"lazy\" decoding=\"async\" class=\"alignnone size-full wp-image-21219\" src=\"https:\/\/vocesparalelas.com.ar\/sitio\/wp-content\/uploads\/2019\/05\/PLAZA-UNIVERSAL-05.jpg\" alt=\"\" width=\"1000\" height=\"750\" srcset=\"https:\/\/vocesparalelas.com.ar\/sitio\/wp-content\/uploads\/2019\/05\/PLAZA-UNIVERSAL-05.jpg 1000w, https:\/\/vocesparalelas.com.ar\/sitio\/wp-content\/uploads\/2019\/05\/PLAZA-UNIVERSAL-05-300x225.jpg 300w, https:\/\/vocesparalelas.com.ar\/sitio\/wp-content\/uploads\/2019\/05\/PLAZA-UNIVERSAL-05-768x576.jpg 768w, https:\/\/vocesparalelas.com.ar\/sitio\/wp-content\/uploads\/2019\/05\/PLAZA-UNIVERSAL-05-800x600.jpg 800w\" sizes=\"auto, (max-width: 1000px) 100vw, 1000px\" \/><\/p>\n<p>&nbsp;<\/p>\n<p><iframe loading=\"lazy\" title=\"PLAZA MADRE UNIVERSAL\" width=\"800\" height=\"450\" src=\"https:\/\/www.youtube.com\/embed\/oZIXQglpOrI?feature=oembed\" frameborder=\"0\" allow=\"accelerometer; autoplay; encrypted-media; gyroscope; picture-in-picture\" allowfullscreen><\/iframe><\/p>\n<p>&nbsp;<\/p>\n<p>&nbsp;<\/p>\n<p>&nbsp;<\/p>\n<p>&nbsp;<\/p>\n","protected":false},"excerpt":{"rendered":"<p>La Municipalidad de Rivadavia dise\u00f1\u00f3 la nueva presentaci\u00f3n de la Plaza Madre Universal con un dejo de amor para compartir<\/p>\n","protected":false},"author":3,"featured_media":21220,"comment_status":"closed","ping_status":"closed","sticky":false,"template":"","format":"video","meta":{"_acf_changed":false,"_seopress_robots_primary_cat":"","_seopress_titles_title":"","_seopress_titles_desc":"","_seopress_robots_index":"","colormag_page_container_layout":"default_layout","colormag_page_sidebar_layout":"default_layout","footnotes":""},"categories":[1,7],"tags":[],"class_list":["post-21218","post","type-post","status-publish","format-video","has-post-thumbnail","hentry","category-destacadas","category-videos","post_format-post-format-video"],"acf":[],"_links":{"self":[{"href":"https:\/\/vocesparalelas.com.ar\/sitio\/wp-json\/wp\/v2\/posts\/21218","targetHints":{"allow":["GET"]}}],"collection":[{"href":"https:\/\/vocesparalelas.com.ar\/sitio\/wp-json\/wp\/v2\/posts"}],"about":[{"href":"https:\/\/vocesparalelas.com.ar\/sitio\/wp-json\/wp\/v2\/types\/post"}],"author":[{"embeddable":true,"href":"https:\/\/vocesparalelas.com.ar\/sitio\/wp-json\/wp\/v2\/users\/3"}],"replies":[{"embeddable":true,"href":"https:\/\/vocesparalelas.com.ar\/sitio\/wp-json\/wp\/v2\/comments?post=21218"}],"version-history":[{"count":1,"href":"https:\/\/vocesparalelas.com.ar\/sitio\/wp-json\/wp\/v2\/posts\/21218\/revisions"}],"predecessor-version":[{"id":21222,"href":"https:\/\/vocesparalelas.com.ar\/sitio\/wp-json\/wp\/v2\/posts\/21218\/revisions\/21222"}],"wp:featuredmedia":[{"embeddable":true,"href":"https:\/\/vocesparalelas.com.ar\/sitio\/wp-json\/wp\/v2\/media\/21220"}],"wp:attachment":[{"href":"https:\/\/vocesparalelas.com.ar\/sitio\/wp-json\/wp\/v2\/media?parent=21218"}],"wp:term":[{"taxonomy":"category","embeddable":true,"href":"https:\/\/vocesparalelas.com.ar\/sitio\/wp-json\/wp\/v2\/categories?post=21218"},{"taxonomy":"post_tag","embeddable":true,"href":"https:\/\/vocesparalelas.com.ar\/sitio\/wp-json\/wp\/v2\/tags?post=21218"}],"curies":[{"name":"wp","href":"https:\/\/api.w.org\/{rel}","templated":true}]}}