{"id":21211,"date":"2019-05-20T21:25:57","date_gmt":"2019-05-21T00:25:57","guid":{"rendered":"http:\/\/vocesparalelas.com.ar\/sitio\/?p=21211"},"modified":"2019-05-20T21:25:57","modified_gmt":"2019-05-21T00:25:57","slug":"la-excelente-conferencia-los-hogares-escuelas-en-san-juan-que-cautivo-a-los-presentes","status":"publish","type":"post","link":"https:\/\/vocesparalelas.com.ar\/sitio\/la-excelente-conferencia-los-hogares-escuelas-en-san-juan-que-cautivo-a-los-presentes\/","title":{"rendered":"La excelente conferencia \u00abLos Hogares &#8211; Escuelas en San Juan\u00bb que cautiv\u00f3 a los presentes"},"content":{"rendered":"<p>En el marco de los 100 a\u00f1os del natalicio de Eva Per\u00f3n, se desarroll\u00f3 la conferencia \u00abLos Hogares &#8211; Escuelas en San Juan\u00bb, a cargo del Arq. Jorge Mart\u00edn, en el Centro Cultural Eva Duarte de Per\u00f3n.<\/p>\n<p>Estas Escuelas fueron creadas por Evita y el Desarrollo a trav\u00e9s de la Fundaci\u00f3n Eva Per\u00f3n y el espacio elegido para dar la conferencia fue un ejemplo de Patrimonio Cultural, que actualmente, es ocupado parte por la Escuela de Polic\u00eda de San Juan y otra parte, ocupada por el Hogar de Anciano.<\/p>\n<p>Es importante destacar que el\u00a0 Arq. Jorge Mart\u00edn es Profesor\u00a0 Titular de la C\u00e1tedra Teor\u00eda Historia y Cr\u00edtica Arquitect\u00f3nica III de la Facultad de Arquitectura, Urbanismo y Dise\u00f1o de la Universidad Nacional de San Juan. Adem\u00e1s, Delegado por San Juan de la Comisi\u00f3n Nacional de Monumentos de Lugares y de Bienes Hist\u00f3ricos. Tambi\u00e9n Consultor Senior en Patrimonio Cultural en el Plan del \u00c1rea Metropolitana San Juan &#8211; PLAMSJ y Miembro del Consejo de Patrimonio de la Provincia de San Juan.<\/p>\n<p>Voces Paralelas, particip\u00f3 de la Conferencia fue muy rica en conocimiento y el feedback se produjo con el aporte de los presentes cargados de recuerdos por experiencias vivida con la presencia de Eva Per\u00f3n.<\/p>\n<p>Finalizada la misma, Voces Paralelas entrevist\u00f3 al Arq. Jorge Mart\u00edn, quien explic\u00f3 el surgimiento de los \u00abLos Hogares &#8211; Escuelas en San Juan\u00bb y que la provincia tiene dos construcciones.<\/p>\n<figure id=\"attachment_21214\" aria-describedby=\"caption-attachment-21214\" style=\"width: 1000px\" class=\"wp-caption alignnone\"><img loading=\"lazy\" decoding=\"async\" class=\"size-full wp-image-21214\" src=\"https:\/\/vocesparalelas.com.ar\/sitio\/wp-content\/uploads\/2019\/05\/ARQ.-JORGE-MART\u00cdN-04.jpg\" alt=\"\" width=\"1000\" height=\"667\" srcset=\"https:\/\/vocesparalelas.com.ar\/sitio\/wp-content\/uploads\/2019\/05\/ARQ.-JORGE-MART\u00cdN-04.jpg 1000w, https:\/\/vocesparalelas.com.ar\/sitio\/wp-content\/uploads\/2019\/05\/ARQ.-JORGE-MART\u00cdN-04-300x200.jpg 300w, https:\/\/vocesparalelas.com.ar\/sitio\/wp-content\/uploads\/2019\/05\/ARQ.-JORGE-MART\u00cdN-04-768x512.jpg 768w, https:\/\/vocesparalelas.com.ar\/sitio\/wp-content\/uploads\/2019\/05\/ARQ.-JORGE-MART\u00cdN-04-800x534.jpg 800w\" sizes=\"auto, (max-width: 1000px) 100vw, 1000px\" \/><figcaption id=\"caption-attachment-21214\" class=\"wp-caption-text\">Arq. Jorge Mart\u00edn<\/figcaption><\/figure>\n<p>&nbsp;<\/p>\n<p><iframe loading=\"lazy\" title=\"FAUD UNSJ ARQ  JORGE MARTIN\" width=\"800\" height=\"450\" src=\"https:\/\/www.youtube.com\/embed\/--lYjt2PhD4?feature=oembed\" frameborder=\"0\" allow=\"accelerometer; autoplay; encrypted-media; gyroscope; picture-in-picture\" allowfullscreen><\/iframe><\/p>\n<p>Se publica un recuerdo que agradece lo que Eva Per\u00f3n dej\u00f3 marcado a los ni\u00f1os, j\u00f3venes de aquella \u00e9poca, que emocion\u00f3 a todos los presentes.<\/p>\n<p><iframe loading=\"lazy\" title=\"TESTIMONIO EVA PERON\" width=\"800\" height=\"450\" src=\"https:\/\/www.youtube.com\/embed\/bwzMPCh0aF4?feature=oembed\" frameborder=\"0\" allow=\"accelerometer; autoplay; encrypted-media; gyroscope; picture-in-picture\" allowfullscreen><\/iframe><\/p>\n<p>Al finalizar la conferencia, los presentes tomaron la palabra para recordar momentos vividos y solicitaron al Arq. Jorge Mart\u00edn, que la conferencia se realice nuevamente en otro espacio porque estuvieron muy satisfechos con la misma y los documentos presentados.<\/p>\n<p><img loading=\"lazy\" decoding=\"async\" class=\"alignnone size-full wp-image-21213\" src=\"https:\/\/vocesparalelas.com.ar\/sitio\/wp-content\/uploads\/2019\/05\/ARQ.-JORGE-MARTIN-06.jpg\" alt=\"\" width=\"1000\" height=\"667\" srcset=\"https:\/\/vocesparalelas.com.ar\/sitio\/wp-content\/uploads\/2019\/05\/ARQ.-JORGE-MARTIN-06.jpg 1000w, https:\/\/vocesparalelas.com.ar\/sitio\/wp-content\/uploads\/2019\/05\/ARQ.-JORGE-MARTIN-06-300x200.jpg 300w, https:\/\/vocesparalelas.com.ar\/sitio\/wp-content\/uploads\/2019\/05\/ARQ.-JORGE-MARTIN-06-768x512.jpg 768w, https:\/\/vocesparalelas.com.ar\/sitio\/wp-content\/uploads\/2019\/05\/ARQ.-JORGE-MARTIN-06-800x534.jpg 800w\" sizes=\"auto, (max-width: 1000px) 100vw, 1000px\" \/><\/p>\n<p><img loading=\"lazy\" decoding=\"async\" class=\"alignnone size-full wp-image-21212\" src=\"https:\/\/vocesparalelas.com.ar\/sitio\/wp-content\/uploads\/2019\/05\/ARQ.-LORGE-MARTIN-07.jpg\" alt=\"\" width=\"1000\" height=\"667\" srcset=\"https:\/\/vocesparalelas.com.ar\/sitio\/wp-content\/uploads\/2019\/05\/ARQ.-LORGE-MARTIN-07.jpg 1000w, https:\/\/vocesparalelas.com.ar\/sitio\/wp-content\/uploads\/2019\/05\/ARQ.-LORGE-MARTIN-07-300x200.jpg 300w, https:\/\/vocesparalelas.com.ar\/sitio\/wp-content\/uploads\/2019\/05\/ARQ.-LORGE-MARTIN-07-768x512.jpg 768w, https:\/\/vocesparalelas.com.ar\/sitio\/wp-content\/uploads\/2019\/05\/ARQ.-LORGE-MARTIN-07-800x534.jpg 800w\" sizes=\"auto, (max-width: 1000px) 100vw, 1000px\" \/><\/p>\n<p>&nbsp;<\/p>\n<p><img loading=\"lazy\" decoding=\"async\" class=\"alignnone size-full wp-image-21014\" src=\"https:\/\/vocesparalelas.com.ar\/sitio\/wp-content\/uploads\/2019\/05\/FAUD-UNSJ-CONFERENCIA.jpg\" alt=\"\" width=\"817\" height=\"817\" srcset=\"https:\/\/vocesparalelas.com.ar\/sitio\/wp-content\/uploads\/2019\/05\/FAUD-UNSJ-CONFERENCIA.jpg 817w, https:\/\/vocesparalelas.com.ar\/sitio\/wp-content\/uploads\/2019\/05\/FAUD-UNSJ-CONFERENCIA-150x150.jpg 150w, https:\/\/vocesparalelas.com.ar\/sitio\/wp-content\/uploads\/2019\/05\/FAUD-UNSJ-CONFERENCIA-300x300.jpg 300w, https:\/\/vocesparalelas.com.ar\/sitio\/wp-content\/uploads\/2019\/05\/FAUD-UNSJ-CONFERENCIA-768x768.jpg 768w, https:\/\/vocesparalelas.com.ar\/sitio\/wp-content\/uploads\/2019\/05\/FAUD-UNSJ-CONFERENCIA-800x800.jpg 800w\" sizes=\"auto, (max-width: 817px) 100vw, 817px\" \/><\/p>\n","protected":false},"excerpt":{"rendered":"<p>En el marco de los 100 a\u00f1os del natalicio de Eva Per\u00f3n, se desarroll\u00f3 la conferencia \u00abLos Hogares &#8211; Escuelas<\/p>\n","protected":false},"author":3,"featured_media":21215,"comment_status":"closed","ping_status":"closed","sticky":false,"template":"","format":"video","meta":{"_acf_changed":false,"_seopress_robots_primary_cat":"","_seopress_titles_title":"","_seopress_titles_desc":"","_seopress_robots_index":"","colormag_page_container_layout":"default_layout","colormag_page_sidebar_layout":"default_layout","footnotes":""},"categories":[1,7],"tags":[],"class_list":["post-21211","post","type-post","status-publish","format-video","has-post-thumbnail","hentry","category-destacadas","category-videos","post_format-post-format-video"],"acf":[],"_links":{"self":[{"href":"https:\/\/vocesparalelas.com.ar\/sitio\/wp-json\/wp\/v2\/posts\/21211","targetHints":{"allow":["GET"]}}],"collection":[{"href":"https:\/\/vocesparalelas.com.ar\/sitio\/wp-json\/wp\/v2\/posts"}],"about":[{"href":"https:\/\/vocesparalelas.com.ar\/sitio\/wp-json\/wp\/v2\/types\/post"}],"author":[{"embeddable":true,"href":"https:\/\/vocesparalelas.com.ar\/sitio\/wp-json\/wp\/v2\/users\/3"}],"replies":[{"embeddable":true,"href":"https:\/\/vocesparalelas.com.ar\/sitio\/wp-json\/wp\/v2\/comments?post=21211"}],"version-history":[{"count":1,"href":"https:\/\/vocesparalelas.com.ar\/sitio\/wp-json\/wp\/v2\/posts\/21211\/revisions"}],"predecessor-version":[{"id":21217,"href":"https:\/\/vocesparalelas.com.ar\/sitio\/wp-json\/wp\/v2\/posts\/21211\/revisions\/21217"}],"wp:featuredmedia":[{"embeddable":true,"href":"https:\/\/vocesparalelas.com.ar\/sitio\/wp-json\/wp\/v2\/media\/21215"}],"wp:attachment":[{"href":"https:\/\/vocesparalelas.com.ar\/sitio\/wp-json\/wp\/v2\/media?parent=21211"}],"wp:term":[{"taxonomy":"category","embeddable":true,"href":"https:\/\/vocesparalelas.com.ar\/sitio\/wp-json\/wp\/v2\/categories?post=21211"},{"taxonomy":"post_tag","embeddable":true,"href":"https:\/\/vocesparalelas.com.ar\/sitio\/wp-json\/wp\/v2\/tags?post=21211"}],"curies":[{"name":"wp","href":"https:\/\/api.w.org\/{rel}","templated":true}]}}