{"id":21198,"date":"2019-05-18T13:13:53","date_gmt":"2019-05-18T16:13:53","guid":{"rendered":"http:\/\/vocesparalelas.com.ar\/sitio\/?p=21198"},"modified":"2019-05-18T13:13:53","modified_gmt":"2019-05-18T16:13:53","slug":"concierto-y-exposicion-inspirados-por-la-tradicion","status":"publish","type":"post","link":"https:\/\/vocesparalelas.com.ar\/sitio\/concierto-y-exposicion-inspirados-por-la-tradicion\/","title":{"rendered":"Concierto y Exposici\u00f3n \u201cInspirados por la tradici\u00f3n\u201d"},"content":{"rendered":"<p>El Mi\u00e9rcoles, 22 de Mayo, a las 21:30 horas,\u00a0 en el Club Social San Juan, Rivadavia 68 &#8211; E &#8211; Capital, se desarrolla \u00abBrindis con el Arte\u00bb que inicia el Ciclo 2019. La entrada es libre y gratuita y el comienzo puntual.<\/p>\n<p>En esta oportunidad comienza con el Concierto y Exposici\u00f3n \u201cInspirados por la tradici\u00f3n\u201d, rememorando la Semana de Mayo.<\/p>\n<p>Participan Beatriz Yacante, Sara Rodrigo, Ana Paula Oyola, Mariana Pechuan, Cecilia Cumpi\u00e1n, Lizell Claros, Javier Villegas, Cristian Peralta y Walter Vilches (Piano); Jes\u00fas Torres (Flauta); Florencia Barros y Hern\u00e1n Liquitay (Percusi\u00f3n), interpretando repertorio latinoamericano de ra\u00edz folkl\u00f3rica y basado en cantos y melod\u00edas populares.<\/p>\n<p>Simult\u00e1neamente, se exhibe una muestra con obras de la artista pl\u00e1stica Natalia Quiroga.<\/p>\n<p>&nbsp;<\/p>\n<p><img loading=\"lazy\" decoding=\"async\" class=\"alignnone size-full wp-image-21199\" src=\"https:\/\/vocesparalelas.com.ar\/sitio\/wp-content\/uploads\/2019\/05\/arte-social.jpg\" alt=\"\" width=\"1024\" height=\"1024\" srcset=\"https:\/\/vocesparalelas.com.ar\/sitio\/wp-content\/uploads\/2019\/05\/arte-social.jpg 1024w, https:\/\/vocesparalelas.com.ar\/sitio\/wp-content\/uploads\/2019\/05\/arte-social-150x150.jpg 150w, https:\/\/vocesparalelas.com.ar\/sitio\/wp-content\/uploads\/2019\/05\/arte-social-300x300.jpg 300w, https:\/\/vocesparalelas.com.ar\/sitio\/wp-content\/uploads\/2019\/05\/arte-social-768x768.jpg 768w, https:\/\/vocesparalelas.com.ar\/sitio\/wp-content\/uploads\/2019\/05\/arte-social-800x800.jpg 800w\" sizes=\"auto, (max-width: 1024px) 100vw, 1024px\" \/><\/p>\n<p>&nbsp;<\/p>\n<p>&nbsp;<\/p>\n<p>&nbsp;<\/p>\n<p>&nbsp;<\/p>\n<p>&nbsp;<\/p>\n<p>&nbsp;<\/p>\n","protected":false},"excerpt":{"rendered":"<p>El Mi\u00e9rcoles, 22 de Mayo, a las 21:30 horas,\u00a0 en el Club Social San Juan, Rivadavia 68 &#8211; E &#8211;<\/p>\n","protected":false},"author":3,"featured_media":17239,"comment_status":"closed","ping_status":"closed","sticky":false,"template":"","format":"standard","meta":{"_acf_changed":false,"_seopress_robots_primary_cat":"","_seopress_titles_title":"","_seopress_titles_desc":"","_seopress_robots_index":"","colormag_page_container_layout":"default_layout","colormag_page_sidebar_layout":"default_layout","footnotes":""},"categories":[1],"tags":[],"class_list":["post-21198","post","type-post","status-publish","format-standard","has-post-thumbnail","hentry","category-destacadas"],"acf":[],"_links":{"self":[{"href":"https:\/\/vocesparalelas.com.ar\/sitio\/wp-json\/wp\/v2\/posts\/21198","targetHints":{"allow":["GET"]}}],"collection":[{"href":"https:\/\/vocesparalelas.com.ar\/sitio\/wp-json\/wp\/v2\/posts"}],"about":[{"href":"https:\/\/vocesparalelas.com.ar\/sitio\/wp-json\/wp\/v2\/types\/post"}],"author":[{"embeddable":true,"href":"https:\/\/vocesparalelas.com.ar\/sitio\/wp-json\/wp\/v2\/users\/3"}],"replies":[{"embeddable":true,"href":"https:\/\/vocesparalelas.com.ar\/sitio\/wp-json\/wp\/v2\/comments?post=21198"}],"version-history":[{"count":1,"href":"https:\/\/vocesparalelas.com.ar\/sitio\/wp-json\/wp\/v2\/posts\/21198\/revisions"}],"predecessor-version":[{"id":21200,"href":"https:\/\/vocesparalelas.com.ar\/sitio\/wp-json\/wp\/v2\/posts\/21198\/revisions\/21200"}],"wp:featuredmedia":[{"embeddable":true,"href":"https:\/\/vocesparalelas.com.ar\/sitio\/wp-json\/wp\/v2\/media\/17239"}],"wp:attachment":[{"href":"https:\/\/vocesparalelas.com.ar\/sitio\/wp-json\/wp\/v2\/media?parent=21198"}],"wp:term":[{"taxonomy":"category","embeddable":true,"href":"https:\/\/vocesparalelas.com.ar\/sitio\/wp-json\/wp\/v2\/categories?post=21198"},{"taxonomy":"post_tag","embeddable":true,"href":"https:\/\/vocesparalelas.com.ar\/sitio\/wp-json\/wp\/v2\/tags?post=21198"}],"curies":[{"name":"wp","href":"https:\/\/api.w.org\/{rel}","templated":true}]}}