{"id":21181,"date":"2019-05-18T00:17:29","date_gmt":"2019-05-18T03:17:29","guid":{"rendered":"http:\/\/vocesparalelas.com.ar\/sitio\/?p=21181"},"modified":"2019-05-23T15:40:21","modified_gmt":"2019-05-23T18:40:21","slug":"la-gala-patria-con-tango-bajo-el-baile-de-mora-godoy-y-el-canto-de-claudio-rojas","status":"publish","type":"post","link":"https:\/\/vocesparalelas.com.ar\/sitio\/la-gala-patria-con-tango-bajo-el-baile-de-mora-godoy-y-el-canto-de-claudio-rojas\/","title":{"rendered":"La Gala Patria con Tango bajo el baile de Mora Godoy y el canto de Claudio Rojas"},"content":{"rendered":"<p>El Gobierno de San Juan, a trav\u00e9s del Ministerio de Turismo y Cultura, invita a los sanjuaninos a disfrutar de un espect\u00e1culo \u00fanico en el que se narra la historia del tango desde sus inicios, con la actuaci\u00f3n de la talentosa Mora Godoy, el 24 de Mayo, a las 22 hs., en el Teatro del Bicentenario.<\/p>\n<p>Su ingreso es por invitaci\u00f3n que se deben retirar en boleter\u00eda del teatro, desde el 22 de Mayo, de 10 a 20 hs.<\/p>\n<p>En este marco, la reconocida artista est\u00e1 acompa\u00f1ada de un elenco de m\u00fasicos y bailarines y cuenta con la participaci\u00f3n del cantante de Tango, el sanjuanino Claudio Rojas.<\/p>\n<p>La maravillosa velada culmina con la entonaci\u00f3n de las estrofas del Himno Nacional Argentino acompa\u00f1ado por el Coro Universitario de la UNSJ, dirigido por el M\u00b0 Jorge Romero.<\/p>\n<p>Mora Godoy es la responsable de una renovaci\u00f3n dentro del g\u00e9nero con un estilo \u00fanico. Instal\u00f3 una nueva manera de \u201ccontar historias\u201d a trav\u00e9s del baile. Creadora de espect\u00e1culos que recorrieron el mundo, combina la destreza, la velocidad de los pasos, la acrobacia y la fusi\u00f3n de t\u00e9cnicas creativas.<\/p>\n<p>Desde hace m\u00e1s de una d\u00e9cada, junto a su compa\u00f1\u00eda, Mora Godoy supo entender la manera de mostrar este arte al mundo, d\u00e1ndole identidad propia a sus creaciones que fueron sin duda alguna un sello personal que la distingue de los dem\u00e1s. Un sin n\u00famero de premios y reconocimientos obtenidos a lo largo de su carrera, tanto a nivel nacional como internacional la posicionan como la referente m\u00e1s importante del tango en la actualidad.<\/p>\n<p>&nbsp;<\/p>\n<p><iframe loading=\"lazy\" title=\"MORA GODOY en el Teatro Colon -G 20 - GALA  30-11-18 - TANGO -\" width=\"800\" height=\"450\" src=\"https:\/\/www.youtube.com\/embed\/SAyP4uMo4xE?feature=oembed\" frameborder=\"0\" allow=\"accelerometer; autoplay; encrypted-media; gyroscope; picture-in-picture\" allowfullscreen><\/iframe><\/p>\n<p><img loading=\"lazy\" decoding=\"async\" class=\"alignnone size-full wp-image-21182\" src=\"https:\/\/vocesparalelas.com.ar\/sitio\/wp-content\/uploads\/2019\/05\/GALA-PATRIA.jpg\" alt=\"\" width=\"1000\" height=\"572\" srcset=\"https:\/\/vocesparalelas.com.ar\/sitio\/wp-content\/uploads\/2019\/05\/GALA-PATRIA.jpg 1000w, https:\/\/vocesparalelas.com.ar\/sitio\/wp-content\/uploads\/2019\/05\/GALA-PATRIA-300x172.jpg 300w, https:\/\/vocesparalelas.com.ar\/sitio\/wp-content\/uploads\/2019\/05\/GALA-PATRIA-768x439.jpg 768w, https:\/\/vocesparalelas.com.ar\/sitio\/wp-content\/uploads\/2019\/05\/GALA-PATRIA-800x458.jpg 800w\" sizes=\"auto, (max-width: 1000px) 100vw, 1000px\" \/><\/p>\n<p>&nbsp;<\/p>\n<p>&nbsp;<\/p>\n<p>&nbsp;<\/p>\n<p>&nbsp;<\/p>\n<p>&nbsp;<\/p>\n","protected":false},"excerpt":{"rendered":"<p>El Gobierno de San Juan, a trav\u00e9s del Ministerio de Turismo y Cultura, invita a los sanjuaninos a disfrutar de<\/p>\n","protected":false},"author":3,"featured_media":1208,"comment_status":"closed","ping_status":"closed","sticky":false,"template":"","format":"video","meta":{"_acf_changed":false,"_seopress_robots_primary_cat":"","_seopress_titles_title":"","_seopress_titles_desc":"","_seopress_robots_index":"","colormag_page_container_layout":"default_layout","colormag_page_sidebar_layout":"default_layout","footnotes":""},"categories":[6,7],"tags":[],"class_list":["post-21181","post","type-post","status-publish","format-video","has-post-thumbnail","hentry","category-eventos","category-videos","post_format-post-format-video"],"acf":[],"_links":{"self":[{"href":"https:\/\/vocesparalelas.com.ar\/sitio\/wp-json\/wp\/v2\/posts\/21181","targetHints":{"allow":["GET"]}}],"collection":[{"href":"https:\/\/vocesparalelas.com.ar\/sitio\/wp-json\/wp\/v2\/posts"}],"about":[{"href":"https:\/\/vocesparalelas.com.ar\/sitio\/wp-json\/wp\/v2\/types\/post"}],"author":[{"embeddable":true,"href":"https:\/\/vocesparalelas.com.ar\/sitio\/wp-json\/wp\/v2\/users\/3"}],"replies":[{"embeddable":true,"href":"https:\/\/vocesparalelas.com.ar\/sitio\/wp-json\/wp\/v2\/comments?post=21181"}],"version-history":[{"count":2,"href":"https:\/\/vocesparalelas.com.ar\/sitio\/wp-json\/wp\/v2\/posts\/21181\/revisions"}],"predecessor-version":[{"id":21184,"href":"https:\/\/vocesparalelas.com.ar\/sitio\/wp-json\/wp\/v2\/posts\/21181\/revisions\/21184"}],"wp:featuredmedia":[{"embeddable":true,"href":"https:\/\/vocesparalelas.com.ar\/sitio\/wp-json\/wp\/v2\/media\/1208"}],"wp:attachment":[{"href":"https:\/\/vocesparalelas.com.ar\/sitio\/wp-json\/wp\/v2\/media?parent=21181"}],"wp:term":[{"taxonomy":"category","embeddable":true,"href":"https:\/\/vocesparalelas.com.ar\/sitio\/wp-json\/wp\/v2\/categories?post=21181"},{"taxonomy":"post_tag","embeddable":true,"href":"https:\/\/vocesparalelas.com.ar\/sitio\/wp-json\/wp\/v2\/tags?post=21181"}],"curies":[{"name":"wp","href":"https:\/\/api.w.org\/{rel}","templated":true}]}}