{"id":21177,"date":"2019-05-17T23:48:01","date_gmt":"2019-05-18T02:48:01","guid":{"rendered":"http:\/\/vocesparalelas.com.ar\/sitio\/?p=21177"},"modified":"2019-05-17T23:48:01","modified_gmt":"2019-05-18T02:48:01","slug":"conocimiento-historico-de-la-policia-de-san-juan-producto-de-trabajos-de-investigaciones","status":"publish","type":"post","link":"https:\/\/vocesparalelas.com.ar\/sitio\/conocimiento-historico-de-la-policia-de-san-juan-producto-de-trabajos-de-investigaciones\/","title":{"rendered":"Conocimiento Hist\u00f3rico de la Polic\u00eda de San Juan producto de trabajos de investigaciones"},"content":{"rendered":"<p>En el Auditorio Eloy Camus del Centro C\u00edvico se desarroll\u00f3 la Primeras Jornada de Conocimiento Hist\u00f3rico de la Polic\u00eda de San Juan, organizado por la Facultad de Filosof\u00eda, Humanidades y Artes de la Universidad Nacional de San Juan y Provincia de San Juan del Ministerio de Gobierno, en el marco de los 150 a\u00f1os de la Instituci\u00f3n de Seguridad.<\/p>\n<p>Fue una jornada con la exposici\u00f3n de la Historia de la Polic\u00eda de San Juan desde su creaci\u00f3n de la Intendencia General, su pasado y su implicancia en la sociedad sanjuanina del Siglo XIX, en b\u00fasqueda de la seguridad comunitaria producto del trabajo de investigaci\u00f3n de los profesionales de ambas instituciones.<\/p>\n<p>Finalizada las ponencias el Gobernador de San Juan, Dr. Sergio U\u00f1ac, el Ministro de Gobierno, Dr. Emilio Baistrocchi, la Decana de la Facultad de Filosof\u00eda, Humanidades y Artes de la UNSJ, Mg. Rosa Garbarino, el jefe de Polic\u00eda, comisario Luis Mart\u00ednez; fueron los responsables de cerrar la Jornada dedicada a la Historia de la Polic\u00eda de San Juan.<\/p>\n<p>Por ello, la Decana de la FFHA de la UNSJ, Mg. Rosa Garbarino puntualiz\u00f3 que \u201cagradezco que las autoridades del Gobierno de San Juan haya confiado en nuestra Facultad porque ha permitido concretar una l\u00ednea de investigaci\u00f3n que no se estaba haciendo. Es muy importante cuando nosotros planteamos la defensa de la universidad p\u00fablica el hecho de que todas las l\u00edneas de investigaci\u00f3n puedan estar presentes\u201d.<\/p>\n<p>\u201cDesde la instituci\u00f3n seguiremos trabajando de acuerdo a la firma del acta hemos abierto para que nuestros estudiantes y licenciados en Historia puedan tomar como fuente hist\u00f3rica los archivos de la Polic\u00eda de San Juan y estos aportes son m\u00e1s que interesantes para toda la sociedad argentina\u201d.<\/p>\n<p>\u201cApuntamos a reconstruir, conciliar y entender, porque hoy son fundamentales todos los esfuerzos que se han dado para revalorizar la fuerza policial como servidora de todos los ciudadanos de la provincia\u201d \u2013 concluy\u00f3 la Decana Garbarino.<\/p>\n<p>Mientras, que el Jefe de la Polic\u00eda de San Juan, Comisario Luis Mart\u00ednez remarc\u00f3 que \u201ca lo largo de estas exposiciones hemos inferido que la tarea propia de esta Polic\u00eda de San Juan es de velar por la seguridad de las personas y sus bienes\u00bb.<\/p>\n<p>\u00abEsta jornada fue una de las tantas actividades acorde al convenio firmado con el Gobierno de la Provincia y la Universidad Nacional de San Juan, porque la intenci\u00f3n es reconstruir la memoria hist\u00f3rica de nuestra instituci\u00f3n policial\u201d.<\/p>\n<p>\u201cEs importante recalcar que fortalecer y acrecentar la cultura de la polic\u00eda, que se traduce en lograr nuestro sentido de pertenencia y que al trasladarse a la pr\u00e1ctica es nuestro compromiso con la funci\u00f3n que esta repartici\u00f3n publica, una instituci\u00f3n absolutamente democr\u00e1tica pone en forma cotidiana al servicio de la comunidad sanjuanina\u201d \u2013 sintetiz\u00f3 el Comisario Mart\u00ednez.<\/p>\n<p>Culmin\u00f3 el momento de oradores, el Gobernador de San Juan, Dr. Sergio U\u00f1ac, quien puntualiz\u00f3 que \u00abel legado que nos dej\u00f3 a los sanjuaninos nuestro pr\u00f3cer Domingo Faustino Sarmiento. Esa educaci\u00f3n, esa mirada particular sobre c\u00f3mo hacer de la educaci\u00f3n una educaci\u00f3n popular que llegara a todos los sectores, no solamente de la provincia de San Juan, y que luego practic\u00f3 cuando fue presidente de todos los argentinos de 1868 a 1874. Sarmiento nos leg\u00f3 tambi\u00e9n la creaci\u00f3n de esta Polic\u00eda de la Provincia de San Juan\u201d.<\/p>\n<p><iframe loading=\"lazy\" title=\"Cierre de la Primera Jornada de Introducci\u00f3n al Conocimiento Hist\u00f3rico de la Polic\u00eda\" width=\"800\" height=\"450\" src=\"https:\/\/www.youtube.com\/embed\/-s-wRJuPI8E?feature=oembed\" frameborder=\"0\" allow=\"accelerometer; autoplay; encrypted-media; gyroscope; picture-in-picture\" allowfullscreen><\/iframe><\/p>\n<p>Posteriormente, se entreg\u00f3 distinciones y reconocimientos al comisario general (RE) Manuel Salazar, a la Decana de la FFHA de la UNSJ, Mg. Rosa Garbarino y a la subcomisaria Lic. Patricia Herrera.<\/p>\n<p><img loading=\"lazy\" decoding=\"async\" class=\"alignnone size-full wp-image-21178\" src=\"https:\/\/vocesparalelas.com.ar\/sitio\/wp-content\/uploads\/2019\/05\/JORNADA-DE-HISTORIA-POLICIA-02.jpg\" alt=\"\" width=\"1000\" height=\"679\" srcset=\"https:\/\/vocesparalelas.com.ar\/sitio\/wp-content\/uploads\/2019\/05\/JORNADA-DE-HISTORIA-POLICIA-02.jpg 1000w, https:\/\/vocesparalelas.com.ar\/sitio\/wp-content\/uploads\/2019\/05\/JORNADA-DE-HISTORIA-POLICIA-02-300x204.jpg 300w, https:\/\/vocesparalelas.com.ar\/sitio\/wp-content\/uploads\/2019\/05\/JORNADA-DE-HISTORIA-POLICIA-02-768x521.jpg 768w, https:\/\/vocesparalelas.com.ar\/sitio\/wp-content\/uploads\/2019\/05\/JORNADA-DE-HISTORIA-POLICIA-02-800x543.jpg 800w\" sizes=\"auto, (max-width: 1000px) 100vw, 1000px\" \/><\/p>\n<p>Es importante recordar que los expositores fueron la Prof. Maria Julia Gnecco; la Subcomisaria, Lic. Patricia A. Herrera con \u201cHistoriograf\u00eda de la Polic\u00eda de San Juan. Antecedentes en las ciencias sociales, evoluci\u00f3n hasta 1869\u201d, el Comisario Gral. Prof. Jos\u00e9 Manuel Zalazar con \u201cLa Polic\u00eda de San Juan en el periodo 1869 \u2013 1890\u201d.<\/p>\n<p>&nbsp;<\/p>\n<p>&nbsp;<\/p>\n","protected":false},"excerpt":{"rendered":"<p>En el Auditorio Eloy Camus del Centro C\u00edvico se desarroll\u00f3 la Primeras Jornada de Conocimiento Hist\u00f3rico de la Polic\u00eda de<\/p>\n","protected":false},"author":3,"featured_media":21179,"comment_status":"closed","ping_status":"closed","sticky":false,"template":"","format":"video","meta":{"_acf_changed":false,"_seopress_robots_primary_cat":"","_seopress_titles_title":"","_seopress_titles_desc":"","_seopress_robots_index":"","colormag_page_container_layout":"default_layout","colormag_page_sidebar_layout":"default_layout","footnotes":""},"categories":[1,7],"tags":[],"class_list":["post-21177","post","type-post","status-publish","format-video","has-post-thumbnail","hentry","category-destacadas","category-videos","post_format-post-format-video"],"acf":[],"_links":{"self":[{"href":"https:\/\/vocesparalelas.com.ar\/sitio\/wp-json\/wp\/v2\/posts\/21177","targetHints":{"allow":["GET"]}}],"collection":[{"href":"https:\/\/vocesparalelas.com.ar\/sitio\/wp-json\/wp\/v2\/posts"}],"about":[{"href":"https:\/\/vocesparalelas.com.ar\/sitio\/wp-json\/wp\/v2\/types\/post"}],"author":[{"embeddable":true,"href":"https:\/\/vocesparalelas.com.ar\/sitio\/wp-json\/wp\/v2\/users\/3"}],"replies":[{"embeddable":true,"href":"https:\/\/vocesparalelas.com.ar\/sitio\/wp-json\/wp\/v2\/comments?post=21177"}],"version-history":[{"count":1,"href":"https:\/\/vocesparalelas.com.ar\/sitio\/wp-json\/wp\/v2\/posts\/21177\/revisions"}],"predecessor-version":[{"id":21180,"href":"https:\/\/vocesparalelas.com.ar\/sitio\/wp-json\/wp\/v2\/posts\/21177\/revisions\/21180"}],"wp:featuredmedia":[{"embeddable":true,"href":"https:\/\/vocesparalelas.com.ar\/sitio\/wp-json\/wp\/v2\/media\/21179"}],"wp:attachment":[{"href":"https:\/\/vocesparalelas.com.ar\/sitio\/wp-json\/wp\/v2\/media?parent=21177"}],"wp:term":[{"taxonomy":"category","embeddable":true,"href":"https:\/\/vocesparalelas.com.ar\/sitio\/wp-json\/wp\/v2\/categories?post=21177"},{"taxonomy":"post_tag","embeddable":true,"href":"https:\/\/vocesparalelas.com.ar\/sitio\/wp-json\/wp\/v2\/tags?post=21177"}],"curies":[{"name":"wp","href":"https:\/\/api.w.org\/{rel}","templated":true}]}}