{"id":21174,"date":"2019-05-17T21:29:39","date_gmt":"2019-05-18T00:29:39","guid":{"rendered":"http:\/\/vocesparalelas.com.ar\/sitio\/?p=21174"},"modified":"2019-05-17T21:29:39","modified_gmt":"2019-05-18T00:29:39","slug":"los-museos-como-ejes-culturales-el-futuro-de-la-tradicion","status":"publish","type":"post","link":"https:\/\/vocesparalelas.com.ar\/sitio\/los-museos-como-ejes-culturales-el-futuro-de-la-tradicion\/","title":{"rendered":"\u00abLos museos como ejes culturales: el futuro de la tradici\u00f3n\u00bb"},"content":{"rendered":"<p>El S\u00e1bado, 18 de Mayo, a las 12 hs.; en el Museo Casa Natal de Sarmiento, en el Marco del D\u00eda Internacional de los Museo \u00abLos museos como ejes culturales: el futuro de la tradici\u00f3n\u00bb,\u00a0se desarrolla el Show de Milonga y M\u00fasica Andina, a cargo de Fabrizio Banching y Mart\u00edn Castro Meglioli, con flauta traversa, Sicus y quena y un Set de percusi\u00f3n y a\u00a0las 13 hs.; se presenta el Libro y Poes\u00edas \u00abHorizonte Blanco\u00bb de Melina Leiva.<\/p>\n<p><img loading=\"lazy\" decoding=\"async\" class=\"alignnone size-full wp-image-21175\" src=\"https:\/\/vocesparalelas.com.ar\/sitio\/wp-content\/uploads\/2019\/05\/CASA-SARMIENTO-MUSEO.jpg\" alt=\"\" width=\"758\" height=\"768\" srcset=\"https:\/\/vocesparalelas.com.ar\/sitio\/wp-content\/uploads\/2019\/05\/CASA-SARMIENTO-MUSEO.jpg 758w, https:\/\/vocesparalelas.com.ar\/sitio\/wp-content\/uploads\/2019\/05\/CASA-SARMIENTO-MUSEO-296x300.jpg 296w\" sizes=\"auto, (max-width: 758px) 100vw, 758px\" \/><\/p>\n<p>&nbsp;<\/p>\n<p>&nbsp;<\/p>\n<p>&nbsp;<\/p>\n","protected":false},"excerpt":{"rendered":"<p>El S\u00e1bado, 18 de Mayo, a las 12 hs.; en el Museo Casa Natal de Sarmiento, en el Marco del<\/p>\n","protected":false},"author":3,"featured_media":4268,"comment_status":"closed","ping_status":"closed","sticky":false,"template":"","format":"standard","meta":{"_acf_changed":false,"_seopress_robots_primary_cat":"","_seopress_titles_title":"","_seopress_titles_desc":"","_seopress_robots_index":"","colormag_page_container_layout":"default_layout","colormag_page_sidebar_layout":"default_layout","footnotes":""},"categories":[1],"tags":[],"class_list":["post-21174","post","type-post","status-publish","format-standard","has-post-thumbnail","hentry","category-destacadas"],"acf":[],"_links":{"self":[{"href":"https:\/\/vocesparalelas.com.ar\/sitio\/wp-json\/wp\/v2\/posts\/21174","targetHints":{"allow":["GET"]}}],"collection":[{"href":"https:\/\/vocesparalelas.com.ar\/sitio\/wp-json\/wp\/v2\/posts"}],"about":[{"href":"https:\/\/vocesparalelas.com.ar\/sitio\/wp-json\/wp\/v2\/types\/post"}],"author":[{"embeddable":true,"href":"https:\/\/vocesparalelas.com.ar\/sitio\/wp-json\/wp\/v2\/users\/3"}],"replies":[{"embeddable":true,"href":"https:\/\/vocesparalelas.com.ar\/sitio\/wp-json\/wp\/v2\/comments?post=21174"}],"version-history":[{"count":1,"href":"https:\/\/vocesparalelas.com.ar\/sitio\/wp-json\/wp\/v2\/posts\/21174\/revisions"}],"predecessor-version":[{"id":21176,"href":"https:\/\/vocesparalelas.com.ar\/sitio\/wp-json\/wp\/v2\/posts\/21174\/revisions\/21176"}],"wp:featuredmedia":[{"embeddable":true,"href":"https:\/\/vocesparalelas.com.ar\/sitio\/wp-json\/wp\/v2\/media\/4268"}],"wp:attachment":[{"href":"https:\/\/vocesparalelas.com.ar\/sitio\/wp-json\/wp\/v2\/media?parent=21174"}],"wp:term":[{"taxonomy":"category","embeddable":true,"href":"https:\/\/vocesparalelas.com.ar\/sitio\/wp-json\/wp\/v2\/categories?post=21174"},{"taxonomy":"post_tag","embeddable":true,"href":"https:\/\/vocesparalelas.com.ar\/sitio\/wp-json\/wp\/v2\/tags?post=21174"}],"curies":[{"name":"wp","href":"https:\/\/api.w.org\/{rel}","templated":true}]}}