{"id":20050,"date":"2019-04-05T01:27:22","date_gmt":"2019-04-05T04:27:22","guid":{"rendered":"http:\/\/vocesparalelas.com.ar\/sitio\/?p=20050"},"modified":"2019-04-05T01:27:22","modified_gmt":"2019-04-05T04:27:22","slug":"sesion-especial-para-las-deudas-pendientes-del-macrismo","status":"publish","type":"post","link":"https:\/\/vocesparalelas.com.ar\/sitio\/sesion-especial-para-las-deudas-pendientes-del-macrismo\/","title":{"rendered":"Sesi\u00f3n especial para las deudas pendientes del Macrismo"},"content":{"rendered":"<p>La sesi\u00f3n, convocada por la C\u00e1mara de Diputados de la Naci\u00f3n, tiene el objetivo de tratar temas inconvenientes para Cambiemos.<\/p>\n<p>El temario incluye proyectos sobre temas que van desde la emergencia alimentaria y la exenci\u00f3n de Ganancias para los jubilados, hasta la emergencia por violencia de g\u00e9nero, emergencia tarifaria, plan nacional de becas universitarias, boleto escolar gratuito y de tarifa reducida para estudiantes y docentes.<\/p>\n<p>Este listado y algunos m\u00e1s se buscan tratar en la sesi\u00f3n. El oficialismo se propone no dar qu\u00f3rum para impedir su tratamiento, y en caso de tenerlo, evitar la aprobaci\u00f3n.<\/p>\n<p>De los proyectos a tratar, la Diputada Nacional por San Juan, Lic. Daniela Castro es co-firmante de los siguientes:<\/p>\n<p><a href=\"https:\/\/www.hcdn.gob.ar\/proyectos\/textoCompleto.jsp?exp=7749-D-2018&amp;tipo=LEY\">https:\/\/www.hcdn.gob.ar\/proyectos\/textoCompleto.jsp?exp=7749-D-2018&amp;tipo=LEY<\/a><\/p>\n<p><a href=\"https:\/\/www.hcdn.gob.ar\/proyectos\/textoCompleto.jsp?exp=1205-D-2019&amp;tipo=LEY\">https:\/\/www.hcdn.gob.ar\/proyectos\/textoCompleto.jsp?exp=1205-D-2019&amp;tipo=LEY<\/a><\/p>\n<p><iframe loading=\"lazy\" width=\"800\" height=\"600\" src=\"https:\/\/www.youtube.com\/embed\/UMoIVvEdo8U?feature=oembed\" frameborder=\"0\" allow=\"accelerometer; autoplay; encrypted-media; gyroscope; picture-in-picture\" allowfullscreen><\/iframe><\/p>\n<p>&nbsp;<\/p>\n<p>&nbsp;<\/p>\n<p>&nbsp;<\/p>\n<p>&nbsp;<\/p>\n","protected":false},"excerpt":{"rendered":"<p>La sesi\u00f3n, convocada por la C\u00e1mara de Diputados de la Naci\u00f3n, tiene el objetivo de tratar temas inconvenientes para Cambiemos.<\/p>\n","protected":false},"author":3,"featured_media":13867,"comment_status":"closed","ping_status":"closed","sticky":false,"template":"","format":"video","meta":{"_acf_changed":false,"_seopress_robots_primary_cat":"","_seopress_titles_title":"","_seopress_titles_desc":"","_seopress_robots_index":"","colormag_page_container_layout":"default_layout","colormag_page_sidebar_layout":"default_layout","footnotes":""},"categories":[1,7],"tags":[],"class_list":["post-20050","post","type-post","status-publish","format-video","has-post-thumbnail","hentry","category-destacadas","category-videos","post_format-post-format-video"],"acf":[],"_links":{"self":[{"href":"https:\/\/vocesparalelas.com.ar\/sitio\/wp-json\/wp\/v2\/posts\/20050","targetHints":{"allow":["GET"]}}],"collection":[{"href":"https:\/\/vocesparalelas.com.ar\/sitio\/wp-json\/wp\/v2\/posts"}],"about":[{"href":"https:\/\/vocesparalelas.com.ar\/sitio\/wp-json\/wp\/v2\/types\/post"}],"author":[{"embeddable":true,"href":"https:\/\/vocesparalelas.com.ar\/sitio\/wp-json\/wp\/v2\/users\/3"}],"replies":[{"embeddable":true,"href":"https:\/\/vocesparalelas.com.ar\/sitio\/wp-json\/wp\/v2\/comments?post=20050"}],"version-history":[{"count":1,"href":"https:\/\/vocesparalelas.com.ar\/sitio\/wp-json\/wp\/v2\/posts\/20050\/revisions"}],"predecessor-version":[{"id":20051,"href":"https:\/\/vocesparalelas.com.ar\/sitio\/wp-json\/wp\/v2\/posts\/20050\/revisions\/20051"}],"wp:featuredmedia":[{"embeddable":true,"href":"https:\/\/vocesparalelas.com.ar\/sitio\/wp-json\/wp\/v2\/media\/13867"}],"wp:attachment":[{"href":"https:\/\/vocesparalelas.com.ar\/sitio\/wp-json\/wp\/v2\/media?parent=20050"}],"wp:term":[{"taxonomy":"category","embeddable":true,"href":"https:\/\/vocesparalelas.com.ar\/sitio\/wp-json\/wp\/v2\/categories?post=20050"},{"taxonomy":"post_tag","embeddable":true,"href":"https:\/\/vocesparalelas.com.ar\/sitio\/wp-json\/wp\/v2\/tags?post=20050"}],"curies":[{"name":"wp","href":"https:\/\/api.w.org\/{rel}","templated":true}]}}