{"id":20041,"date":"2019-04-05T00:17:21","date_gmt":"2019-04-05T03:17:21","guid":{"rendered":"http:\/\/vocesparalelas.com.ar\/sitio\/?p=20041"},"modified":"2019-04-05T00:25:46","modified_gmt":"2019-04-05T03:25:46","slug":"el-estado-junto-a-la-fcefn-de-la-unsj-para-investigar-y-proteger-el-ambiente","status":"publish","type":"post","link":"https:\/\/vocesparalelas.com.ar\/sitio\/el-estado-junto-a-la-fcefn-de-la-unsj-para-investigar-y-proteger-el-ambiente\/","title":{"rendered":"El Estado junto a la FCEFN de la UNSJ para investigar y proteger el ambiente"},"content":{"rendered":"<p>En la sala de situaci\u00f3n de la Secretar\u00eda de Ambiente y Desarrollo Sustentable, en el Centro C\u00edvico, se firmaron tres actas complementarias entre la Secretar\u00eda del Gobierno de San Juan y la Facultad de Ciencias Exactas, F\u00edsicas y Naturales de la Universidad Nacional de San Juan que, permite la investigaci\u00f3n y la transferencia del conocimiento para proteger el ambiente.<\/p>\n<p>Las autoridades responsables fueron el Secretario, Lic. Ra\u00fal Tello y el Decano de la FCEFN de la UNSJ, Ing. Rodolfo Bloch.<\/p>\n<p><img loading=\"lazy\" decoding=\"async\" class=\"alignnone size-full wp-image-20043\" src=\"https:\/\/vocesparalelas.com.ar\/sitio\/wp-content\/uploads\/2019\/04\/FCEFN-01.jpg\" alt=\"\" width=\"1000\" height=\"667\" srcset=\"https:\/\/vocesparalelas.com.ar\/sitio\/wp-content\/uploads\/2019\/04\/FCEFN-01.jpg 1000w, https:\/\/vocesparalelas.com.ar\/sitio\/wp-content\/uploads\/2019\/04\/FCEFN-01-300x200.jpg 300w, https:\/\/vocesparalelas.com.ar\/sitio\/wp-content\/uploads\/2019\/04\/FCEFN-01-768x512.jpg 768w, https:\/\/vocesparalelas.com.ar\/sitio\/wp-content\/uploads\/2019\/04\/FCEFN-01-800x534.jpg 800w\" sizes=\"auto, (max-width: 1000px) 100vw, 1000px\" \/><\/p>\n<p><img loading=\"lazy\" decoding=\"async\" class=\"alignnone size-full wp-image-20044\" src=\"https:\/\/vocesparalelas.com.ar\/sitio\/wp-content\/uploads\/2019\/04\/FCEFN-03.jpg\" alt=\"\" width=\"1000\" height=\"667\" srcset=\"https:\/\/vocesparalelas.com.ar\/sitio\/wp-content\/uploads\/2019\/04\/FCEFN-03.jpg 1000w, https:\/\/vocesparalelas.com.ar\/sitio\/wp-content\/uploads\/2019\/04\/FCEFN-03-300x200.jpg 300w, https:\/\/vocesparalelas.com.ar\/sitio\/wp-content\/uploads\/2019\/04\/FCEFN-03-768x512.jpg 768w, https:\/\/vocesparalelas.com.ar\/sitio\/wp-content\/uploads\/2019\/04\/FCEFN-03-800x534.jpg 800w\" sizes=\"auto, (max-width: 1000px) 100vw, 1000px\" \/><\/p>\n<p><span style=\"color: #008000\"><strong>Observatorio Ambiental<\/strong><\/span><\/p>\n<p>Una de las actas se implementan acciones conjuntas tendientes a cumplir y efectivizar objetivos se\u00f1alados en la Ley N\u00b0 1800-L, en lo que respecta a las \u00e1reas de conocimiento vinculadas a la FCEFN.<\/p>\n<p>Es importante recordar que, por medio de la Ley N\u00b0 1800-L, se cre\u00f3 el Observatorio Ambiental en el \u00e1mbito de la SEAyDS, que est\u00e1 constituido por el Centro de Monitoreo Ambiental, la Agencia de Cambio Clim\u00e1tico y el Observatorio de Residuos S\u00f3lidos Urbanos. En este sentido, la Facultad se compromete a facilitar a la SEAyDS los conocimientos, datos, informes y resultados adquiridos, ya sea en sus trabajos de Investigaci\u00f3n, grado o posgrado, relacionados con los \u00edtems aludidos en la Ley de referencia.<\/p>\n<p><span style=\"color: #008000\"><strong>Tesistas de Grado <\/strong><\/span><\/p>\n<p>La otra acta se relaciona con las acciones conjuntas entre ambas instituciones involucradas para facilitar las tareas de campo a realizar por tesistas de grado y posgrado de las distintas carreras de la Unidad acad\u00e9mica. En este punto, se refiere aquellos que aborden tem\u00e1ticas vinculadas al ambiente en su m\u00e1s amplio sentido. Por otro lado, la secretaria se compromete a brindar, en la medida de sus posibilidades, el apoyo log\u00edstico necesario para el desarrollo de las correspondientes actividades de campo a llevar a cabo por los tesistas de los alumnos de la facultad, para la utilizaci\u00f3n de refugios de su jurisdicci\u00f3n, traslados en sus movilidades oficiales y toda otra ayuda materialmente viable. Adem\u00e1s, la Secretar\u00eda sugiere la ayuda en temas de su inter\u00e9s para ser tenidos en cuenta como contenido o asunto de estudio de Tesis.<\/p>\n<p><span style=\"color: #008000\"><strong>Plan de Monitoreo Biol\u00f3gico<\/strong><\/span><\/p>\n<p>La \u00faltima acta, determina realizar acciones conjuntas entre la Secretar\u00eda y la Facultad para realizar un Plan de Monitoreo Biol\u00f3gico del dique Punta Negra de San Juan. Las tareas estan a cargo de personal de la Direcci\u00f3n de Coordinaci\u00f3n del Instituto de Desarrollo de la Biodiversidad de la Secretar\u00eda y de profesionales del Departamento de Biolog\u00eda de la Unidad Acad\u00e9mica, quien es la ejecutora del proyecto.<\/p>\n<p>Al finalizar la firma, el Secretario de Ambiente y Desarrollo Sustentable del Gobierno de San Juan Lic. Ra\u00fal Tello, puntualiz\u00f3 la satisfacci\u00f3n de los acuerdos y trabajos en conjunto con la Facultad de Ciencias Exactas, F\u00edsicas y Naturales para fortalecer el crecimiento y desarrollo de diversos proyectos de la unidad de gobierno\u201d.<\/p>\n<p><iframe loading=\"lazy\" width=\"800\" height=\"450\" src=\"https:\/\/www.youtube.com\/embed\/7ZwiqjGSwY0?feature=oembed\" frameborder=\"0\" allow=\"accelerometer; autoplay; encrypted-media; gyroscope; picture-in-picture\" allowfullscreen><\/iframe><\/p>\n<p>Seguidamente, el Decano de la Facultad de Ciencias Exactas, F\u00edsicas y Naturales de la UNSJ, Ing. Rodolfo Bloch destac\u00f3 que \u201cestamos convencidos que el trabajo en conjunto entre las distintas unidades de Gobierno y la Universidad da como resultado grandes ventajas para el desarrollo de la provincia y los sanjuaninos\u201d<\/p>\n<p><iframe loading=\"lazy\" width=\"800\" height=\"450\" src=\"https:\/\/www.youtube.com\/embed\/CUsdAHeLnho?feature=oembed\" frameborder=\"0\" allow=\"accelerometer; autoplay; encrypted-media; gyroscope; picture-in-picture\" allowfullscreen><\/iframe><\/p>\n<p>&nbsp;<\/p>\n<p>&nbsp;<\/p>\n<p>&nbsp;<\/p>\n<p>&nbsp;<\/p>\n<p>&nbsp;<\/p>\n<p>&nbsp;<\/p>\n","protected":false},"excerpt":{"rendered":"<p>En la sala de situaci\u00f3n de la Secretar\u00eda de Ambiente y Desarrollo Sustentable, en el Centro C\u00edvico, se firmaron tres<\/p>\n","protected":false},"author":3,"featured_media":20042,"comment_status":"closed","ping_status":"closed","sticky":false,"template":"","format":"video","meta":{"_acf_changed":false,"_seopress_robots_primary_cat":"","_seopress_titles_title":"","_seopress_titles_desc":"","_seopress_robots_index":"","colormag_page_container_layout":"default_layout","colormag_page_sidebar_layout":"default_layout","footnotes":""},"categories":[1,7],"tags":[],"class_list":["post-20041","post","type-post","status-publish","format-video","has-post-thumbnail","hentry","category-destacadas","category-videos","post_format-post-format-video"],"acf":[],"_links":{"self":[{"href":"https:\/\/vocesparalelas.com.ar\/sitio\/wp-json\/wp\/v2\/posts\/20041","targetHints":{"allow":["GET"]}}],"collection":[{"href":"https:\/\/vocesparalelas.com.ar\/sitio\/wp-json\/wp\/v2\/posts"}],"about":[{"href":"https:\/\/vocesparalelas.com.ar\/sitio\/wp-json\/wp\/v2\/types\/post"}],"author":[{"embeddable":true,"href":"https:\/\/vocesparalelas.com.ar\/sitio\/wp-json\/wp\/v2\/users\/3"}],"replies":[{"embeddable":true,"href":"https:\/\/vocesparalelas.com.ar\/sitio\/wp-json\/wp\/v2\/comments?post=20041"}],"version-history":[{"count":3,"href":"https:\/\/vocesparalelas.com.ar\/sitio\/wp-json\/wp\/v2\/posts\/20041\/revisions"}],"predecessor-version":[{"id":20047,"href":"https:\/\/vocesparalelas.com.ar\/sitio\/wp-json\/wp\/v2\/posts\/20041\/revisions\/20047"}],"wp:featuredmedia":[{"embeddable":true,"href":"https:\/\/vocesparalelas.com.ar\/sitio\/wp-json\/wp\/v2\/media\/20042"}],"wp:attachment":[{"href":"https:\/\/vocesparalelas.com.ar\/sitio\/wp-json\/wp\/v2\/media?parent=20041"}],"wp:term":[{"taxonomy":"category","embeddable":true,"href":"https:\/\/vocesparalelas.com.ar\/sitio\/wp-json\/wp\/v2\/categories?post=20041"},{"taxonomy":"post_tag","embeddable":true,"href":"https:\/\/vocesparalelas.com.ar\/sitio\/wp-json\/wp\/v2\/tags?post=20041"}],"curies":[{"name":"wp","href":"https:\/\/api.w.org\/{rel}","templated":true}]}}