{"id":20021,"date":"2019-04-04T01:51:26","date_gmt":"2019-04-04T04:51:26","guid":{"rendered":"http:\/\/vocesparalelas.com.ar\/sitio\/?p=20021"},"modified":"2019-04-04T01:51:48","modified_gmt":"2019-04-04T04:51:48","slug":"honraron-a-los-caidos-en-malvinas-viva-la-patria","status":"publish","type":"post","link":"https:\/\/vocesparalelas.com.ar\/sitio\/honraron-a-los-caidos-en-malvinas-viva-la-patria\/","title":{"rendered":"Honraron a los Ca\u00eddos en Malvinas \u00a1Viva la Patria!"},"content":{"rendered":"<p>En la Plaza Espa\u00f1a, en el espacio que rinde homenaje a los Ca\u00eddos en Malvinas, se realiz\u00f3 el acto central organizado por el Gobierno de San Juan, con la participaci\u00f3n de legisladores nacionales y provinciales, ministros y secretarios de Estado del Poder Ejecutivo, representantes de las Fuerzas Armadas y de Seguridad en la Provincia; intendentes Municipales; miembros de Familiares de Ca\u00eddos en Malvinas \u2013 FACAMA &#8211; y del Centro de Excombatientes del Atl\u00e1ntico Sur \u2013 CEAS &#8211; ; invitados especiales y p\u00fablico en general.<\/p>\n<p><img loading=\"lazy\" decoding=\"async\" class=\"alignnone size-full wp-image-20026\" src=\"https:\/\/vocesparalelas.com.ar\/sitio\/wp-content\/uploads\/2019\/04\/malvinas-acto-03.jpg\" alt=\"\" width=\"1000\" height=\"667\" srcset=\"https:\/\/vocesparalelas.com.ar\/sitio\/wp-content\/uploads\/2019\/04\/malvinas-acto-03.jpg 1000w, https:\/\/vocesparalelas.com.ar\/sitio\/wp-content\/uploads\/2019\/04\/malvinas-acto-03-300x200.jpg 300w, https:\/\/vocesparalelas.com.ar\/sitio\/wp-content\/uploads\/2019\/04\/malvinas-acto-03-768x512.jpg 768w, https:\/\/vocesparalelas.com.ar\/sitio\/wp-content\/uploads\/2019\/04\/malvinas-acto-03-800x534.jpg 800w\" sizes=\"auto, (max-width: 1000px) 100vw, 1000px\" \/><\/p>\n<p>El acto comenz\u00f3 con el saludo del jefe coronel Jos\u00e9 Carlos Hilgert y del vicegobernador Dr. Marcelo Lima, a la agrupaci\u00f3n militar 2 de Abril.<\/p>\n<p>Seguidamente, se realz\u00f3 el izamiento del pabell\u00f3n nacional y el descubrimiento de la placa recordatoria.<\/p>\n<p>Para luego, entonar el Himno Nacional Argentino con el acompa\u00f1amiento de la Banda de M\u00fasica del DIM 22.<\/p>\n<p><img loading=\"lazy\" decoding=\"async\" class=\"alignnone size-full wp-image-20022\" src=\"https:\/\/vocesparalelas.com.ar\/sitio\/wp-content\/uploads\/2019\/04\/MALVINAS-ACTO-01.jpg\" alt=\"\" width=\"1000\" height=\"665\" srcset=\"https:\/\/vocesparalelas.com.ar\/sitio\/wp-content\/uploads\/2019\/04\/MALVINAS-ACTO-01.jpg 1000w, https:\/\/vocesparalelas.com.ar\/sitio\/wp-content\/uploads\/2019\/04\/MALVINAS-ACTO-01-300x200.jpg 300w, https:\/\/vocesparalelas.com.ar\/sitio\/wp-content\/uploads\/2019\/04\/MALVINAS-ACTO-01-768x511.jpg 768w, https:\/\/vocesparalelas.com.ar\/sitio\/wp-content\/uploads\/2019\/04\/MALVINAS-ACTO-01-800x532.jpg 800w\" sizes=\"auto, (max-width: 1000px) 100vw, 1000px\" \/><\/p>\n<p>A continuaci\u00f3n, el capell\u00e1n del DIM 22 Adolfo Cal\u00edvar realiz\u00f3 la invocaci\u00f3n religiosa para orar por los Ca\u00eddos en la Guerra de las Malvinas.<\/p>\n<p><iframe loading=\"lazy\" width=\"800\" height=\"450\" src=\"https:\/\/www.youtube.com\/embed\/9ZLXZk7t1dc?feature=oembed\" frameborder=\"0\" allow=\"accelerometer; autoplay; encrypted-media; gyroscope; picture-in-picture\" allowfullscreen><\/iframe><\/p>\n<p>Fue el momento, en que se escuch\u00f3 el minuto de silencio que hizo temblar a los presentes y m\u00e1s de una l\u00e1grima corri\u00f3 por las mejillas.<\/p>\n<p><iframe loading=\"lazy\" width=\"800\" height=\"450\" src=\"https:\/\/www.youtube.com\/embed\/7vq8xdPqCTk?feature=oembed\" frameborder=\"0\" allow=\"accelerometer; autoplay; encrypted-media; gyroscope; picture-in-picture\" allowfullscreen><\/iframe><\/p>\n<p>Para que cada uno de los familiares lanzara al oc\u00e9ano para honrar a sus seres h\u00e9roes que dieron la vida en la Guerra de las Islas Malvinas.<\/p>\n<p><iframe loading=\"lazy\" width=\"800\" height=\"450\" src=\"https:\/\/www.youtube.com\/embed\/LLbSQQIBZUI?feature=oembed\" frameborder=\"0\" allow=\"accelerometer; autoplay; encrypted-media; gyroscope; picture-in-picture\" allowfullscreen><\/iframe><\/p>\n<p>El integrante de FACAMA, Porf. Miguel Monta\u00f1o agradeci\u00f3 a las autoridades del Gobierno de San Juan por el monumento a los ca\u00eddos en Malvinas y por los viajes a las Islas Malvinas.<\/p>\n<p><iframe loading=\"lazy\" width=\"800\" height=\"450\" src=\"https:\/\/www.youtube.com\/embed\/Dwb-YqvSFD4?feature=oembed\" frameborder=\"0\" allow=\"accelerometer; autoplay; encrypted-media; gyroscope; picture-in-picture\" allowfullscreen><\/iframe><\/p>\n<p>Posteriormente, el miembro del CEAS, Leandro Caballero, quien hizo un recorrido por la historia para resaltar la dedicaci\u00f3n a la Patria de los h\u00e9roes.<\/p>\n<p><iframe loading=\"lazy\" width=\"800\" height=\"450\" src=\"https:\/\/www.youtube.com\/embed\/n--adPjNc-s?feature=oembed\" frameborder=\"0\" allow=\"accelerometer; autoplay; encrypted-media; gyroscope; picture-in-picture\" allowfullscreen><\/iframe><\/p>\n<p>El vicegobernador, Dr. Marcelo Lima resalt\u00f3 el compromiso de acompa\u00f1ar y cumplir los deseos de los FACAMA.<\/p>\n<p><iframe loading=\"lazy\" width=\"800\" height=\"450\" src=\"https:\/\/www.youtube.com\/embed\/TWEs44ts0TQ?feature=oembed\" frameborder=\"0\" allow=\"accelerometer; autoplay; encrypted-media; gyroscope; picture-in-picture\" allowfullscreen><\/iframe><\/p>\n<p>Finalmente, los presentes cantaron la Marcha a Las Malvinas son Argentinas<\/p>\n<p><iframe loading=\"lazy\" width=\"800\" height=\"450\" src=\"https:\/\/www.youtube.com\/embed\/OZm9E7lwnTs?feature=oembed\" frameborder=\"0\" allow=\"accelerometer; autoplay; encrypted-media; gyroscope; picture-in-picture\" allowfullscreen><\/iframe><\/p>\n<p>Para cerrar, el homenaje a los ca\u00eddos en las Islas Malvinas se realiz\u00f3 el desfile que emocion\u00f3 porque cada vez se suman m\u00e1s porque ya vienen marchando para no olvidar los nietos.<\/p>\n<p><iframe loading=\"lazy\" width=\"800\" height=\"450\" src=\"https:\/\/www.youtube.com\/embed\/PwmogwdlUYI?feature=oembed\" frameborder=\"0\" allow=\"accelerometer; autoplay; encrypted-media; gyroscope; picture-in-picture\" allowfullscreen><\/iframe><\/p>\n<p>&nbsp;<\/p>\n<p><img loading=\"lazy\" decoding=\"async\" class=\"alignnone size-full wp-image-20024\" src=\"https:\/\/vocesparalelas.com.ar\/sitio\/wp-content\/uploads\/2019\/04\/malvinas-acto-05.jpg\" alt=\"\" width=\"1000\" height=\"667\" srcset=\"https:\/\/vocesparalelas.com.ar\/sitio\/wp-content\/uploads\/2019\/04\/malvinas-acto-05.jpg 1000w, https:\/\/vocesparalelas.com.ar\/sitio\/wp-content\/uploads\/2019\/04\/malvinas-acto-05-300x200.jpg 300w, https:\/\/vocesparalelas.com.ar\/sitio\/wp-content\/uploads\/2019\/04\/malvinas-acto-05-768x512.jpg 768w, https:\/\/vocesparalelas.com.ar\/sitio\/wp-content\/uploads\/2019\/04\/malvinas-acto-05-800x534.jpg 800w\" sizes=\"auto, (max-width: 1000px) 100vw, 1000px\" \/><\/p>\n<p><img loading=\"lazy\" decoding=\"async\" class=\"alignnone size-full wp-image-20025\" src=\"https:\/\/vocesparalelas.com.ar\/sitio\/wp-content\/uploads\/2019\/04\/malvinas-acto-04.jpg\" alt=\"\" width=\"1000\" height=\"667\" srcset=\"https:\/\/vocesparalelas.com.ar\/sitio\/wp-content\/uploads\/2019\/04\/malvinas-acto-04.jpg 1000w, https:\/\/vocesparalelas.com.ar\/sitio\/wp-content\/uploads\/2019\/04\/malvinas-acto-04-300x200.jpg 300w, https:\/\/vocesparalelas.com.ar\/sitio\/wp-content\/uploads\/2019\/04\/malvinas-acto-04-768x512.jpg 768w, https:\/\/vocesparalelas.com.ar\/sitio\/wp-content\/uploads\/2019\/04\/malvinas-acto-04-800x534.jpg 800w\" sizes=\"auto, (max-width: 1000px) 100vw, 1000px\" \/><\/p>\n<p>&nbsp;<\/p>\n","protected":false},"excerpt":{"rendered":"<p>En la Plaza Espa\u00f1a, en el espacio que rinde homenaje a los Ca\u00eddos en Malvinas, se realiz\u00f3 el acto central<\/p>\n","protected":false},"author":3,"featured_media":20023,"comment_status":"closed","ping_status":"closed","sticky":false,"template":"","format":"video","meta":{"_acf_changed":false,"_seopress_robots_primary_cat":"","_seopress_titles_title":"","_seopress_titles_desc":"","_seopress_robots_index":"","colormag_page_container_layout":"default_layout","colormag_page_sidebar_layout":"default_layout","footnotes":""},"categories":[1,7],"tags":[],"class_list":["post-20021","post","type-post","status-publish","format-video","has-post-thumbnail","hentry","category-destacadas","category-videos","post_format-post-format-video"],"acf":[],"_links":{"self":[{"href":"https:\/\/vocesparalelas.com.ar\/sitio\/wp-json\/wp\/v2\/posts\/20021","targetHints":{"allow":["GET"]}}],"collection":[{"href":"https:\/\/vocesparalelas.com.ar\/sitio\/wp-json\/wp\/v2\/posts"}],"about":[{"href":"https:\/\/vocesparalelas.com.ar\/sitio\/wp-json\/wp\/v2\/types\/post"}],"author":[{"embeddable":true,"href":"https:\/\/vocesparalelas.com.ar\/sitio\/wp-json\/wp\/v2\/users\/3"}],"replies":[{"embeddable":true,"href":"https:\/\/vocesparalelas.com.ar\/sitio\/wp-json\/wp\/v2\/comments?post=20021"}],"version-history":[{"count":3,"href":"https:\/\/vocesparalelas.com.ar\/sitio\/wp-json\/wp\/v2\/posts\/20021\/revisions"}],"predecessor-version":[{"id":20029,"href":"https:\/\/vocesparalelas.com.ar\/sitio\/wp-json\/wp\/v2\/posts\/20021\/revisions\/20029"}],"wp:featuredmedia":[{"embeddable":true,"href":"https:\/\/vocesparalelas.com.ar\/sitio\/wp-json\/wp\/v2\/media\/20023"}],"wp:attachment":[{"href":"https:\/\/vocesparalelas.com.ar\/sitio\/wp-json\/wp\/v2\/media?parent=20021"}],"wp:term":[{"taxonomy":"category","embeddable":true,"href":"https:\/\/vocesparalelas.com.ar\/sitio\/wp-json\/wp\/v2\/categories?post=20021"},{"taxonomy":"post_tag","embeddable":true,"href":"https:\/\/vocesparalelas.com.ar\/sitio\/wp-json\/wp\/v2\/tags?post=20021"}],"curies":[{"name":"wp","href":"https:\/\/api.w.org\/{rel}","templated":true}]}}