{"id":20013,"date":"2019-04-03T23:21:09","date_gmt":"2019-04-04T02:21:09","guid":{"rendered":"http:\/\/vocesparalelas.com.ar\/sitio\/?p=20013"},"modified":"2019-04-03T23:21:09","modified_gmt":"2019-04-04T02:21:09","slug":"se-inauguro-el-monumento-en-homenaje-a-los-caidos-en-malvinas","status":"publish","type":"post","link":"https:\/\/vocesparalelas.com.ar\/sitio\/se-inauguro-el-monumento-en-homenaje-a-los-caidos-en-malvinas\/","title":{"rendered":"Se inaugur\u00f3 el monumento en homenaje a los Ca\u00eddos en Malvinas"},"content":{"rendered":"<p>El vicegobernador del Gobierno de San Juan, Dr. Marcelo Lima, en ejercicio del Poder Ejecutivo, presidi\u00f3 la inauguraci\u00f3n del monumento exhibidor de la placa extra\u00edda del Cementerio de Darwin,<\/p>\n<p>El mismo, est\u00e1 ubicado en Las Heras y Laprida, que corresponde a los jardines del edificio de la C\u00e1mara de Diputados.<\/p>\n<p><img loading=\"lazy\" decoding=\"async\" class=\"alignnone size-full wp-image-20014\" src=\"https:\/\/vocesparalelas.com.ar\/sitio\/wp-content\/uploads\/2019\/04\/MALVINA-PLACA-01.jpg\" alt=\"\" width=\"682\" height=\"1024\" srcset=\"https:\/\/vocesparalelas.com.ar\/sitio\/wp-content\/uploads\/2019\/04\/MALVINA-PLACA-01.jpg 682w, https:\/\/vocesparalelas.com.ar\/sitio\/wp-content\/uploads\/2019\/04\/MALVINA-PLACA-01-200x300.jpg 200w, https:\/\/vocesparalelas.com.ar\/sitio\/wp-content\/uploads\/2019\/04\/MALVINA-PLACA-01-533x800.jpg 533w\" sizes=\"auto, (max-width: 682px) 100vw, 682px\" \/><\/p>\n<p>Participaron legisladores nacionales y provinciales, ministros y secretarios de Estado del Poder Ejecutivo, representantes de las Fuerzas Armadas y de Seguridad en la Provincia; intendentes Municipales; miembros de Familiares de Ca\u00eddos en Malvinas \u2013 FACAMA &#8211; y del Centro de Excombatientes del Atl\u00e1ntico Sur \u2013 CEAS &#8211; ; invitados especiales y p\u00fablico en general.<\/p>\n<p>En primer lugar, el titular del Poder Legislativo realiz\u00f3 el descubrimiento del monumento que contiene la placa hist\u00f3rica \u201cSoldado Argentino solo conocido por Dios\u201d, que permaneci\u00f3 en el cementerio de Darwin Islas Malvinas y fue tra\u00edda a San Juan y otorgada al Poder Legislativo por la Comisi\u00f3n Nacional de familiares ca\u00eddos en Islas Malvinas e Islas del Atl\u00e1ntico Sur.<\/p>\n<p>Luego fue ejecutado el toque de silencio por integrantes de la Banda de M\u00fasica de la Polic\u00eda de San Juan.<\/p>\n<p>El acto fue muy emotivo porque es recordar a los Ca\u00eddos en Malvinas para honrar su nombre y nunca olvidar.<\/p>\n<p><img loading=\"lazy\" decoding=\"async\" class=\"alignnone size-full wp-image-20017\" src=\"https:\/\/vocesparalelas.com.ar\/sitio\/wp-content\/uploads\/2019\/04\/MALVINA-PLACA-09.jpg\" alt=\"\" width=\"1000\" height=\"572\" srcset=\"https:\/\/vocesparalelas.com.ar\/sitio\/wp-content\/uploads\/2019\/04\/MALVINA-PLACA-09.jpg 1000w, https:\/\/vocesparalelas.com.ar\/sitio\/wp-content\/uploads\/2019\/04\/MALVINA-PLACA-09-300x172.jpg 300w, https:\/\/vocesparalelas.com.ar\/sitio\/wp-content\/uploads\/2019\/04\/MALVINA-PLACA-09-768x439.jpg 768w, https:\/\/vocesparalelas.com.ar\/sitio\/wp-content\/uploads\/2019\/04\/MALVINA-PLACA-09-800x458.jpg 800w\" sizes=\"auto, (max-width: 1000px) 100vw, 1000px\" \/><\/p>\n<p><img loading=\"lazy\" decoding=\"async\" class=\"alignnone size-full wp-image-20016\" src=\"https:\/\/vocesparalelas.com.ar\/sitio\/wp-content\/uploads\/2019\/04\/MALVINA-PLACA-08.jpg\" alt=\"\" width=\"1000\" height=\"698\" srcset=\"https:\/\/vocesparalelas.com.ar\/sitio\/wp-content\/uploads\/2019\/04\/MALVINA-PLACA-08.jpg 1000w, https:\/\/vocesparalelas.com.ar\/sitio\/wp-content\/uploads\/2019\/04\/MALVINA-PLACA-08-300x209.jpg 300w, https:\/\/vocesparalelas.com.ar\/sitio\/wp-content\/uploads\/2019\/04\/MALVINA-PLACA-08-768x536.jpg 768w, https:\/\/vocesparalelas.com.ar\/sitio\/wp-content\/uploads\/2019\/04\/MALVINA-PLACA-08-800x558.jpg 800w, https:\/\/vocesparalelas.com.ar\/sitio\/wp-content\/uploads\/2019\/04\/MALVINA-PLACA-08-130x90.jpg 130w\" sizes=\"auto, (max-width: 1000px) 100vw, 1000px\" \/><\/p>\n<p>&nbsp;<\/p>\n<p>&nbsp;<\/p>\n","protected":false},"excerpt":{"rendered":"<p>El vicegobernador del Gobierno de San Juan, Dr. Marcelo Lima, en ejercicio del Poder Ejecutivo, presidi\u00f3 la inauguraci\u00f3n del monumento<\/p>\n","protected":false},"author":3,"featured_media":20015,"comment_status":"closed","ping_status":"closed","sticky":false,"template":"","format":"standard","meta":{"_acf_changed":false,"_seopress_robots_primary_cat":"","_seopress_titles_title":"","_seopress_titles_desc":"","_seopress_robots_index":"","colormag_page_container_layout":"default_layout","colormag_page_sidebar_layout":"default_layout","footnotes":""},"categories":[1],"tags":[],"class_list":["post-20013","post","type-post","status-publish","format-standard","has-post-thumbnail","hentry","category-destacadas"],"acf":[],"_links":{"self":[{"href":"https:\/\/vocesparalelas.com.ar\/sitio\/wp-json\/wp\/v2\/posts\/20013","targetHints":{"allow":["GET"]}}],"collection":[{"href":"https:\/\/vocesparalelas.com.ar\/sitio\/wp-json\/wp\/v2\/posts"}],"about":[{"href":"https:\/\/vocesparalelas.com.ar\/sitio\/wp-json\/wp\/v2\/types\/post"}],"author":[{"embeddable":true,"href":"https:\/\/vocesparalelas.com.ar\/sitio\/wp-json\/wp\/v2\/users\/3"}],"replies":[{"embeddable":true,"href":"https:\/\/vocesparalelas.com.ar\/sitio\/wp-json\/wp\/v2\/comments?post=20013"}],"version-history":[{"count":1,"href":"https:\/\/vocesparalelas.com.ar\/sitio\/wp-json\/wp\/v2\/posts\/20013\/revisions"}],"predecessor-version":[{"id":20018,"href":"https:\/\/vocesparalelas.com.ar\/sitio\/wp-json\/wp\/v2\/posts\/20013\/revisions\/20018"}],"wp:featuredmedia":[{"embeddable":true,"href":"https:\/\/vocesparalelas.com.ar\/sitio\/wp-json\/wp\/v2\/media\/20015"}],"wp:attachment":[{"href":"https:\/\/vocesparalelas.com.ar\/sitio\/wp-json\/wp\/v2\/media?parent=20013"}],"wp:term":[{"taxonomy":"category","embeddable":true,"href":"https:\/\/vocesparalelas.com.ar\/sitio\/wp-json\/wp\/v2\/categories?post=20013"},{"taxonomy":"post_tag","embeddable":true,"href":"https:\/\/vocesparalelas.com.ar\/sitio\/wp-json\/wp\/v2\/tags?post=20013"}],"curies":[{"name":"wp","href":"https:\/\/api.w.org\/{rel}","templated":true}]}}