{"id":20001,"date":"2019-04-03T19:16:24","date_gmt":"2019-04-03T22:16:24","guid":{"rendered":"http:\/\/vocesparalelas.com.ar\/sitio\/?p=20001"},"modified":"2019-04-12T01:42:56","modified_gmt":"2019-04-12T04:42:56","slug":"concurso-que-estas-leyendo","status":"publish","type":"post","link":"https:\/\/vocesparalelas.com.ar\/sitio\/concurso-que-estas-leyendo\/","title":{"rendered":"Concurso \u00bfQu\u00e9 est\u00e1s leyendo?"},"content":{"rendered":"<p>La Organizaci\u00f3n de Estados Iberoamericanos \u2013 OEI -, con la colaboraci\u00f3n de los Ministerios de Educaci\u00f3n de los pa\u00edses, y el apoyo de la Fundaci\u00f3n SM convoca en 2019 la sexta edici\u00f3n del concurso \u201cQu\u00e9 est\u00e1s leyendo\u201d.<\/p>\n<p>Esta iniciativa pretende abordar la problem\u00e1tica de la lectura desde el punto de vista del lector, dando la voz a los j\u00f3venes estudiantes lectores con el objetivo de estimular el di\u00e1logo de miradas sobre el acto de leer. Como novedad a anteriores ediciones, los concursantes podr\u00edan crear un blog o un video, instrumentos a trav\u00e9s de los cuales podr\u00e1n compartir su experiencia como lectores. Mediante este concurso, se trata de crear una amplia red de blogs y videos donde los estudiantes (individualmente o en grupo) puedan darse a conocer y construir una identidad como lectores.<\/p>\n<p>Los chicos y chicas participantes, por medio de su bit\u00e1cora, ir\u00e1n conformando una identidad como lectores. El blog o video les ofrece un canal de comunicaci\u00f3n para mostrarse en cualquiera de sus facetas: desde el acercamiento a los textos (cuando exploran posibles lecturas, buscan, dudan, eligen, descartan), a la construcci\u00f3n colectiva del sentido de los textos (comentando, preguntando, reelaborando, contrastando, debatiendo). Igualmente, puede ser un espacio para la creaci\u00f3n y hacerse eco de ello (por la edici\u00f3n, los autores, los ilustradores), o para la extensi\u00f3n de la lectura hacia otros \u00e1mbitos.<\/p>\n<p>Gracias a las cinco ediciones anteriores (desde 2012), se acumula la creaci\u00f3n de m\u00e1s de 2.266 blogs en 19 pa\u00edses iberoamericanos. \u201c\u00bfQu\u00e9 est\u00e1s leyendo?\u201d da cabida a una gran diversidad de tem\u00e1ticas y de lenguas de los participantes, y fomenta el intercambio de opiniones y de interacciones.<\/p>\n<p><span style=\"color: #008000\"><strong>Estructura del concurso, premio y plazos<\/strong><\/span><\/p>\n<p>El concurso dispone de dos categor\u00edas:<\/p>\n<ul>\n<li>Categor\u00eda A: creaci\u00f3n de blog.<\/li>\n<li>Categor\u00eda B: creaci\u00f3n de canal de YouTube (o plataforma audiovisual similar). Se podr\u00e1 participar en esta categor\u00eda a partir de la creaci\u00f3n de 1 video. En el caso que el canal o plataforma audiovisual contenga m\u00e1s de un video se evaluar\u00e1 el conjunto de ellos.<\/li>\n<\/ul>\n<p>Se convoca a alumnos de 15 a 17 a\u00f1os (salvo para Chile y Per\u00fa donde la edad ser\u00e1 de 14 a 17 a\u00f1os). El blog\/video puede elaborarse individualmente o en grupo. Se permite que el trabajo sea guiado por un profesor o tutor pero la autor\u00eda siempre ser\u00e1 de los alumnos.<\/p>\n<p><img loading=\"lazy\" decoding=\"async\" class=\"alignnone size-full wp-image-20002\" src=\"https:\/\/vocesparalelas.com.ar\/sitio\/wp-content\/uploads\/2019\/04\/QUE-ESTAS-LEYENDO-01.jpg\" alt=\"\" width=\"1000\" height=\"667\" srcset=\"https:\/\/vocesparalelas.com.ar\/sitio\/wp-content\/uploads\/2019\/04\/QUE-ESTAS-LEYENDO-01.jpg 1000w, https:\/\/vocesparalelas.com.ar\/sitio\/wp-content\/uploads\/2019\/04\/QUE-ESTAS-LEYENDO-01-300x200.jpg 300w, https:\/\/vocesparalelas.com.ar\/sitio\/wp-content\/uploads\/2019\/04\/QUE-ESTAS-LEYENDO-01-768x512.jpg 768w, https:\/\/vocesparalelas.com.ar\/sitio\/wp-content\/uploads\/2019\/04\/QUE-ESTAS-LEYENDO-01-800x534.jpg 800w\" sizes=\"auto, (max-width: 1000px) 100vw, 1000px\" \/><\/p>\n<p>El concurso se celebrar\u00e1 en 20 pa\u00edses iberoamericanos y en cada pa\u00eds y por cada una de las categor\u00edas, los ganadores obtendr\u00e1n una tablet. Asimismo, todos los participantes recibir\u00e1n un diploma acreditativo.<\/p>\n<p>Las candidaturas se enviar\u00e1n a trav\u00e9s de correo electr\u00f3nico. Los plazos de entrega, as\u00ed como mayores detalles sobre la convocatoria pueden consultarse en las secci\u00f3n \u201cSexta edici\u00f3n: c\u00f3mo participar\u00bb en<\/p>\n<p><a href=\"https:\/\/www.oei.es\/Educacion\/que-estas-leyendo\/como-participar\">https:\/\/www.oei.es\/Educacion\/que-estas-leyendo\/como-participar<\/a><\/p>\n<p>&nbsp;<\/p>\n<p><img loading=\"lazy\" decoding=\"async\" class=\"alignnone size-full wp-image-20003\" src=\"https:\/\/vocesparalelas.com.ar\/sitio\/wp-content\/uploads\/2019\/04\/QUE-ESTAS-LEYENDO-02.jpg\" alt=\"\" width=\"1000\" height=\"667\" srcset=\"https:\/\/vocesparalelas.com.ar\/sitio\/wp-content\/uploads\/2019\/04\/QUE-ESTAS-LEYENDO-02.jpg 1000w, https:\/\/vocesparalelas.com.ar\/sitio\/wp-content\/uploads\/2019\/04\/QUE-ESTAS-LEYENDO-02-300x200.jpg 300w, https:\/\/vocesparalelas.com.ar\/sitio\/wp-content\/uploads\/2019\/04\/QUE-ESTAS-LEYENDO-02-768x512.jpg 768w, https:\/\/vocesparalelas.com.ar\/sitio\/wp-content\/uploads\/2019\/04\/QUE-ESTAS-LEYENDO-02-800x534.jpg 800w\" sizes=\"auto, (max-width: 1000px) 100vw, 1000px\" \/><\/p>\n<p>&nbsp;<\/p>\n<p>&nbsp;<\/p>\n<p>&nbsp;<\/p>\n","protected":false},"excerpt":{"rendered":"<p>La Organizaci\u00f3n de Estados Iberoamericanos \u2013 OEI -, con la colaboraci\u00f3n de los Ministerios de Educaci\u00f3n de los pa\u00edses, y<\/p>\n","protected":false},"author":3,"featured_media":20004,"comment_status":"closed","ping_status":"closed","sticky":false,"template":"","format":"standard","meta":{"_acf_changed":false,"_seopress_robots_primary_cat":"","_seopress_titles_title":"","_seopress_titles_desc":"","_seopress_robots_index":"","colormag_page_container_layout":"default_layout","colormag_page_sidebar_layout":"default_layout","footnotes":""},"categories":[8],"tags":[],"class_list":["post-20001","post","type-post","status-publish","format-standard","has-post-thumbnail","hentry","category-concursos"],"acf":[],"_links":{"self":[{"href":"https:\/\/vocesparalelas.com.ar\/sitio\/wp-json\/wp\/v2\/posts\/20001","targetHints":{"allow":["GET"]}}],"collection":[{"href":"https:\/\/vocesparalelas.com.ar\/sitio\/wp-json\/wp\/v2\/posts"}],"about":[{"href":"https:\/\/vocesparalelas.com.ar\/sitio\/wp-json\/wp\/v2\/types\/post"}],"author":[{"embeddable":true,"href":"https:\/\/vocesparalelas.com.ar\/sitio\/wp-json\/wp\/v2\/users\/3"}],"replies":[{"embeddable":true,"href":"https:\/\/vocesparalelas.com.ar\/sitio\/wp-json\/wp\/v2\/comments?post=20001"}],"version-history":[{"count":1,"href":"https:\/\/vocesparalelas.com.ar\/sitio\/wp-json\/wp\/v2\/posts\/20001\/revisions"}],"predecessor-version":[{"id":20005,"href":"https:\/\/vocesparalelas.com.ar\/sitio\/wp-json\/wp\/v2\/posts\/20001\/revisions\/20005"}],"wp:featuredmedia":[{"embeddable":true,"href":"https:\/\/vocesparalelas.com.ar\/sitio\/wp-json\/wp\/v2\/media\/20004"}],"wp:attachment":[{"href":"https:\/\/vocesparalelas.com.ar\/sitio\/wp-json\/wp\/v2\/media?parent=20001"}],"wp:term":[{"taxonomy":"category","embeddable":true,"href":"https:\/\/vocesparalelas.com.ar\/sitio\/wp-json\/wp\/v2\/categories?post=20001"},{"taxonomy":"post_tag","embeddable":true,"href":"https:\/\/vocesparalelas.com.ar\/sitio\/wp-json\/wp\/v2\/tags?post=20001"}],"curies":[{"name":"wp","href":"https:\/\/api.w.org\/{rel}","templated":true}]}}