{"id":19305,"date":"2019-03-08T19:05:33","date_gmt":"2019-03-08T22:05:33","guid":{"rendered":"http:\/\/vocesparalelas.com.ar\/sitio\/?p=19305"},"modified":"2019-03-08T19:05:33","modified_gmt":"2019-03-08T22:05:33","slug":"san-juan-comenzo-el-ciclo-lectivo-2019","status":"publish","type":"post","link":"https:\/\/vocesparalelas.com.ar\/sitio\/san-juan-comenzo-el-ciclo-lectivo-2019\/","title":{"rendered":"San Juan comenz\u00f3 el Ciclo Lectivo 2019"},"content":{"rendered":"<p>El acto oficial del Gobierno de San Juan se realiz\u00f3 en el Complejo Educativo Barrio Valle Grande, presidida por el gobernador Dr. Sergio U\u00f1ac, el ministro de Educaci\u00f3n, Lic. Felipe De Los R\u00edos, el intendente de la Municipalidad de Rawson, CPN Juan Carlos Gioja, el diputado departamental Dr. Pablo Garc\u00eda Nieto, la comunidad educativa para dejar inaugurado la instituci\u00f3n.<\/p>\n<p>Una vez que se cort\u00f3 la tradicional cinta patria y se descubri\u00f3 la placa que simboliza la historia. Una vez que se conform\u00f3 la mesa de autoridades la Directora del establecimiento, Prof. \u00c1ngela Villacorta, dio la bienvenida a las autoridades, agradeci\u00f3 la inauguraci\u00f3n y la elecci\u00f3n del establecimiento para la apertura oficial del Ciclo Lectivo 2019. Adem\u00e1s, reiter\u00f3 el compromiso de los docentes de impartir la ense\u00f1anza con la mejor calidad educativa para el bienestar de sus educandos.<\/p>\n<p>Seguidamente, el intendente de la Municipalidad de Rawson, CPN Juan Carlos Gioja destac\u00f3 que \u201chay que poner en valor el desarrollo de mayor infraestructura para la educaci\u00f3n. El Estado asisti\u00f3 a los lugares donde m\u00e1s se lo necesita. En San Juan el sistema educativo funciona, hoy comenzamos las clases y nuestros estudiantes ser\u00e1n educados y nuestros maestros van a trabajar, en contraposici\u00f3n a las provincias donde a\u00fan no se iniciaron las clases. Quiero hacer un reconocimiento a todos los que hoy hacen esto posible\u201d.<\/p>\n<p>A continuaci\u00f3n, el ministro de Educaci\u00f3n, Lic. Felipe De Los R\u00edos resalt\u00f3 que \u201cen el pasado siglo los descubrimientos cient\u00edficos y sus aplicaciones fueron ejes en el mundo y en este siglo los conocimientos cient\u00edficos y tecnol\u00f3gicos con su evoluci\u00f3n en las comunicaciones globales nos acercan al mundo. Desde el Gobierno se tiene presente la planificaci\u00f3n educativa dentro del marco del Plan de Actualizaci\u00f3n y Capacitaci\u00f3n Docente 2016-2023, que es pol\u00edtica de Estado en San Juan. La formaci\u00f3n de capacidades, las tecnolog\u00edas en la comunicaci\u00f3n y la rob\u00f3tica, el emprendedurismo y el liderazgo con su interacci\u00f3n en el deporte con los Juegos Intercolegiales y los Evita fortalecen el trabajo en equipo. Para Sarmiento, hab\u00eda que elaborar proyectos y ponerlos en pr\u00e1ctica, con esfuerzo personal, para eliminar viejas estructuras y obst\u00e1culos. Deseo feliz D\u00eda de la Mujer\u201d.<\/p>\n<p>Finalmente, el gobernador Dr. Sergio U\u00f1ac record\u00f3 que \u201ctuvimos cuatro opciones para inaugurar el Ciclo Lectivo 2019 y elegimos esta escuela, que es la m\u00e1s grande y brinda servicio educativo a 1000 familias\u201d.<\/p>\n<p>\u201cPor distintos problemas, en otras partes del pa\u00eds no comienzan las clases como lo hacemos en San Juan, por ello, vale un profundo reconocimiento y agradecimiento al sector docente sanjuanino. En la tierra donde naci\u00f3 el Gran Maestro de Am\u00e9rica, Domingo Faustino Sarmiento quien tuvo la adelantada visi\u00f3n de la importancia de impartir educaci\u00f3n en la provincia y durante su presidencia, con la construcci\u00f3n de m\u00e1s de 800 escuelas en el pa\u00eds con el convencimiento de que la educaci\u00f3n es y ser\u00e1 el gran pilar sobre el que se construye una sociedad distinta\u201d.<\/p>\n<p>\u201cSan Juan es la provincia que m\u00e1s invierte en obra p\u00fablica y, en ese marco, es la que m\u00e1s escuelas refaccion\u00f3 y construye en el pa\u00eds. El compromiso es seguir haciendo los m\u00e1ximos esfuerzos para continuar con esta pol\u00edtica de Estado. Esperamos poder cumplir un ciclo lectivo respondiendo a las expectativas que tiene la sociedad con la educaci\u00f3n como \u00fanico y leg\u00edtimo articulador social. De esta manera dejo formalmente iniciado el Ciclo Lectivo 2019\u201d \u2013 concluy\u00f3 U\u00f1ac.<\/p>\n<p><iframe loading=\"lazy\" width=\"800\" height=\"450\" src=\"https:\/\/www.youtube.com\/embed\/4lgcsqh9FH0?feature=oembed\" frameborder=\"0\" allow=\"accelerometer; autoplay; encrypted-media; gyroscope; picture-in-picture\" allowfullscreen><\/iframe><\/p>\n<p><span style=\"color: #800080\"><strong>Complejo Educativo Valle Grande<\/strong><\/span><\/p>\n<p>Es un proyecto educativo integrador que incluye Nivel Inicial, Primario, Secundario, Sal\u00f3n de Usos M\u00faltiples, Anfiteatro, vivienda del portero y play\u00f3n polideportivo.<\/p>\n<p>La construcci\u00f3n comprende materiales como ladrill\u00f3n, losas y estructura de hormig\u00f3n armado. El SUM y la galer\u00eda interna del Nivel Inicial tienen terminaciones exteriores en revestimientos con color incorporado. Los accesos a cada sector son jerarquizados por p\u00f3rticos conformados por muros de colores.<\/p>\n<p>Las tareas incluyeron adem\u00e1s el cierre perimetral de todo el predio, la instalaci\u00f3n el\u00e9ctrica, sanitaria, de gas, de aires acondicionados y el servicio contra incendio. El complejo cuenta con torres de tanques y parquizaci\u00f3n en todas sus \u00e1reas verdes. La superficie total de obra es de 5889,66m2.<\/p>\n<p>&nbsp;<\/p>\n<p>&nbsp;<\/p>\n","protected":false},"excerpt":{"rendered":"<p>El acto oficial del Gobierno de San Juan se realiz\u00f3 en el Complejo Educativo Barrio Valle Grande, presidida por el<\/p>\n","protected":false},"author":3,"featured_media":19307,"comment_status":"closed","ping_status":"closed","sticky":false,"template":"","format":"video","meta":{"_acf_changed":false,"_seopress_robots_primary_cat":"","_seopress_titles_title":"","_seopress_titles_desc":"","_seopress_robots_index":"","colormag_page_container_layout":"default_layout","colormag_page_sidebar_layout":"default_layout","footnotes":""},"categories":[1,7],"tags":[],"class_list":["post-19305","post","type-post","status-publish","format-video","has-post-thumbnail","hentry","category-destacadas","category-videos","post_format-post-format-video"],"acf":[],"_links":{"self":[{"href":"https:\/\/vocesparalelas.com.ar\/sitio\/wp-json\/wp\/v2\/posts\/19305","targetHints":{"allow":["GET"]}}],"collection":[{"href":"https:\/\/vocesparalelas.com.ar\/sitio\/wp-json\/wp\/v2\/posts"}],"about":[{"href":"https:\/\/vocesparalelas.com.ar\/sitio\/wp-json\/wp\/v2\/types\/post"}],"author":[{"embeddable":true,"href":"https:\/\/vocesparalelas.com.ar\/sitio\/wp-json\/wp\/v2\/users\/3"}],"replies":[{"embeddable":true,"href":"https:\/\/vocesparalelas.com.ar\/sitio\/wp-json\/wp\/v2\/comments?post=19305"}],"version-history":[{"count":0,"href":"https:\/\/vocesparalelas.com.ar\/sitio\/wp-json\/wp\/v2\/posts\/19305\/revisions"}],"wp:featuredmedia":[{"embeddable":true,"href":"https:\/\/vocesparalelas.com.ar\/sitio\/wp-json\/wp\/v2\/media\/19307"}],"wp:attachment":[{"href":"https:\/\/vocesparalelas.com.ar\/sitio\/wp-json\/wp\/v2\/media?parent=19305"}],"wp:term":[{"taxonomy":"category","embeddable":true,"href":"https:\/\/vocesparalelas.com.ar\/sitio\/wp-json\/wp\/v2\/categories?post=19305"},{"taxonomy":"post_tag","embeddable":true,"href":"https:\/\/vocesparalelas.com.ar\/sitio\/wp-json\/wp\/v2\/tags?post=19305"}],"curies":[{"name":"wp","href":"https:\/\/api.w.org\/{rel}","templated":true}]}}