{"id":19289,"date":"2019-03-07T23:41:16","date_gmt":"2019-03-08T02:41:16","guid":{"rendered":"http:\/\/vocesparalelas.com.ar\/sitio\/?p=19289"},"modified":"2019-03-09T02:15:15","modified_gmt":"2019-03-09T05:15:15","slug":"curso-de-extension-la-prensa-escrita-como-recurso-didactico-pedagogico","status":"publish","type":"post","link":"https:\/\/vocesparalelas.com.ar\/sitio\/curso-de-extension-la-prensa-escrita-como-recurso-didactico-pedagogico\/","title":{"rendered":"Curso de Extensi\u00f3n \u00abLa prensa escrita como recurso did\u00e1ctico pedag\u00f3gico\u00bb"},"content":{"rendered":"<p>El Curso \u201cLa prensa escrita como recurso did\u00e1ctico pedag\u00f3gico\u201d se enmarca en \u201cPrograma Universitario de Investigaci\u00f3n, Vinculaci\u00f3n y Transferencia educativa: Educaci\u00f3n e investigaci\u00f3n hist\u00f3rica. Proyecci\u00f3n y aportes al medio educativo sanjuanino\u201d &#8211; Res. 57\/17-CD-FFHA &#8211; del Instituto de Historia Regional y Argentina H\u00e9ctor D. Arias\u201d de la Facultad de Filosof\u00eda, Humanidades y Artes de la Universidad Nacional de San Juan.<\/p>\n<p>Tiene como prop\u00f3sitos fundamental apuntar a la consideraci\u00f3n de los peri\u00f3dicos de \u00e9poca como recurso did\u00e1ctico-pedag\u00f3gico, que pueda ser utilizado por docentes de todos los niveles desde m\u00faltiples perspectivas.<\/p>\n<p>En momentos en los que nuevos aires de innovaci\u00f3n pedag\u00f3gica presentan a todos los integrantes del sistema educativo un desaf\u00edo a su renovaci\u00f3n, eficacia y creatividad, es necesario buscar estrategias de acci\u00f3n did\u00e1ctica que permitan al mismo tiempo el aprendizaje de procesos interactivos de trabajo y la consecuci\u00f3n de los objetivos de aprendizaje.<\/p>\n<p>El an\u00e1lisis de peri\u00f3dicos puede constituirse en una estrategia enriquecedora que contribuya a este prop\u00f3sito, ya que permite acceder al conocimiento de la historia regional y local desde un lugar novedoso, reconstruyendo el origen de los entramados de poder econ\u00f3micos, sociales y pol\u00edticos en los que nos encontramos insertos, las estructuras sociales y modos de la vida cotidiana, que tienen vigencia.<\/p>\n<p>Esto posibilitar\u00e1 que los alumnos otorguen significado e historicidad a su realidad presente, a la vez que los acerca a las t\u00e9cnicas de la investigaci\u00f3n cient\u00edfica y al oficio del historiador.<\/p>\n<p><img loading=\"lazy\" decoding=\"async\" class=\"alignnone size-full wp-image-19290\" src=\"https:\/\/vocesparalelas.com.ar\/sitio\/wp-content\/uploads\/2019\/03\/FFHA-PRENSA.jpg\" alt=\"\" width=\"1004\" height=\"709\" srcset=\"https:\/\/vocesparalelas.com.ar\/sitio\/wp-content\/uploads\/2019\/03\/FFHA-PRENSA.jpg 1004w, https:\/\/vocesparalelas.com.ar\/sitio\/wp-content\/uploads\/2019\/03\/FFHA-PRENSA-300x212.jpg 300w, https:\/\/vocesparalelas.com.ar\/sitio\/wp-content\/uploads\/2019\/03\/FFHA-PRENSA-768x542.jpg 768w, https:\/\/vocesparalelas.com.ar\/sitio\/wp-content\/uploads\/2019\/03\/FFHA-PRENSA-800x565.jpg 800w\" sizes=\"auto, (max-width: 1004px) 100vw, 1004px\" \/><\/p>\n<p><span style=\"color: #ff0000\"><strong>Contenidos:<\/strong><\/span><\/p>\n<ol>\n<li>a) La prensa escrita en la Historia Provincial, Regional y Nacional. Consideraciones generales<\/li>\n<li>b) La prensa escrita en el S. XIX, en San Juan, caracter\u00edsticas<\/li>\n<li>c) El uso de la prensa escrita como fuente<\/li>\n<li>d) La prensa escrita como recurso did\u00e1ctico-pedag\u00f3gico<\/li>\n<\/ol>\n<p><span style=\"color: #ff0000\"><strong>Cronograma de clases:<\/strong><\/span><\/p>\n<table>\n<tbody>\n<tr>\n<td width=\"173\"><strong>Fecha<\/strong><\/td>\n<td width=\"192\"><strong>Horario<\/strong><\/td>\n<td width=\"163\"><strong>Actividades<\/strong><\/td>\n<\/tr>\n<tr>\n<td width=\"173\">&nbsp;<\/p>\n<p>15\/03\/2019<\/p>\n<p>&nbsp;<\/td>\n<td width=\"192\">&nbsp;<\/p>\n<p>17 a 21 hs.<\/td>\n<td width=\"163\">&nbsp;<\/p>\n<p>Clase Magistral<\/td>\n<\/tr>\n<tr>\n<td width=\"173\">&nbsp;<\/p>\n<p>22\/03\/2019<\/td>\n<td width=\"192\">&nbsp;<\/p>\n<p>17 a 21 hs.<\/td>\n<td width=\"163\">&nbsp;<\/p>\n<p>Lecturas sobre la tem\u00e1tica. Trabajo con fuentes digitalizadas<\/p>\n<p>&nbsp;<\/td>\n<\/tr>\n<tr>\n<td width=\"173\">&nbsp;<\/p>\n<p>29\/03\/2019<\/td>\n<td width=\"192\">&nbsp;<\/p>\n<p>17 a 21 hs.<\/p>\n<p>&nbsp;<\/td>\n<td width=\"163\">&nbsp;<\/p>\n<p>Evaluaci\u00f3n (Exposici\u00f3n de los resultados)<\/p>\n<p>&nbsp;<\/td>\n<\/tr>\n<tr>\n<td colspan=\"2\" width=\"365\">&nbsp;<\/p>\n<p>15\/03 al 29\/03\/2019<\/td>\n<td width=\"163\">&nbsp;<\/p>\n<p>Lectura comprensiva y trabajo extra-\u00e1ulico de elaboraci\u00f3n. Consultas.<\/p>\n<p>&nbsp;<\/td>\n<\/tr>\n<\/tbody>\n<\/table>\n<p>&nbsp;<\/p>\n<p><strong><span style=\"color: #ff0000\">Ficha de Inscripci\u00f3n<\/span><\/strong><\/p>\n<p><a href=\"https:\/\/vocesparalelas.com.ar\/sitio\/wp-content\/uploads\/2019\/03\/ANEXO-I.-Inscripci\u00f3n.docx\">ANEXO I. Inscripci\u00f3n<\/a><\/p>\n<p>&nbsp;<\/p>\n<p><img loading=\"lazy\" decoding=\"async\" class=\"alignnone size-full wp-image-19290\" src=\"https:\/\/vocesparalelas.com.ar\/sitio\/wp-content\/uploads\/2019\/03\/FFHA-PRENSA.jpg\" alt=\"\" width=\"1004\" height=\"709\" srcset=\"https:\/\/vocesparalelas.com.ar\/sitio\/wp-content\/uploads\/2019\/03\/FFHA-PRENSA.jpg 1004w, https:\/\/vocesparalelas.com.ar\/sitio\/wp-content\/uploads\/2019\/03\/FFHA-PRENSA-300x212.jpg 300w, https:\/\/vocesparalelas.com.ar\/sitio\/wp-content\/uploads\/2019\/03\/FFHA-PRENSA-768x542.jpg 768w, https:\/\/vocesparalelas.com.ar\/sitio\/wp-content\/uploads\/2019\/03\/FFHA-PRENSA-800x565.jpg 800w\" sizes=\"auto, (max-width: 1004px) 100vw, 1004px\" \/><\/p>\n<p>&nbsp;<\/p>\n<p>&nbsp;<\/p>\n","protected":false},"excerpt":{"rendered":"<p>El Curso \u201cLa prensa escrita como recurso did\u00e1ctico pedag\u00f3gico\u201d se enmarca en \u201cPrograma Universitario de Investigaci\u00f3n, Vinculaci\u00f3n y Transferencia educativa:<\/p>\n","protected":false},"author":3,"featured_media":6323,"comment_status":"closed","ping_status":"closed","sticky":false,"template":"","format":"standard","meta":{"_acf_changed":false,"_seopress_robots_primary_cat":"","_seopress_titles_title":"","_seopress_titles_desc":"","_seopress_robots_index":"","colormag_page_container_layout":"default_layout","colormag_page_sidebar_layout":"default_layout","footnotes":""},"categories":[9],"tags":[],"class_list":["post-19289","post","type-post","status-publish","format-standard","has-post-thumbnail","hentry","category-cursos"],"acf":[],"_links":{"self":[{"href":"https:\/\/vocesparalelas.com.ar\/sitio\/wp-json\/wp\/v2\/posts\/19289","targetHints":{"allow":["GET"]}}],"collection":[{"href":"https:\/\/vocesparalelas.com.ar\/sitio\/wp-json\/wp\/v2\/posts"}],"about":[{"href":"https:\/\/vocesparalelas.com.ar\/sitio\/wp-json\/wp\/v2\/types\/post"}],"author":[{"embeddable":true,"href":"https:\/\/vocesparalelas.com.ar\/sitio\/wp-json\/wp\/v2\/users\/3"}],"replies":[{"embeddable":true,"href":"https:\/\/vocesparalelas.com.ar\/sitio\/wp-json\/wp\/v2\/comments?post=19289"}],"version-history":[{"count":0,"href":"https:\/\/vocesparalelas.com.ar\/sitio\/wp-json\/wp\/v2\/posts\/19289\/revisions"}],"wp:featuredmedia":[{"embeddable":true,"href":"https:\/\/vocesparalelas.com.ar\/sitio\/wp-json\/wp\/v2\/media\/6323"}],"wp:attachment":[{"href":"https:\/\/vocesparalelas.com.ar\/sitio\/wp-json\/wp\/v2\/media?parent=19289"}],"wp:term":[{"taxonomy":"category","embeddable":true,"href":"https:\/\/vocesparalelas.com.ar\/sitio\/wp-json\/wp\/v2\/categories?post=19289"},{"taxonomy":"post_tag","embeddable":true,"href":"https:\/\/vocesparalelas.com.ar\/sitio\/wp-json\/wp\/v2\/tags?post=19289"}],"curies":[{"name":"wp","href":"https:\/\/api.w.org\/{rel}","templated":true}]}}