{"id":19274,"date":"2019-03-07T01:39:40","date_gmt":"2019-03-07T04:39:40","guid":{"rendered":"http:\/\/vocesparalelas.com.ar\/sitio\/?p=19274"},"modified":"2019-03-07T01:39:40","modified_gmt":"2019-03-07T04:39:40","slug":"el-sueno-de-los-veteranos-de-regresar-a-las-islas-malvinas-se-cumple","status":"publish","type":"post","link":"https:\/\/vocesparalelas.com.ar\/sitio\/el-sueno-de-los-veteranos-de-regresar-a-las-islas-malvinas-se-cumple\/","title":{"rendered":"El sue\u00f1o de los veteranos de regresar a las Islas Malvinas se cumple"},"content":{"rendered":"<p>El Ministerio de Gobierno, por iniciativa de su ministro, Dr. Emilio Baistrocchi, que est\u00e1 con licencia, nuevamente cumple el sue\u00f1o de quienes combatieron en las Islas Malvinas para defender la Argentina.<\/p>\n<p>Se trata de 13 veteranos sanjuaninos y familiares, que emprendieron viaje desde San Juan a Buenos Aires y luego, a R\u00edo Gallegos, Provincia de Santa Cruz para finalmente, llegar al destino m\u00e1s apreciado y so\u00f1ado, las Islas Malvinas.<\/p>\n<p>Participaron la ministro de Salud del Gobierno de San Juan, a cargo del Ministerio de Gobierno, Dra. Alejandra Venerando, la secretaria de Relaciones Institucionales, Dra. Elena Peletier y el director de Culto y ONG, Gabriel \u00c1lvarez, adem\u00e1s de las agrupaciones de veteranos CEAS y 2 de Abril.<\/p>\n<p><img loading=\"lazy\" decoding=\"async\" class=\"alignnone size-full wp-image-19276\" src=\"https:\/\/vocesparalelas.com.ar\/sitio\/wp-content\/uploads\/2019\/03\/MALVI-03.jpg\" alt=\"\" width=\"1000\" height=\"667\" \/><\/p>\n<p>El veterano de guerra en representaci\u00f3n de los h\u00e9roes, Eusebio P\u00e1ez puntualiz\u00f3 que \u201ces un viaje que esperamos nos permita cerrar una herida, que cada uno la tiene en distintas modalidades, pero est\u00e1. El veterano siente que le acarician el alma cuando ve acciones que se llevan adelante para mitigar el sufrimiento, cuando vemos a nuestros pol\u00edticos que entienden nuestro bregar constante y reclamo de soberan\u00eda con las islas, en los chicos de las escuelas, cuando vemos actitudes muy positivas para entender nuestro mensaje malvinizador\u201d.<\/p>\n<p>Adem\u00e1s, agradeci\u00f3 al gobernador de San Juan, Dr. Sergio U\u00f1ac y al equipo del Ministerio de Gobierno \u201cpor todo lo que hacen por nosotros. Solo espero que este encuentro con el pasado logre cerrar antiguas heridas y nos permita entender por qu\u00e9 nos pas\u00f3 eso y batallar el d\u00eda a d\u00eda. Gracias a todos los que permitieron que vivamos esta experiencia\u201d \u2013 concluy\u00f3 P\u00e1ez.<\/p>\n<p>Seguidamente, la ministro de Salud, Dra. Alejandra Venerando subray\u00f3 \u00a0que \u201cquiero decirles que se perciben en el aire estos sentimientos que dejan visualizar, cr\u00e9anme que son un orgullo de nuestro San Juan y nuestra Patria. Desearles que este encuentro con el pasado sea con sanaci\u00f3n\u201d, indic\u00f3.<\/p>\n<p>La idea que comenz\u00f3 en 2016 con un grupo de 25 veteranos de la guerra de Malvinas, sumar\u00e1 este a\u00f1o a 13 m\u00e1s, los que junto a los 15 de 2017 y 15 de 2018, totalizan 68 excombatientes en cuatro a\u00f1os de gesti\u00f3n.<\/p>\n<p>Hace tres a\u00f1os, el Gobierno de la Provincia, a trav\u00e9s del Ministerio de Gobierno, institucionaliz\u00f3 el viaje a Malvinas para los veteranos sanjuaninos (unos 300), que les ofrece la posibilidad de volver al a las Islas, ya en \u00e9pocas de paz, luego de una guerra ocurrida hace 37 a\u00f1os.<\/p>\n<p><iframe loading=\"lazy\" width=\"800\" height=\"450\" src=\"https:\/\/www.youtube.com\/embed\/623UZfey_FM?feature=oembed\" frameborder=\"0\" allow=\"accelerometer; autoplay; encrypted-media; gyroscope; picture-in-picture\" allowfullscreen><\/iframe><\/p>\n<p><img loading=\"lazy\" decoding=\"async\" class=\"alignnone size-full wp-image-19277\" src=\"https:\/\/vocesparalelas.com.ar\/sitio\/wp-content\/uploads\/2019\/03\/MALVI-04.jpg\" alt=\"\" width=\"1000\" height=\"667\" srcset=\"https:\/\/vocesparalelas.com.ar\/sitio\/wp-content\/uploads\/2019\/03\/MALVI-04.jpg 1000w, https:\/\/vocesparalelas.com.ar\/sitio\/wp-content\/uploads\/2019\/03\/MALVI-04-300x200.jpg 300w, https:\/\/vocesparalelas.com.ar\/sitio\/wp-content\/uploads\/2019\/03\/MALVI-04-768x512.jpg 768w, https:\/\/vocesparalelas.com.ar\/sitio\/wp-content\/uploads\/2019\/03\/MALVI-04-800x534.jpg 800w\" sizes=\"auto, (max-width: 1000px) 100vw, 1000px\" \/><\/p>\n<p>&nbsp;<\/p>\n<p>&nbsp;<\/p>\n<p>&nbsp;<\/p>\n","protected":false},"excerpt":{"rendered":"<p>El Ministerio de Gobierno, por iniciativa de su ministro, Dr. Emilio Baistrocchi, que est\u00e1 con licencia, nuevamente cumple el sue\u00f1o<\/p>\n","protected":false},"author":3,"featured_media":19275,"comment_status":"closed","ping_status":"closed","sticky":false,"template":"","format":"video","meta":{"_acf_changed":false,"_seopress_robots_primary_cat":"","_seopress_titles_title":"","_seopress_titles_desc":"","_seopress_robots_index":"","colormag_page_container_layout":"default_layout","colormag_page_sidebar_layout":"default_layout","footnotes":""},"categories":[1,7],"tags":[],"class_list":["post-19274","post","type-post","status-publish","format-video","has-post-thumbnail","hentry","category-destacadas","category-videos","post_format-post-format-video"],"acf":[],"_links":{"self":[{"href":"https:\/\/vocesparalelas.com.ar\/sitio\/wp-json\/wp\/v2\/posts\/19274","targetHints":{"allow":["GET"]}}],"collection":[{"href":"https:\/\/vocesparalelas.com.ar\/sitio\/wp-json\/wp\/v2\/posts"}],"about":[{"href":"https:\/\/vocesparalelas.com.ar\/sitio\/wp-json\/wp\/v2\/types\/post"}],"author":[{"embeddable":true,"href":"https:\/\/vocesparalelas.com.ar\/sitio\/wp-json\/wp\/v2\/users\/3"}],"replies":[{"embeddable":true,"href":"https:\/\/vocesparalelas.com.ar\/sitio\/wp-json\/wp\/v2\/comments?post=19274"}],"version-history":[{"count":0,"href":"https:\/\/vocesparalelas.com.ar\/sitio\/wp-json\/wp\/v2\/posts\/19274\/revisions"}],"wp:featuredmedia":[{"embeddable":true,"href":"https:\/\/vocesparalelas.com.ar\/sitio\/wp-json\/wp\/v2\/media\/19275"}],"wp:attachment":[{"href":"https:\/\/vocesparalelas.com.ar\/sitio\/wp-json\/wp\/v2\/media?parent=19274"}],"wp:term":[{"taxonomy":"category","embeddable":true,"href":"https:\/\/vocesparalelas.com.ar\/sitio\/wp-json\/wp\/v2\/categories?post=19274"},{"taxonomy":"post_tag","embeddable":true,"href":"https:\/\/vocesparalelas.com.ar\/sitio\/wp-json\/wp\/v2\/tags?post=19274"}],"curies":[{"name":"wp","href":"https:\/\/api.w.org\/{rel}","templated":true}]}}