{"id":19268,"date":"2019-03-06T23:30:44","date_gmt":"2019-03-07T02:30:44","guid":{"rendered":"http:\/\/vocesparalelas.com.ar\/sitio\/?p=19268"},"modified":"2019-03-09T02:17:29","modified_gmt":"2019-03-09T05:17:29","slug":"obra-de-danza-moderna-de-fiesta","status":"publish","type":"post","link":"https:\/\/vocesparalelas.com.ar\/sitio\/obra-de-danza-moderna-de-fiesta\/","title":{"rendered":"Obra de Danza Contempor\u00e1nea \u00abDe Fiesta\u00bb"},"content":{"rendered":"<p>La obra de Danza Contempor\u00e1nea \u00abDe Fiesta\u00bb, de Mar\u00eda Julia de Nardi, se presenta en el Cine Teatro Municipal, para toda la familia, el Jueves 14 de Marzo, a las 21:30 hs.; y el Viernes, 15 de Marzo, a las 22 hs.\u00a0Una propuesta interesante y novedosa, con 18 int\u00e9rpretes en escena, con m\u00fasica conocida y creada a partir de pautas de movimiento. Una obra para divertirse.\u00a0Entrada general: $150<\/p>\n<p><img loading=\"lazy\" decoding=\"async\" class=\"alignnone size-full wp-image-19270\" src=\"https:\/\/vocesparalelas.com.ar\/sitio\/wp-content\/uploads\/2019\/03\/DE-FIESTA-02.jpg\" alt=\"\" width=\"1000\" height=\"551\" srcset=\"https:\/\/vocesparalelas.com.ar\/sitio\/wp-content\/uploads\/2019\/03\/DE-FIESTA-02.jpg 1000w, https:\/\/vocesparalelas.com.ar\/sitio\/wp-content\/uploads\/2019\/03\/DE-FIESTA-02-300x165.jpg 300w, https:\/\/vocesparalelas.com.ar\/sitio\/wp-content\/uploads\/2019\/03\/DE-FIESTA-02-768x423.jpg 768w, https:\/\/vocesparalelas.com.ar\/sitio\/wp-content\/uploads\/2019\/03\/DE-FIESTA-02-800x441.jpg 800w\" sizes=\"auto, (max-width: 1000px) 100vw, 1000px\" \/><\/p>\n<p><img loading=\"lazy\" decoding=\"async\" class=\"alignnone size-full wp-image-19272\" src=\"https:\/\/vocesparalelas.com.ar\/sitio\/wp-content\/uploads\/2019\/03\/DE-FIESTA-04.jpg\" alt=\"\" width=\"1000\" height=\"600\" srcset=\"https:\/\/vocesparalelas.com.ar\/sitio\/wp-content\/uploads\/2019\/03\/DE-FIESTA-04.jpg 1000w, https:\/\/vocesparalelas.com.ar\/sitio\/wp-content\/uploads\/2019\/03\/DE-FIESTA-04-300x180.jpg 300w, https:\/\/vocesparalelas.com.ar\/sitio\/wp-content\/uploads\/2019\/03\/DE-FIESTA-04-768x461.jpg 768w, https:\/\/vocesparalelas.com.ar\/sitio\/wp-content\/uploads\/2019\/03\/DE-FIESTA-04-800x480.jpg 800w\" sizes=\"auto, (max-width: 1000px) 100vw, 1000px\" \/><\/p>\n<p><span style=\"color: #ff0000\"><strong>Ficha T\u00e9cnica<\/strong><\/span><\/p>\n<ul>\n<li><span style=\"color: #ff0000\"><strong>Interpr\u00e9tes:\u00a0<\/strong><\/span>Guadalupe Agost, Cecilia Amado, Rodolfo Aravena, Mar\u00eda Florencia Arce, Margarita Barani, Guadalupe Calvo, Nicol\u00e1s Canto, Paula Catalini, Agustina Gim\u00e9nez, Daniela Linares, Sol L\u00f3pez, Juan Mallea, Cecilia Matamoro, Soledad Moles, Gisella Rodr\u00edguez, Milagros Soler, Fernando Torres, Ana Paula Yela.<\/li>\n<li><span style=\"color: #ff0000\"><strong>Idea y Direcci\u00f3n<\/strong>:<\/span> Mar\u00eda Julia de Nardi<\/li>\n<li><span style=\"color: #ff0000\"><strong>Asistente de Direcci\u00f3n y Puesta<\/strong>:<\/span> Mar\u00eda Victoria Barud<\/li>\n<li><span style=\"color: #ff0000\"><strong>Colaboraci\u00f3n en la Puesta:<\/strong> <\/span>Salom\u00e9 Villalba<\/li>\n<li><span style=\"color: #ff0000\"><strong>Producci\u00f3n General<\/strong>:<\/span> Fuera de eje<\/li>\n<li><span style=\"color: #ff0000\"><strong>Dise\u00f1o e Iluminaci\u00f3n<\/strong>:<\/span> Maria Victoria Barud<\/li>\n<li><span style=\"color: #ff0000\"><strong>S\u00edntesis:\u00a0<\/strong><\/span>Canciones muy conocidas invaden el espacio y lo contaminan de ganas de bailar.\u00a0Una obra de danza y de baile, de gala e informal, un encuentro, una muchedumbre, una soledad.\u00a0Hay espacios y lugares donde el humano se muestra con soltura y desinhibici\u00f3n: hace lo que cree, quiere y siente, por eso cae, rueda, salta y baila (o cree que baila). El cuerpo toma la escena convirtiendo la danza y el teatro en humor y diversi\u00f3n y reflexi\u00f3n.<\/li>\n<\/ul>\n<p><img loading=\"lazy\" decoding=\"async\" class=\"alignnone size-full wp-image-19271\" src=\"https:\/\/vocesparalelas.com.ar\/sitio\/wp-content\/uploads\/2019\/03\/DE-FIESTA-03.jpg\" alt=\"\" width=\"1000\" height=\"669\" srcset=\"https:\/\/vocesparalelas.com.ar\/sitio\/wp-content\/uploads\/2019\/03\/DE-FIESTA-03.jpg 1000w, https:\/\/vocesparalelas.com.ar\/sitio\/wp-content\/uploads\/2019\/03\/DE-FIESTA-03-300x201.jpg 300w, https:\/\/vocesparalelas.com.ar\/sitio\/wp-content\/uploads\/2019\/03\/DE-FIESTA-03-768x514.jpg 768w, https:\/\/vocesparalelas.com.ar\/sitio\/wp-content\/uploads\/2019\/03\/DE-FIESTA-03-800x535.jpg 800w\" sizes=\"auto, (max-width: 1000px) 100vw, 1000px\" \/><\/p>\n<p><span style=\"color: #ff0000\"><strong>Link resumen de la obra<\/strong><\/span><\/p>\n<p><iframe loading=\"lazy\" width=\"800\" height=\"450\" src=\"https:\/\/www.youtube.com\/embed\/JzcV6JRgLLY?start=19&#038;feature=oembed\" frameborder=\"0\" allow=\"accelerometer; autoplay; encrypted-media; gyroscope; picture-in-picture\" allowfullscreen><\/iframe><\/p>\n<p><img loading=\"lazy\" decoding=\"async\" class=\"alignnone size-full wp-image-19267\" src=\"https:\/\/vocesparalelas.com.ar\/sitio\/wp-content\/uploads\/2019\/03\/DE-FIESTA.jpg\" alt=\"\" width=\"1000\" height=\"603\" srcset=\"https:\/\/vocesparalelas.com.ar\/sitio\/wp-content\/uploads\/2019\/03\/DE-FIESTA.jpg 1000w, https:\/\/vocesparalelas.com.ar\/sitio\/wp-content\/uploads\/2019\/03\/DE-FIESTA-300x181.jpg 300w, https:\/\/vocesparalelas.com.ar\/sitio\/wp-content\/uploads\/2019\/03\/DE-FIESTA-768x463.jpg 768w, https:\/\/vocesparalelas.com.ar\/sitio\/wp-content\/uploads\/2019\/03\/DE-FIESTA-800x482.jpg 800w\" sizes=\"auto, (max-width: 1000px) 100vw, 1000px\" \/><\/p>\n<p>&nbsp;<\/p>\n<p>&nbsp;<\/p>\n<p>&nbsp;<\/p>\n<p>&nbsp;<\/p>\n","protected":false},"excerpt":{"rendered":"<p>La obra de Danza Contempor\u00e1nea \u00abDe Fiesta\u00bb, de Mar\u00eda Julia de Nardi, se presenta en el Cine Teatro Municipal, para<\/p>\n","protected":false},"author":3,"featured_media":19269,"comment_status":"closed","ping_status":"closed","sticky":false,"template":"","format":"video","meta":{"_acf_changed":false,"_seopress_robots_primary_cat":"","_seopress_titles_title":"","_seopress_titles_desc":"","_seopress_robots_index":"","colormag_page_container_layout":"default_layout","colormag_page_sidebar_layout":"default_layout","footnotes":""},"categories":[6,7],"tags":[],"class_list":["post-19268","post","type-post","status-publish","format-video","has-post-thumbnail","hentry","category-eventos","category-videos","post_format-post-format-video"],"acf":[],"_links":{"self":[{"href":"https:\/\/vocesparalelas.com.ar\/sitio\/wp-json\/wp\/v2\/posts\/19268","targetHints":{"allow":["GET"]}}],"collection":[{"href":"https:\/\/vocesparalelas.com.ar\/sitio\/wp-json\/wp\/v2\/posts"}],"about":[{"href":"https:\/\/vocesparalelas.com.ar\/sitio\/wp-json\/wp\/v2\/types\/post"}],"author":[{"embeddable":true,"href":"https:\/\/vocesparalelas.com.ar\/sitio\/wp-json\/wp\/v2\/users\/3"}],"replies":[{"embeddable":true,"href":"https:\/\/vocesparalelas.com.ar\/sitio\/wp-json\/wp\/v2\/comments?post=19268"}],"version-history":[{"count":0,"href":"https:\/\/vocesparalelas.com.ar\/sitio\/wp-json\/wp\/v2\/posts\/19268\/revisions"}],"wp:featuredmedia":[{"embeddable":true,"href":"https:\/\/vocesparalelas.com.ar\/sitio\/wp-json\/wp\/v2\/media\/19269"}],"wp:attachment":[{"href":"https:\/\/vocesparalelas.com.ar\/sitio\/wp-json\/wp\/v2\/media?parent=19268"}],"wp:term":[{"taxonomy":"category","embeddable":true,"href":"https:\/\/vocesparalelas.com.ar\/sitio\/wp-json\/wp\/v2\/categories?post=19268"},{"taxonomy":"post_tag","embeddable":true,"href":"https:\/\/vocesparalelas.com.ar\/sitio\/wp-json\/wp\/v2\/tags?post=19268"}],"curies":[{"name":"wp","href":"https:\/\/api.w.org\/{rel}","templated":true}]}}