{"id":19238,"date":"2019-03-05T20:14:09","date_gmt":"2019-03-05T23:14:09","guid":{"rendered":"http:\/\/vocesparalelas.com.ar\/sitio\/?p=19238"},"modified":"2019-03-05T20:22:21","modified_gmt":"2019-03-05T23:22:21","slug":"el-ciclo-lectivo-2019-comienza-el-viernes-8-de-marzo","status":"publish","type":"post","link":"https:\/\/vocesparalelas.com.ar\/sitio\/el-ciclo-lectivo-2019-comienza-el-viernes-8-de-marzo\/","title":{"rendered":"El Ciclo Lectivo 2019 comienza el Viernes, 8 de Marzo"},"content":{"rendered":"<p>El Ministerio de Educaci\u00f3n informa que el Ciclo Lectivo 2019 comienza el Viernes, 8 de Marzo, para que todos los docentes est\u00e9n frente a las aulas en los niveles Inicial y Primario y en las modalidades Especial y Adultos.<\/p>\n<p>Es importante aclara que, el comienzo se vio demorado por las vacantes producto del Concurso de Ascensos 2016, la cantidad de cargos para Traslado\/Ingreso 2019 a la docencia, sumado al corte de agua de OSSE, que oblig\u00f3 la suspensi\u00f3n de actividades en los establecimientos educativos afectados, lo que ocasion\u00f3 el retraso en la mesas de ex\u00e1menes de los turnos Febrero &#8211; Marzo de las escuelas de Nivel Secundario.<\/p>\n","protected":false},"excerpt":{"rendered":"<p>El Ministerio de Educaci\u00f3n informa que el Ciclo Lectivo 2019 comienza el Viernes, 8 de Marzo, para que todos los<\/p>\n","protected":false},"author":3,"featured_media":2138,"comment_status":"closed","ping_status":"closed","sticky":false,"template":"","format":"standard","meta":{"_acf_changed":false,"_seopress_robots_primary_cat":"","_seopress_titles_title":"","_seopress_titles_desc":"","_seopress_robots_index":"","colormag_page_container_layout":"default_layout","colormag_page_sidebar_layout":"default_layout","footnotes":""},"categories":[1],"tags":[],"class_list":["post-19238","post","type-post","status-publish","format-standard","has-post-thumbnail","hentry","category-destacadas"],"acf":[],"_links":{"self":[{"href":"https:\/\/vocesparalelas.com.ar\/sitio\/wp-json\/wp\/v2\/posts\/19238","targetHints":{"allow":["GET"]}}],"collection":[{"href":"https:\/\/vocesparalelas.com.ar\/sitio\/wp-json\/wp\/v2\/posts"}],"about":[{"href":"https:\/\/vocesparalelas.com.ar\/sitio\/wp-json\/wp\/v2\/types\/post"}],"author":[{"embeddable":true,"href":"https:\/\/vocesparalelas.com.ar\/sitio\/wp-json\/wp\/v2\/users\/3"}],"replies":[{"embeddable":true,"href":"https:\/\/vocesparalelas.com.ar\/sitio\/wp-json\/wp\/v2\/comments?post=19238"}],"version-history":[{"count":0,"href":"https:\/\/vocesparalelas.com.ar\/sitio\/wp-json\/wp\/v2\/posts\/19238\/revisions"}],"wp:featuredmedia":[{"embeddable":true,"href":"https:\/\/vocesparalelas.com.ar\/sitio\/wp-json\/wp\/v2\/media\/2138"}],"wp:attachment":[{"href":"https:\/\/vocesparalelas.com.ar\/sitio\/wp-json\/wp\/v2\/media?parent=19238"}],"wp:term":[{"taxonomy":"category","embeddable":true,"href":"https:\/\/vocesparalelas.com.ar\/sitio\/wp-json\/wp\/v2\/categories?post=19238"},{"taxonomy":"post_tag","embeddable":true,"href":"https:\/\/vocesparalelas.com.ar\/sitio\/wp-json\/wp\/v2\/tags?post=19238"}],"curies":[{"name":"wp","href":"https:\/\/api.w.org\/{rel}","templated":true}]}}