{"id":18804,"date":"2019-02-16T15:24:10","date_gmt":"2019-02-16T18:24:10","guid":{"rendered":"http:\/\/vocesparalelas.com.ar\/sitio\/?p=18804"},"modified":"2019-02-17T22:14:19","modified_gmt":"2019-02-18T01:14:19","slug":"convocan-a-presentar-facturas-enero-y-febrero","status":"publish","type":"post","link":"https:\/\/vocesparalelas.com.ar\/sitio\/convocan-a-presentar-facturas-enero-y-febrero\/","title":{"rendered":"Convocan a presentar facturas Enero y Febrero"},"content":{"rendered":"<p>El Ministerio de Educaci\u00f3n convoca al personal administrativo y de servicios generales con contratos de colaboraci\u00f3n de servicios, a presentar facturas y seguro, que es excluyente para porteros, en la isla de la repartici\u00f3n, planta baja del Centro C\u00edvico, de 15 a 18 hs.<\/p>\n<p><span style=\"color: #008000\"><strong>Cronograma<\/strong><\/span><\/p>\n<table width=\"501\">\n<tbody>\n<tr>\n<td><span style=\"color: #008000\"><strong>D\u00eda de presentaci\u00f3n;<\/strong><\/span><\/td>\n<td><span style=\"color: #008000\"><strong>Letra inicial de apellido<\/strong><\/span><\/td>\n<\/tr>\n<tr>\n<td>Mi\u00e9rcoles, 20 de Febrero<\/td>\n<td>A-B-C-D-E-F<\/td>\n<\/tr>\n<tr>\n<td>Jueves, \u00a021 de Febrero<\/td>\n<td>G-H-I-J-K-L-M-N<\/td>\n<\/tr>\n<tr>\n<td>Viernes, 22 de Febrero<\/td>\n<td>O-P-Q-R-S-T-U-V-W-Y-Z<\/td>\n<\/tr>\n<\/tbody>\n<\/table>\n<p><span style=\"color: #008000\"><strong>La factura manual debe estar confeccionadas<\/strong><\/span><\/p>\n<ul>\n<li>Factura con diferencia de haber por incremento del mes de enero 2019<\/li>\n<li>Fecha de emisi\u00f3n: 28\/02\/2019<\/li>\n<li>Per\u00edodo facturado: Desde 2\/01\/2019 al 31\/01\/2019<\/li>\n<li>Vencimiento: 29\/03\/2019 (en la factura manual se recuerda que el talonario no debe estar vencido)<\/li>\n<\/ul>\n<p><strong><span style=\"color: #008000\">Monto a facturar para porteros<\/span><\/strong><\/p>\n<ul>\n<li>$2,377 (recordar que es excluyente presentaci\u00f3n de seguro)<\/li>\n<\/ul>\n<p><span style=\"color: #008000\"><strong>Monto a facturar para administrativos seg\u00fan la grilla salarial 2018<\/strong><\/span><\/p>\n<p>&nbsp;<\/p>\n<table width=\"562\">\n<tbody>\n<tr>\n<td><span style=\"color: #008000\"><strong>Sueldo<\/strong><\/span><\/td>\n<td><span style=\"color: #008000\"><strong>Incremento a facturar<\/strong><\/span><\/td>\n<\/tr>\n<tr>\n<td>Personal de servicio<\/td>\n<td>$6.603<\/td>\n<td>$2.377,08<\/td>\n<\/tr>\n<tr>\n<td>Administrativos \u00a01<\/td>\n<td>\u00a0$7.562<\/td>\n<td>$2.722,32<\/td>\n<\/tr>\n<tr>\n<td>Administrativos \u00a0\u00a02<\/td>\n<td>$9.660<\/td>\n<td>\u00a0$3.477,60<\/td>\n<\/tr>\n<tr>\n<td>Administrativos \u00a0\u00a0\u00a03<\/td>\n<td>$9.950<\/td>\n<td>$3.582<\/td>\n<\/tr>\n<tr>\n<td>Administrativos\u00a0\u00a0 4<\/td>\n<td>$11.718<\/td>\n<td>$4.218,48<\/td>\n<\/tr>\n<tr>\n<td>Administrativos\u00a0\u00a0 5<\/td>\n<td>$ 12.500<\/td>\n<td>$4.500<\/td>\n<\/tr>\n<tr>\n<td>Administrativos\u00a0\u00a0 6<\/td>\n<td>$13.386<\/td>\n<td>$4.818,96<\/td>\n<\/tr>\n<tr>\n<td>Administrativos\u00a0 7<\/td>\n<td>$13.662<\/td>\n<td>$4.918,32<\/td>\n<\/tr>\n<tr>\n<td>Administrativos \u00a08<\/td>\n<td>$17.250<\/td>\n<td>$6.210<\/td>\n<\/tr>\n<\/tbody>\n<\/table>\n<p>&nbsp;<\/p>\n<p><span style=\"color: #008000\"><strong>Factura Electr\u00f3nica de Febrero<\/strong><\/span><\/p>\n<ul>\n<li>Fecha de emisi\u00f3n: 28\/02\/2019<\/li>\n<li>Per\u00edodo facturado: Desde 1\/02\/2019 al 28\/02\/2019<\/li>\n<li>Vencimiento: 29\/03\/2019 (en la factura manual se recuerda que el talonario no debe estar vencido).<\/li>\n<\/ul>\n<p><span style=\"color: #008000\"><strong>Monto a facturar para porteros mes de Febrero<\/strong><\/span><\/p>\n<ul>\n<li>$8.980 (recordar que es excluyente presentaci\u00f3n de seguro).<\/li>\n<\/ul>\n<p><span style=\"color: #008000\"><strong>Monto a facturar por el personal administrativo<\/strong><\/span><\/p>\n<p>&nbsp;<\/p>\n<table width=\"549\">\n<tbody>\n<tr>\n<td><span style=\"color: #008000\"><strong>Sueldo 2018<\/strong><\/span><\/td>\n<td><span style=\"color: #008000\"><strong>Sueldo a facturar mes de febrero \u00a02019<\/strong><\/span><\/td>\n<\/tr>\n<tr>\n<td>Personal de servicio<\/td>\n<td>$6.603<\/td>\n<td>$8.980,08<\/td>\n<\/tr>\n<tr>\n<td>Administrativos \u00a01<\/td>\n<td>\u00a0$7.562<\/td>\n<td>$10.284,32<\/td>\n<\/tr>\n<tr>\n<td>Administrativos \u00a0\u00a02<\/td>\n<td>$9.660<\/td>\n<td>$13.137,60<\/td>\n<\/tr>\n<tr>\n<td>Administrativos \u00a0\u00a0\u00a03<\/td>\n<td>$9.950<\/td>\n<td>$13.532<\/td>\n<\/tr>\n<tr>\n<td>Administrativos\u00a0\u00a0 4<\/td>\n<td>$11.718<\/td>\n<td>$15.936,48<\/td>\n<\/tr>\n<tr>\n<td>Administrativos\u00a0\u00a0 5<\/td>\n<td>$ 12.500<\/td>\n<td>$17.000<\/td>\n<\/tr>\n<tr>\n<td>Administrativos\u00a0\u00a0 6<\/td>\n<td>$13.386<\/td>\n<td>$18.204,96<\/td>\n<\/tr>\n<tr>\n<td>Administrativos\u00a0 7<\/td>\n<td>$13.662<\/td>\n<td>$18.580,32<\/td>\n<\/tr>\n<tr>\n<td>Administrativos \u00a08<\/td>\n<td>$17.250<\/td>\n<td>$23.460<\/td>\n<\/tr>\n<\/tbody>\n<\/table>\n<p>&nbsp;<\/p>\n<p>Ante cualquier duda los interesados pueden consultar en la oficina de Departamento Log\u00edstica y Contratos, en el n\u00facleo 2 del segundo piso del\u00a0 Centro C\u00edvico u en la oficina de Personal Administrativo, 2\u00b0 piso n\u00facleo uno del Centro C\u00edvico.<\/p>\n<p>&nbsp;<\/p>\n<p>&nbsp;<\/p>\n","protected":false},"excerpt":{"rendered":"<p>El Ministerio de Educaci\u00f3n convoca al personal administrativo y de servicios generales con contratos de colaboraci\u00f3n de servicios, a presentar<\/p>\n","protected":false},"author":3,"featured_media":5022,"comment_status":"closed","ping_status":"closed","sticky":false,"template":"","format":"standard","meta":{"_acf_changed":false,"_seopress_robots_primary_cat":"","_seopress_titles_title":"","_seopress_titles_desc":"","_seopress_robots_index":"","colormag_page_container_layout":"default_layout","colormag_page_sidebar_layout":"default_layout","footnotes":""},"categories":[2],"tags":[],"class_list":["post-18804","post","type-post","status-publish","format-standard","has-post-thumbnail","hentry","category-convocatorias"],"acf":[],"_links":{"self":[{"href":"https:\/\/vocesparalelas.com.ar\/sitio\/wp-json\/wp\/v2\/posts\/18804","targetHints":{"allow":["GET"]}}],"collection":[{"href":"https:\/\/vocesparalelas.com.ar\/sitio\/wp-json\/wp\/v2\/posts"}],"about":[{"href":"https:\/\/vocesparalelas.com.ar\/sitio\/wp-json\/wp\/v2\/types\/post"}],"author":[{"embeddable":true,"href":"https:\/\/vocesparalelas.com.ar\/sitio\/wp-json\/wp\/v2\/users\/3"}],"replies":[{"embeddable":true,"href":"https:\/\/vocesparalelas.com.ar\/sitio\/wp-json\/wp\/v2\/comments?post=18804"}],"version-history":[{"count":0,"href":"https:\/\/vocesparalelas.com.ar\/sitio\/wp-json\/wp\/v2\/posts\/18804\/revisions"}],"wp:featuredmedia":[{"embeddable":true,"href":"https:\/\/vocesparalelas.com.ar\/sitio\/wp-json\/wp\/v2\/media\/5022"}],"wp:attachment":[{"href":"https:\/\/vocesparalelas.com.ar\/sitio\/wp-json\/wp\/v2\/media?parent=18804"}],"wp:term":[{"taxonomy":"category","embeddable":true,"href":"https:\/\/vocesparalelas.com.ar\/sitio\/wp-json\/wp\/v2\/categories?post=18804"},{"taxonomy":"post_tag","embeddable":true,"href":"https:\/\/vocesparalelas.com.ar\/sitio\/wp-json\/wp\/v2\/tags?post=18804"}],"curies":[{"name":"wp","href":"https:\/\/api.w.org\/{rel}","templated":true}]}}