{"id":18796,"date":"2019-02-16T14:18:06","date_gmt":"2019-02-16T17:18:06","guid":{"rendered":"http:\/\/vocesparalelas.com.ar\/sitio\/?p=18796"},"modified":"2019-02-19T01:11:12","modified_gmt":"2019-02-19T04:11:12","slug":"quienes-de-las-19-candidatas-son-las-acreedoras-de-las-coronas-el-auto-la-moto-dinero-y-mucho-mas","status":"publish","type":"post","link":"https:\/\/vocesparalelas.com.ar\/sitio\/quienes-de-las-19-candidatas-son-las-acreedoras-de-las-coronas-el-auto-la-moto-dinero-y-mucho-mas\/","title":{"rendered":"\u00bfQuienes de las 19 candidatas son las acreedoras de las Coronas, el auto, la moto, dinero y mucho m\u00e1s?"},"content":{"rendered":"<p>Del 19 al 23 de Febrero, se desarrolla la Fiesta Nacional del Sol \u201cEl Calor de lo Nuestro\u201d, en la Costanera Complejo Ferial San Juan, Departamento Chimbas.<\/p>\n<p>El 23 de Febrero, en la previa del acto final se realiza la elecci\u00f3n de la Reina y Virreina Nacional del Sol 2019.<\/p>\n<p>De las 19 candidatas s\u00f3lo dos se convierten en las acreedoras de las Coronas, el auto, la moto y mucho m\u00e1s.<\/p>\n<p><img loading=\"lazy\" decoding=\"async\" class=\"alignnone size-full wp-image-18806\" src=\"https:\/\/vocesparalelas.com.ar\/sitio\/wp-content\/uploads\/2019\/02\/REINAS-PREMIO-10.jpg\" alt=\"\" width=\"1000\" height=\"667\" srcset=\"https:\/\/vocesparalelas.com.ar\/sitio\/wp-content\/uploads\/2019\/02\/REINAS-PREMIO-10.jpg 1000w, https:\/\/vocesparalelas.com.ar\/sitio\/wp-content\/uploads\/2019\/02\/REINAS-PREMIO-10-300x200.jpg 300w, https:\/\/vocesparalelas.com.ar\/sitio\/wp-content\/uploads\/2019\/02\/REINAS-PREMIO-10-768x512.jpg 768w, https:\/\/vocesparalelas.com.ar\/sitio\/wp-content\/uploads\/2019\/02\/REINAS-PREMIO-10-800x534.jpg 800w\" sizes=\"auto, (max-width: 1000px) 100vw, 1000px\" \/><\/p>\n<p>La Ministro de Turismo y Cultura del Gobierno de San Juan, Lic. Claudia Grinzspan explic\u00f3 los premios que recibe las seleccionadas por el jurado y que se convierte en embajadora de la cultura y el turismo de San Juan como la belleza de la mujer sanjuanina.<\/p>\n<p><iframe loading=\"lazy\" width=\"800\" height=\"450\" src=\"https:\/\/www.youtube.com\/embed\/DlFjmM-Iar0?feature=oembed\" frameborder=\"0\" allow=\"accelerometer; autoplay; encrypted-media; gyroscope; picture-in-picture\" allowfullscreen><\/iframe><\/p>\n<p>Por ello, la Reina Nacional del Sol recibe un auto 0 Km marca Renault Kwid aportado por France Motors, 80 mil pesos en efectivo y muchos regalos m\u00e1s.<\/p>\n<p><img loading=\"lazy\" decoding=\"async\" class=\"alignnone size-full wp-image-18799\" src=\"https:\/\/vocesparalelas.com.ar\/sitio\/wp-content\/uploads\/2019\/02\/REINAS-PREMIOS-03.jpg\" alt=\"\" width=\"1000\" height=\"667\" srcset=\"https:\/\/vocesparalelas.com.ar\/sitio\/wp-content\/uploads\/2019\/02\/REINAS-PREMIOS-03.jpg 1000w, https:\/\/vocesparalelas.com.ar\/sitio\/wp-content\/uploads\/2019\/02\/REINAS-PREMIOS-03-300x200.jpg 300w, https:\/\/vocesparalelas.com.ar\/sitio\/wp-content\/uploads\/2019\/02\/REINAS-PREMIOS-03-768x512.jpg 768w, https:\/\/vocesparalelas.com.ar\/sitio\/wp-content\/uploads\/2019\/02\/REINAS-PREMIOS-03-800x534.jpg 800w\" sizes=\"auto, (max-width: 1000px) 100vw, 1000px\" \/><\/p>\n<p>Mientras que la Virreina Nacional del Sol recibe una motocicleta marca Gilera 0 Km, modelo Jazz 150 de Moto Lucero, 70 mil pesos y muchos regalos m\u00e1s.<\/p>\n<p>&nbsp;<\/p>\n<p><iframe loading=\"lazy\" width=\"800\" height=\"450\" src=\"https:\/\/www.youtube.com\/embed\/NznebbgI6IE?feature=oembed\" frameborder=\"0\" allow=\"accelerometer; autoplay; encrypted-media; gyroscope; picture-in-picture\" allowfullscreen><\/iframe><\/p>\n<p>Adem\u00e1s, Moto Lucero sum\u00f3 una moto para sortear entre aquellos que participaron de la votaci\u00f3n a trav\u00e9s de la SMS, cuyo ganador se conoce en la Previa del Espect\u00e1culo Final.<\/p>\n<p>Voces Paralelas entrevist\u00f3 al Gerente General de Moto Lucero, Mario Lucero, quien remarc\u00f3 la importancia de la empresa a apostar a San Juan y en la Fiesta Nacional del Sol.<\/p>\n<p><iframe loading=\"lazy\" width=\"800\" height=\"450\" src=\"https:\/\/www.youtube.com\/embed\/lRjW1r6AzI0?feature=oembed\" frameborder=\"0\" allow=\"accelerometer; autoplay; encrypted-media; gyroscope; picture-in-picture\" allowfullscreen><\/iframe><\/p>\n<p>&nbsp;<\/p>\n<p><img loading=\"lazy\" decoding=\"async\" class=\"alignnone size-full wp-image-18798\" src=\"https:\/\/vocesparalelas.com.ar\/sitio\/wp-content\/uploads\/2019\/02\/REINAS-PREMIOS-02.jpg\" alt=\"\" width=\"1000\" height=\"667\" srcset=\"https:\/\/vocesparalelas.com.ar\/sitio\/wp-content\/uploads\/2019\/02\/REINAS-PREMIOS-02.jpg 1000w, https:\/\/vocesparalelas.com.ar\/sitio\/wp-content\/uploads\/2019\/02\/REINAS-PREMIOS-02-300x200.jpg 300w, https:\/\/vocesparalelas.com.ar\/sitio\/wp-content\/uploads\/2019\/02\/REINAS-PREMIOS-02-768x512.jpg 768w, https:\/\/vocesparalelas.com.ar\/sitio\/wp-content\/uploads\/2019\/02\/REINAS-PREMIOS-02-800x534.jpg 800w\" sizes=\"auto, (max-width: 1000px) 100vw, 1000px\" \/><\/p>\n<p>&nbsp;<\/p>\n<p>&nbsp;<\/p>\n","protected":false},"excerpt":{"rendered":"<p>Del 19 al 23 de Febrero, se desarrolla la Fiesta Nacional del Sol \u201cEl Calor de lo Nuestro\u201d, en la<\/p>\n","protected":false},"author":3,"featured_media":18797,"comment_status":"closed","ping_status":"closed","sticky":false,"template":"","format":"video","meta":{"_acf_changed":false,"_seopress_robots_primary_cat":"","_seopress_titles_title":"","_seopress_titles_desc":"","_seopress_robots_index":"","colormag_page_container_layout":"default_layout","colormag_page_sidebar_layout":"default_layout","footnotes":""},"categories":[6,7],"tags":[],"class_list":["post-18796","post","type-post","status-publish","format-video","has-post-thumbnail","hentry","category-eventos","category-videos","post_format-post-format-video"],"acf":[],"_links":{"self":[{"href":"https:\/\/vocesparalelas.com.ar\/sitio\/wp-json\/wp\/v2\/posts\/18796","targetHints":{"allow":["GET"]}}],"collection":[{"href":"https:\/\/vocesparalelas.com.ar\/sitio\/wp-json\/wp\/v2\/posts"}],"about":[{"href":"https:\/\/vocesparalelas.com.ar\/sitio\/wp-json\/wp\/v2\/types\/post"}],"author":[{"embeddable":true,"href":"https:\/\/vocesparalelas.com.ar\/sitio\/wp-json\/wp\/v2\/users\/3"}],"replies":[{"embeddable":true,"href":"https:\/\/vocesparalelas.com.ar\/sitio\/wp-json\/wp\/v2\/comments?post=18796"}],"version-history":[{"count":0,"href":"https:\/\/vocesparalelas.com.ar\/sitio\/wp-json\/wp\/v2\/posts\/18796\/revisions"}],"wp:featuredmedia":[{"embeddable":true,"href":"https:\/\/vocesparalelas.com.ar\/sitio\/wp-json\/wp\/v2\/media\/18797"}],"wp:attachment":[{"href":"https:\/\/vocesparalelas.com.ar\/sitio\/wp-json\/wp\/v2\/media?parent=18796"}],"wp:term":[{"taxonomy":"category","embeddable":true,"href":"https:\/\/vocesparalelas.com.ar\/sitio\/wp-json\/wp\/v2\/categories?post=18796"},{"taxonomy":"post_tag","embeddable":true,"href":"https:\/\/vocesparalelas.com.ar\/sitio\/wp-json\/wp\/v2\/tags?post=18796"}],"curies":[{"name":"wp","href":"https:\/\/api.w.org\/{rel}","templated":true}]}}