{"id":18781,"date":"2019-02-16T00:17:50","date_gmt":"2019-02-16T03:17:50","guid":{"rendered":"http:\/\/vocesparalelas.com.ar\/sitio\/?p=18781"},"modified":"2019-02-16T00:22:48","modified_gmt":"2019-02-16T03:22:48","slug":"se-inauguro-la-plaza-virgen-del-carmen-del-lote-hogar-n-3","status":"publish","type":"post","link":"https:\/\/vocesparalelas.com.ar\/sitio\/se-inauguro-la-plaza-virgen-del-carmen-del-lote-hogar-n-3\/","title":{"rendered":"Se inaugur\u00f3 la Plaza Virgen del Carmen del Lote Hogar N\u00b0 3"},"content":{"rendered":"<p>El Intendente de la Municipalidad de Rivadavia, Dr. Fabi\u00e1n Mart\u00edn junto a los vecinos dejaron inaugurada la Plaza Virgen del Carmen del Lote Hogar N\u00b0 3, La Bebida, Departamento Rivadavia.<\/p>\n<p>Por ello, el Intendente Mart\u00edn, respondi\u00f3 las preguntas de los Periodistas San Juan.<\/p>\n<p><iframe loading=\"lazy\" width=\"800\" height=\"450\" src=\"https:\/\/www.youtube.com\/embed\/RkK8C_jvJW4?feature=oembed\" frameborder=\"0\" allow=\"accelerometer; autoplay; encrypted-media; gyroscope; picture-in-picture\" allowfullscreen><\/iframe><\/p>\n<p>Es importante destacar que, la Plaza Virgen del Carmen es un espacio p\u00fablico que estuvo abandonado y que el trabajo realizado incluy\u00f3 la colocaci\u00f3n de cartel alusivo al nombre de la plaza, construcci\u00f3n de 200 m2 de veredas con hormig\u00f3n H17, colocaci\u00f3n de cestos para la basura, provisi\u00f3n y colocaci\u00f3n de aparatos de salud, construcci\u00f3n\u00a0 y colocaci\u00f3n de juegos infantiles, ejecuci\u00f3n de bancos de mamposter\u00eda, colocaci\u00f3n de cisterna para riego del parquizado, instalaci\u00f3n de bomba para dicho riego, construcci\u00f3n de veredines perimetrales a la gruta, provisi\u00f3n de tierra f\u00e9rtil para parquizado y colocaci\u00f3n de 240 metros cuadrados de chepica, construcci\u00f3n de puente tipo rampas y acceso vehicular, pintado general de juegos, aparatos de salud, bancos, canastos para basura, columna para alumbrado y paredes de vecinos colindante al espacio verde, realizaci\u00f3n de zanjeo para instalaciones subterr\u00e1neas, construcci\u00f3n de bases de hormig\u00f3n para columnas, colocaci\u00f3n de 4 columnas met\u00e1licas de 6 metros de altura con doble brazo, colocaci\u00f3n de cables preensamblados y morceter\u00eda, instalaci\u00f3n de merizas 66 con rejilla y l\u00e1mparas LED, de 50 watt.<\/p>\n<p><img loading=\"lazy\" decoding=\"async\" class=\"alignnone size-full wp-image-18784\" src=\"https:\/\/vocesparalelas.com.ar\/sitio\/wp-content\/uploads\/2019\/02\/PLAZA-CARMEN-02.jpg\" alt=\"\" width=\"1000\" height=\"667\" srcset=\"https:\/\/vocesparalelas.com.ar\/sitio\/wp-content\/uploads\/2019\/02\/PLAZA-CARMEN-02.jpg 1000w, https:\/\/vocesparalelas.com.ar\/sitio\/wp-content\/uploads\/2019\/02\/PLAZA-CARMEN-02-300x200.jpg 300w, https:\/\/vocesparalelas.com.ar\/sitio\/wp-content\/uploads\/2019\/02\/PLAZA-CARMEN-02-768x512.jpg 768w, https:\/\/vocesparalelas.com.ar\/sitio\/wp-content\/uploads\/2019\/02\/PLAZA-CARMEN-02-800x534.jpg 800w\" sizes=\"auto, (max-width: 1000px) 100vw, 1000px\" \/><\/p>\n<p>El Padre Carlos Sebasti\u00e1n apunt\u00f3 en la bendici\u00f3n de la Plaza al cuidado del espacio verde para disfrutar y se convierta en el encuentro de los vecinos y de los ni\u00f1os.<\/p>\n<p><iframe loading=\"lazy\" width=\"800\" height=\"450\" src=\"https:\/\/www.youtube.com\/embed\/RDXl2yZMEgw?feature=oembed\" frameborder=\"0\" allow=\"accelerometer; autoplay; encrypted-media; gyroscope; picture-in-picture\" allowfullscreen><\/iframe><\/p>\n<p>espacio De esta manera seguimos trabajando, con el prop\u00f3sito de mejorar los espacios p\u00fablicos, para que sean lugares de encuentro seguros, donde las familias puedan disfrutar de momentos de esparcimiento.<\/p>\n<p><iframe loading=\"lazy\" width=\"800\" height=\"450\" src=\"https:\/\/www.youtube.com\/embed\/Oi6GsgjvKKE?feature=oembed\" frameborder=\"0\" allow=\"accelerometer; autoplay; encrypted-media; gyroscope; picture-in-picture\" allowfullscreen><\/iframe><\/p>\n<p>&nbsp;<\/p>\n<p><img loading=\"lazy\" decoding=\"async\" class=\"alignnone size-full wp-image-18783\" src=\"https:\/\/vocesparalelas.com.ar\/sitio\/wp-content\/uploads\/2019\/02\/PLAZA-CARMEN-03.jpg\" alt=\"\" width=\"1000\" height=\"667\" srcset=\"https:\/\/vocesparalelas.com.ar\/sitio\/wp-content\/uploads\/2019\/02\/PLAZA-CARMEN-03.jpg 1000w, https:\/\/vocesparalelas.com.ar\/sitio\/wp-content\/uploads\/2019\/02\/PLAZA-CARMEN-03-300x200.jpg 300w, https:\/\/vocesparalelas.com.ar\/sitio\/wp-content\/uploads\/2019\/02\/PLAZA-CARMEN-03-768x512.jpg 768w, https:\/\/vocesparalelas.com.ar\/sitio\/wp-content\/uploads\/2019\/02\/PLAZA-CARMEN-03-800x534.jpg 800w\" sizes=\"auto, (max-width: 1000px) 100vw, 1000px\" \/><\/p>\n<p><img loading=\"lazy\" decoding=\"async\" class=\"alignnone size-full wp-image-18782\" src=\"https:\/\/vocesparalelas.com.ar\/sitio\/wp-content\/uploads\/2019\/02\/PLAZA-CARMEN-01.jpg\" alt=\"\" width=\"1000\" height=\"667\" srcset=\"https:\/\/vocesparalelas.com.ar\/sitio\/wp-content\/uploads\/2019\/02\/PLAZA-CARMEN-01.jpg 1000w, https:\/\/vocesparalelas.com.ar\/sitio\/wp-content\/uploads\/2019\/02\/PLAZA-CARMEN-01-300x200.jpg 300w, https:\/\/vocesparalelas.com.ar\/sitio\/wp-content\/uploads\/2019\/02\/PLAZA-CARMEN-01-768x512.jpg 768w, https:\/\/vocesparalelas.com.ar\/sitio\/wp-content\/uploads\/2019\/02\/PLAZA-CARMEN-01-800x534.jpg 800w\" sizes=\"auto, (max-width: 1000px) 100vw, 1000px\" \/><\/p>\n<p>&nbsp;<\/p>\n<p>&nbsp;<\/p>\n<p>&nbsp;<\/p>\n<p>&nbsp;<\/p>\n<p>&nbsp;<\/p>\n<p class=\"MsoNormal\">\n","protected":false},"excerpt":{"rendered":"<p>El Intendente de la Municipalidad de Rivadavia, Dr. Fabi\u00e1n Mart\u00edn junto a los vecinos dejaron inaugurada la Plaza Virgen del<\/p>\n","protected":false},"author":3,"featured_media":18787,"comment_status":"closed","ping_status":"closed","sticky":false,"template":"","format":"video","meta":{"_acf_changed":false,"_seopress_robots_primary_cat":"","_seopress_titles_title":"","_seopress_titles_desc":"","_seopress_robots_index":"","colormag_page_container_layout":"default_layout","colormag_page_sidebar_layout":"default_layout","footnotes":""},"categories":[1,7],"tags":[],"class_list":["post-18781","post","type-post","status-publish","format-video","has-post-thumbnail","hentry","category-destacadas","category-videos","post_format-post-format-video"],"acf":[],"_links":{"self":[{"href":"https:\/\/vocesparalelas.com.ar\/sitio\/wp-json\/wp\/v2\/posts\/18781","targetHints":{"allow":["GET"]}}],"collection":[{"href":"https:\/\/vocesparalelas.com.ar\/sitio\/wp-json\/wp\/v2\/posts"}],"about":[{"href":"https:\/\/vocesparalelas.com.ar\/sitio\/wp-json\/wp\/v2\/types\/post"}],"author":[{"embeddable":true,"href":"https:\/\/vocesparalelas.com.ar\/sitio\/wp-json\/wp\/v2\/users\/3"}],"replies":[{"embeddable":true,"href":"https:\/\/vocesparalelas.com.ar\/sitio\/wp-json\/wp\/v2\/comments?post=18781"}],"version-history":[{"count":0,"href":"https:\/\/vocesparalelas.com.ar\/sitio\/wp-json\/wp\/v2\/posts\/18781\/revisions"}],"wp:featuredmedia":[{"embeddable":true,"href":"https:\/\/vocesparalelas.com.ar\/sitio\/wp-json\/wp\/v2\/media\/18787"}],"wp:attachment":[{"href":"https:\/\/vocesparalelas.com.ar\/sitio\/wp-json\/wp\/v2\/media?parent=18781"}],"wp:term":[{"taxonomy":"category","embeddable":true,"href":"https:\/\/vocesparalelas.com.ar\/sitio\/wp-json\/wp\/v2\/categories?post=18781"},{"taxonomy":"post_tag","embeddable":true,"href":"https:\/\/vocesparalelas.com.ar\/sitio\/wp-json\/wp\/v2\/tags?post=18781"}],"curies":[{"name":"wp","href":"https:\/\/api.w.org\/{rel}","templated":true}]}}