{"id":18312,"date":"2019-01-22T01:49:51","date_gmt":"2019-01-22T04:49:51","guid":{"rendered":"http:\/\/vocesparalelas.com.ar\/sitio\/?p=18312"},"modified":"2019-01-22T01:49:51","modified_gmt":"2019-01-22T04:49:51","slug":"los-empleados-estatales-de-san-juan-cobran-con-aumento-el-sueldo-de-enero","status":"publish","type":"post","link":"https:\/\/vocesparalelas.com.ar\/sitio\/los-empleados-estatales-de-san-juan-cobran-con-aumento-el-sueldo-de-enero\/","title":{"rendered":"Los empleados estatales de San Juan cobran con aumento el sueldo de Enero"},"content":{"rendered":"<p>Las autoridades del Ministerio de Hacienda y Finanzas del Gobierno de San Juan informaron que en el sueldo de Enero de 2019 se activa la cl\u00e1usula gatillo que incrementa en un 2,6 % los haberes de los empleados p\u00fablicos, respecto al sueldo de Diciembre de 2018.<\/p>\n<p>Con la aplicaci\u00f3n de la citada cl\u00e1usula queda cerrado el acuerdo paritario celebrado en el 2018 entre el Gobierno de la Provincia y los distintos sindicatos que representan a los empleados de la administraci\u00f3n p\u00fablica local.<\/p>\n<p>En referencia al tema, el gobernador de San Juan, Dr. Sergio U\u00f1ac, destac\u00f3 que \u201ccon un esfuerzo de la provincia cumplimos la palabra empe\u00f1ada y lo que qued\u00f3 plasmado en la paritaria. Esto lo podemos hacer porque tenemos una provincia equilibrada\u201d.<\/p>\n<p>Por otra parte, las autoridades de Hacienda dieron a conocer adem\u00e1s el calendario de pago de haberes a los trabajadores estatales para el 2019.<\/p>\n<p><img loading=\"lazy\" decoding=\"async\" class=\"alignnone size-full wp-image-18313\" src=\"https:\/\/vocesparalelas.com.ar\/sitio\/wp-content\/uploads\/2019\/01\/CLAUSULA-GATILLO.jpeg\" alt=\"\" width=\"1024\" height=\"578\" srcset=\"https:\/\/vocesparalelas.com.ar\/sitio\/wp-content\/uploads\/2019\/01\/CLAUSULA-GATILLO.jpeg 1024w, https:\/\/vocesparalelas.com.ar\/sitio\/wp-content\/uploads\/2019\/01\/CLAUSULA-GATILLO-300x169.jpeg 300w, https:\/\/vocesparalelas.com.ar\/sitio\/wp-content\/uploads\/2019\/01\/CLAUSULA-GATILLO-768x434.jpeg 768w, https:\/\/vocesparalelas.com.ar\/sitio\/wp-content\/uploads\/2019\/01\/CLAUSULA-GATILLO-800x452.jpeg 800w\" sizes=\"auto, (max-width: 1024px) 100vw, 1024px\" \/><\/p>\n<p>La cl\u00e1usula gatillo es el mecanismo que se adopt\u00f3 en paritaria para preservar el poder adquisitivo de los salarios estatales, cada vez que el \u00edndice de inflaci\u00f3n superara el 17 % de incremento de los haberes, acordado en la provincia.<\/p>\n<p>El prop\u00f3sito de la referida cl\u00e1usula fue mantener el poder adquisitivo de los salarios estatales, ante el permanente incremento de la inflaci\u00f3n y el costo de vida.<\/p>\n<p>De esa manera, durante 2018, el incremento total para los trabajadores del Estado sanjuanino ascendi\u00f3 al 43,9 %, mientras que los contratados observaron una suba del 36 %.<\/p>\n<p>El orden y el equilibrio de las cuentas de la administraci\u00f3n del gobernador Dr. Sergio U\u00f1ac posibilitaron el pleno cumplimiento del acuerdo paritario y que los empleados p\u00fablicos no vieran mermados sus haberes frente a la inflaci\u00f3n.<\/p>\n<p>&nbsp;<\/p>\n<p><img loading=\"lazy\" decoding=\"async\" class=\"alignnone size-full wp-image-5037\" src=\"https:\/\/vocesparalelas.com.ar\/sitio\/wp-content\/uploads\/2017\/09\/CENTRO-CIVICO-1.jpg\" alt=\"\" width=\"1024\" height=\"768\" srcset=\"https:\/\/vocesparalelas.com.ar\/sitio\/wp-content\/uploads\/2017\/09\/CENTRO-CIVICO-1.jpg 1024w, https:\/\/vocesparalelas.com.ar\/sitio\/wp-content\/uploads\/2017\/09\/CENTRO-CIVICO-1-300x225.jpg 300w, https:\/\/vocesparalelas.com.ar\/sitio\/wp-content\/uploads\/2017\/09\/CENTRO-CIVICO-1-768x576.jpg 768w, https:\/\/vocesparalelas.com.ar\/sitio\/wp-content\/uploads\/2017\/09\/CENTRO-CIVICO-1-800x600.jpg 800w\" sizes=\"auto, (max-width: 1024px) 100vw, 1024px\" \/><\/p>\n<p>&nbsp;<\/p>\n<p>&nbsp;<\/p>\n<p>&nbsp;<\/p>\n","protected":false},"excerpt":{"rendered":"<p>Las autoridades del Ministerio de Hacienda y Finanzas del Gobierno de San Juan informaron que en el sueldo de Enero<\/p>\n","protected":false},"author":3,"featured_media":1245,"comment_status":"closed","ping_status":"closed","sticky":false,"template":"","format":"standard","meta":{"_acf_changed":false,"_seopress_robots_primary_cat":"","_seopress_titles_title":"","_seopress_titles_desc":"","_seopress_robots_index":"","colormag_page_container_layout":"default_layout","colormag_page_sidebar_layout":"default_layout","footnotes":""},"categories":[1],"tags":[],"class_list":["post-18312","post","type-post","status-publish","format-standard","has-post-thumbnail","hentry","category-destacadas"],"acf":[],"_links":{"self":[{"href":"https:\/\/vocesparalelas.com.ar\/sitio\/wp-json\/wp\/v2\/posts\/18312","targetHints":{"allow":["GET"]}}],"collection":[{"href":"https:\/\/vocesparalelas.com.ar\/sitio\/wp-json\/wp\/v2\/posts"}],"about":[{"href":"https:\/\/vocesparalelas.com.ar\/sitio\/wp-json\/wp\/v2\/types\/post"}],"author":[{"embeddable":true,"href":"https:\/\/vocesparalelas.com.ar\/sitio\/wp-json\/wp\/v2\/users\/3"}],"replies":[{"embeddable":true,"href":"https:\/\/vocesparalelas.com.ar\/sitio\/wp-json\/wp\/v2\/comments?post=18312"}],"version-history":[{"count":0,"href":"https:\/\/vocesparalelas.com.ar\/sitio\/wp-json\/wp\/v2\/posts\/18312\/revisions"}],"wp:featuredmedia":[{"embeddable":true,"href":"https:\/\/vocesparalelas.com.ar\/sitio\/wp-json\/wp\/v2\/media\/1245"}],"wp:attachment":[{"href":"https:\/\/vocesparalelas.com.ar\/sitio\/wp-json\/wp\/v2\/media?parent=18312"}],"wp:term":[{"taxonomy":"category","embeddable":true,"href":"https:\/\/vocesparalelas.com.ar\/sitio\/wp-json\/wp\/v2\/categories?post=18312"},{"taxonomy":"post_tag","embeddable":true,"href":"https:\/\/vocesparalelas.com.ar\/sitio\/wp-json\/wp\/v2\/tags?post=18312"}],"curies":[{"name":"wp","href":"https:\/\/api.w.org\/{rel}","templated":true}]}}