{"id":18302,"date":"2019-01-21T22:20:39","date_gmt":"2019-01-22T01:20:39","guid":{"rendered":"http:\/\/vocesparalelas.com.ar\/sitio\/?p=18302"},"modified":"2019-01-26T00:03:00","modified_gmt":"2019-01-26T03:03:00","slug":"convocan-a-los-docentes-universitarios-a-organizar-un-plan-de-lucha-frente-al-aumento-salarial-vergonzoso","status":"publish","type":"post","link":"https:\/\/vocesparalelas.com.ar\/sitio\/convocan-a-los-docentes-universitarios-a-organizar-un-plan-de-lucha-frente-al-aumento-salarial-vergonzoso\/","title":{"rendered":"Convocan a los Docentes Universitarios a organizar un plan de lucha frente al aumento salarial vergonzoso"},"content":{"rendered":"<p style=\"font-weight: 400\">La Asociaci\u00f3n de Docentes, Investigadores y Creadores de la Universidad Nacional de San Juan &#8211; ADICUS &#8211;\u00a0 informa que el Lunes, 21 de Enero, el Gobierno Nacional resolvi\u00f3 pagar a los docentes universitarios y\u00a0preuniversitarios\u00a0del pa\u00eds un 5% \u00aben negro\u00bb &#8211; no remunerativo ni bonificable.<\/p>\n<p style=\"font-weight: 400\">Ante esta provocaci\u00f3n en la que el gobierno no cumpli\u00f3 con lo firmado en paritarias, ADICUS, convoca a los y las docentes pertenecientes a la Universidad Nacional de San Juan a coordinar un plan de lucha en conjunto que contemple el no inicio de clases y suspensi\u00f3n total de actividades. Consideramos que \u00e9ste es el \u00fanico camino posible para poder conseguir:<\/p>\n<p style=\"font-weight: 400\">1) Aumento salarial del 40%para todas las categor\u00edas que contemple lo perdido por inflaci\u00f3n en 2018 y la inflaci\u00f3n proyectada para 2019.<\/p>\n<p style=\"font-weight: 400\">2) Aumento salarial de un 50% para los cargos simples.<\/p>\n<p style=\"font-weight: 400\">3) El blanqueo de todas las sumas.<\/p>\n<p style=\"font-weight: 400\">4) Cl\u00e1usula Gatillo autom\u00e1tica.<\/p>\n<p style=\"font-weight: 400\">5) Eliminaci\u00f3n del impuesto a las ganancias.<\/p>\n<p style=\"font-weight: 400\">6) 82% m\u00f3vil.<\/p>\n<p style=\"font-weight: 400\">El compromiso que firmaron las restantes federaciones con el gobierno era que el 16 de enero se discut\u00eda la actualizaci\u00f3n salarial de acuerdo a la inflaci\u00f3n de noviembre y diciembre para mantener el poder adquisitivo de nuestros sueldos. Hoy la p\u00e9rdida salarial es mayor al 20%, y el gobierno impone unilateralmente un 5%, retrocediendo a\u00fan m\u00e1s al ser sumas no remunerativas ni bonificables, afectando no s\u00f3lo el salario hoy sino tambi\u00e9n las obras sociales y las jubilaciones.<\/p>\n<p style=\"font-weight: 400;text-align: right\">Secretario General de ADICUS, Prof. Jaime Barcelona<\/p>\n","protected":false},"excerpt":{"rendered":"<p>La Asociaci\u00f3n de Docentes, Investigadores y Creadores de la Universidad Nacional de San Juan &#8211; ADICUS &#8211;\u00a0 informa que el<\/p>\n","protected":false},"author":3,"featured_media":12481,"comment_status":"closed","ping_status":"closed","sticky":false,"template":"","format":"standard","meta":{"_acf_changed":false,"_seopress_robots_primary_cat":"","_seopress_titles_title":"","_seopress_titles_desc":"","_seopress_robots_index":"","colormag_page_container_layout":"default_layout","colormag_page_sidebar_layout":"default_layout","footnotes":""},"categories":[2],"tags":[],"class_list":["post-18302","post","type-post","status-publish","format-standard","has-post-thumbnail","hentry","category-convocatorias"],"acf":[],"_links":{"self":[{"href":"https:\/\/vocesparalelas.com.ar\/sitio\/wp-json\/wp\/v2\/posts\/18302","targetHints":{"allow":["GET"]}}],"collection":[{"href":"https:\/\/vocesparalelas.com.ar\/sitio\/wp-json\/wp\/v2\/posts"}],"about":[{"href":"https:\/\/vocesparalelas.com.ar\/sitio\/wp-json\/wp\/v2\/types\/post"}],"author":[{"embeddable":true,"href":"https:\/\/vocesparalelas.com.ar\/sitio\/wp-json\/wp\/v2\/users\/3"}],"replies":[{"embeddable":true,"href":"https:\/\/vocesparalelas.com.ar\/sitio\/wp-json\/wp\/v2\/comments?post=18302"}],"version-history":[{"count":0,"href":"https:\/\/vocesparalelas.com.ar\/sitio\/wp-json\/wp\/v2\/posts\/18302\/revisions"}],"wp:featuredmedia":[{"embeddable":true,"href":"https:\/\/vocesparalelas.com.ar\/sitio\/wp-json\/wp\/v2\/media\/12481"}],"wp:attachment":[{"href":"https:\/\/vocesparalelas.com.ar\/sitio\/wp-json\/wp\/v2\/media?parent=18302"}],"wp:term":[{"taxonomy":"category","embeddable":true,"href":"https:\/\/vocesparalelas.com.ar\/sitio\/wp-json\/wp\/v2\/categories?post=18302"},{"taxonomy":"post_tag","embeddable":true,"href":"https:\/\/vocesparalelas.com.ar\/sitio\/wp-json\/wp\/v2\/tags?post=18302"}],"curies":[{"name":"wp","href":"https:\/\/api.w.org\/{rel}","templated":true}]}}