{"id":18295,"date":"2019-01-21T19:29:14","date_gmt":"2019-01-21T22:29:14","guid":{"rendered":"http:\/\/vocesparalelas.com.ar\/sitio\/?p=18295"},"modified":"2019-01-21T19:29:14","modified_gmt":"2019-01-21T22:29:14","slug":"solicitan-convocatoria-de-paritarias-docentes-provinciales-2019","status":"publish","type":"post","link":"https:\/\/vocesparalelas.com.ar\/sitio\/solicitan-convocatoria-de-paritarias-docentes-provinciales-2019\/","title":{"rendered":"Solicitan convocatoria de Paritarias Docentes Provinciales 2019"},"content":{"rendered":"<p>UDAP informa que el Lunes, 21 de Enero, solicit\u00f3 al Ministerio de Educaci\u00f3n la convocatoria a Paritarias Docentes Provinciales 2019, en cumplimiento de los t\u00e9rminos y plazos establecidos en el decreto 0121-2007, en el marco de la negociaci\u00f3n colectiva con los temas prioritarios que se detallan a continuaci\u00f3n:<\/p>\n<p>1) Incremento Salarial \/2019<\/p>\n<p>2) Definir agenda paritaria para desarrollar en el Ciclo Lectivo\/2019.<\/p>\n<ol>\n<li>a) Concurso de Ascenso para cargos Directivos y de Supervisi\u00f3n 2017, para Nivel Inicial, Primaria y Especial.<\/li>\n<li>b) Concurso de Ascenso para Cargos Directivos y de Supervisi\u00f3n de Nivel Secundario Orientado.<\/li>\n<li>c) Actualizaci\u00f3n de Normativas Aplicables varias, en el Sistema Educativo.<\/li>\n<li>d) Otros.<\/li>\n<\/ol>\n<p>Esperando definir con la debida anticipaci\u00f3n los temas a tratar.<\/p>\n<p style=\"text-align: right\">Secretariado Ejecutivo<\/p>\n<p style=\"text-align: right\">Graciela L\u00f3pez<\/p>\n<p style=\"text-align: right\">Secretaria General<\/p>\n<p>&nbsp;<\/p>\n<p>&nbsp;<\/p>\n<p>&nbsp;<\/p>\n","protected":false},"excerpt":{"rendered":"<p>UDAP informa que el Lunes, 21 de Enero, solicit\u00f3 al Ministerio de Educaci\u00f3n la convocatoria a Paritarias Docentes Provinciales 2019,<\/p>\n","protected":false},"author":3,"featured_media":15214,"comment_status":"closed","ping_status":"closed","sticky":false,"template":"","format":"standard","meta":{"_acf_changed":false,"_seopress_robots_primary_cat":"","_seopress_titles_title":"","_seopress_titles_desc":"","_seopress_robots_index":"","colormag_page_container_layout":"default_layout","colormag_page_sidebar_layout":"default_layout","footnotes":""},"categories":[1],"tags":[],"class_list":["post-18295","post","type-post","status-publish","format-standard","has-post-thumbnail","hentry","category-destacadas"],"acf":[],"_links":{"self":[{"href":"https:\/\/vocesparalelas.com.ar\/sitio\/wp-json\/wp\/v2\/posts\/18295","targetHints":{"allow":["GET"]}}],"collection":[{"href":"https:\/\/vocesparalelas.com.ar\/sitio\/wp-json\/wp\/v2\/posts"}],"about":[{"href":"https:\/\/vocesparalelas.com.ar\/sitio\/wp-json\/wp\/v2\/types\/post"}],"author":[{"embeddable":true,"href":"https:\/\/vocesparalelas.com.ar\/sitio\/wp-json\/wp\/v2\/users\/3"}],"replies":[{"embeddable":true,"href":"https:\/\/vocesparalelas.com.ar\/sitio\/wp-json\/wp\/v2\/comments?post=18295"}],"version-history":[{"count":0,"href":"https:\/\/vocesparalelas.com.ar\/sitio\/wp-json\/wp\/v2\/posts\/18295\/revisions"}],"wp:featuredmedia":[{"embeddable":true,"href":"https:\/\/vocesparalelas.com.ar\/sitio\/wp-json\/wp\/v2\/media\/15214"}],"wp:attachment":[{"href":"https:\/\/vocesparalelas.com.ar\/sitio\/wp-json\/wp\/v2\/media?parent=18295"}],"wp:term":[{"taxonomy":"category","embeddable":true,"href":"https:\/\/vocesparalelas.com.ar\/sitio\/wp-json\/wp\/v2\/categories?post=18295"},{"taxonomy":"post_tag","embeddable":true,"href":"https:\/\/vocesparalelas.com.ar\/sitio\/wp-json\/wp\/v2\/tags?post=18295"}],"curies":[{"name":"wp","href":"https:\/\/api.w.org\/{rel}","templated":true}]}}