{"id":18291,"date":"2019-01-20T22:54:36","date_gmt":"2019-01-21T01:54:36","guid":{"rendered":"http:\/\/vocesparalelas.com.ar\/sitio\/?p=18291"},"modified":"2019-01-20T23:45:40","modified_gmt":"2019-01-21T02:45:40","slug":"paso-agua-negra-se-cierra-por-rodados-en-gran-parte-de-su-extension-en-la-alta-cordillera","status":"publish","type":"post","link":"https:\/\/vocesparalelas.com.ar\/sitio\/paso-agua-negra-se-cierra-por-rodados-en-gran-parte-de-su-extension-en-la-alta-cordillera\/","title":{"rendered":"Paso Agua Negra se cierra por rodados en gran parte de su extensi\u00f3n en la alta cordillera"},"content":{"rendered":"<p>La Gobernadora de Elqui Daniela Norambuena inform\u00f3 que se decret\u00f3 el cierre temporal del Paso Internacional Agua Negra a partir de las 01.00 am del 20 de Enero, debido a importantes rodados en la ruta 41 CH en especial en el sector embalse La Laguna, kil\u00f3metro 185, donde la ruta est\u00e1 cortada completamente.<\/p>\n<p>Durante la jornada se realiz\u00f3 una inspecci\u00f3n en ruta junto a Carabineros de\u00a0la Tenencia(F) Juntas del Toro siendo imposible verificar los \u00faltimo 37 kil\u00f3metros hasta el l\u00edmite fronterizo por ca\u00edda de piedras de gran tama\u00f1o.<\/p>\n<p><img loading=\"lazy\" decoding=\"async\" class=\"alignnone size-full wp-image-18288\" src=\"https:\/\/vocesparalelas.com.ar\/sitio\/wp-content\/uploads\/2019\/01\/SISMO-CHILE-02.jpg\" alt=\"\" width=\"1000\" height=\"875\" srcset=\"https:\/\/vocesparalelas.com.ar\/sitio\/wp-content\/uploads\/2019\/01\/SISMO-CHILE-02.jpg 1000w, https:\/\/vocesparalelas.com.ar\/sitio\/wp-content\/uploads\/2019\/01\/SISMO-CHILE-02-300x263.jpg 300w, https:\/\/vocesparalelas.com.ar\/sitio\/wp-content\/uploads\/2019\/01\/SISMO-CHILE-02-768x672.jpg 768w, https:\/\/vocesparalelas.com.ar\/sitio\/wp-content\/uploads\/2019\/01\/SISMO-CHILE-02-800x700.jpg 800w\" sizes=\"auto, (max-width: 1000px) 100vw, 1000px\" \/><\/p>\n<p>\u201cLas posibilidades de reabrir hoy son nulas y al final del d\u00eda se evaluar\u00e1 seg\u00fan los avances la posible apertura, pero en forma preliminar es un tema complicado debido a los rodados de alta monta\u00f1a que necesitar\u00e1n trabajos de despeje\u201d.<\/p>\n<p>Durante este domingo dispuso de un control en cercan\u00edas del cruce de Paihuano y Vicu\u00f1a para evitar la subida de los turistas argentinos o curiosos para evitar mayores inconvenientes.<\/p>\n<p>\u201cHacemos un llamado a la calma para aquellos turistas que ten\u00edan programado sus viajes para hoy desde y hacia la Provincia de San Juan\u201d, agreg\u00f3 la autoridad provincial.<\/p>\n<p>Despu\u00e9s de la evaluaci\u00f3n el Paso de Agua Negra queda cerrado durante todo el Lunes, 21 de Enero. Al finalizar, las tareas de limpieza con las maquinarias de Vialidad Nacional de Chile, se evaluar\u00e1 si est\u00e1 en condiciones la Ruta y se habilitar\u00e1 o no para el Martes, 22 de Enero.<\/p>\n<p><iframe loading=\"lazy\" width=\"800\" height=\"600\" src=\"https:\/\/www.youtube.com\/embed\/1V-Aaevyw5E?feature=oembed\" frameborder=\"0\" allow=\"accelerometer; autoplay; encrypted-media; gyroscope; picture-in-picture\" allowfullscreen><\/iframe><\/p>\n<p>&nbsp;<\/p>\n<p>&nbsp;<\/p>\n<p>&nbsp;<\/p>\n<p>&nbsp;<\/p>\n<p>&nbsp;<\/p>\n","protected":false},"excerpt":{"rendered":"<p>La Gobernadora de Elqui Daniela Norambuena inform\u00f3 que se decret\u00f3 el cierre temporal del Paso Internacional Agua Negra a partir<\/p>\n","protected":false},"author":3,"featured_media":18287,"comment_status":"closed","ping_status":"closed","sticky":false,"template":"","format":"video","meta":{"_acf_changed":false,"_seopress_robots_primary_cat":"","_seopress_titles_title":"","_seopress_titles_desc":"","_seopress_robots_index":"","colormag_page_container_layout":"default_layout","colormag_page_sidebar_layout":"default_layout","footnotes":""},"categories":[1,7],"tags":[],"class_list":["post-18291","post","type-post","status-publish","format-video","has-post-thumbnail","hentry","category-destacadas","category-videos","post_format-post-format-video"],"acf":[],"_links":{"self":[{"href":"https:\/\/vocesparalelas.com.ar\/sitio\/wp-json\/wp\/v2\/posts\/18291","targetHints":{"allow":["GET"]}}],"collection":[{"href":"https:\/\/vocesparalelas.com.ar\/sitio\/wp-json\/wp\/v2\/posts"}],"about":[{"href":"https:\/\/vocesparalelas.com.ar\/sitio\/wp-json\/wp\/v2\/types\/post"}],"author":[{"embeddable":true,"href":"https:\/\/vocesparalelas.com.ar\/sitio\/wp-json\/wp\/v2\/users\/3"}],"replies":[{"embeddable":true,"href":"https:\/\/vocesparalelas.com.ar\/sitio\/wp-json\/wp\/v2\/comments?post=18291"}],"version-history":[{"count":0,"href":"https:\/\/vocesparalelas.com.ar\/sitio\/wp-json\/wp\/v2\/posts\/18291\/revisions"}],"wp:featuredmedia":[{"embeddable":true,"href":"https:\/\/vocesparalelas.com.ar\/sitio\/wp-json\/wp\/v2\/media\/18287"}],"wp:attachment":[{"href":"https:\/\/vocesparalelas.com.ar\/sitio\/wp-json\/wp\/v2\/media?parent=18291"}],"wp:term":[{"taxonomy":"category","embeddable":true,"href":"https:\/\/vocesparalelas.com.ar\/sitio\/wp-json\/wp\/v2\/categories?post=18291"},{"taxonomy":"post_tag","embeddable":true,"href":"https:\/\/vocesparalelas.com.ar\/sitio\/wp-json\/wp\/v2\/tags?post=18291"}],"curies":[{"name":"wp","href":"https:\/\/api.w.org\/{rel}","templated":true}]}}