{"id":18275,"date":"2019-01-19T23:38:13","date_gmt":"2019-01-20T02:38:13","guid":{"rendered":"http:\/\/vocesparalelas.com.ar\/sitio\/?p=18275"},"modified":"2019-01-20T22:11:24","modified_gmt":"2019-01-21T01:11:24","slug":"eclipse-total-de-luna","status":"publish","type":"post","link":"https:\/\/vocesparalelas.com.ar\/sitio\/eclipse-total-de-luna\/","title":{"rendered":"Eclipse Total de Luna"},"content":{"rendered":"<div class=\"itemFullText\">\n<p>Para disfrutar el Domingo, 20 y Lunes, 21 de Enero, de\u00a000:30 a 2 hs.; en la la plaza del Bicentenario puede observar el Eclipse Total de Luna, siendo un evento astron\u00f3mico, donde el Ministerio de Turismo y Cultura en conjunto con el apoyo del Observatorio Astron\u00f3mico F\u00e9lix Aguilar &#8211; OAFA &#8211; y la Asociaci\u00f3n Sanjuanina de Aficionados a la Astronom\u00eda &#8211; GACRUX &#8211; invitan a vivir a pleno el fen\u00f3meno natural.<\/p>\n<p>El Domingo, 20 de Enero, a las 21 hs.; en la Plaza del Bicentenario te acompa\u00f1a con\u00a0m\u00fasica en vivo,\u00a0la participaci\u00f3n de\u00a0DJ, animaci\u00f3n y una gran variedad de\u00a0<em>food trucks<\/em>.<\/p>\n<p><iframe loading=\"lazy\" width=\"800\" height=\"450\" src=\"https:\/\/www.youtube.com\/embed\/MiLQkg_kgHs?feature=oembed\" frameborder=\"0\" allow=\"accelerometer; autoplay; encrypted-media; gyroscope; picture-in-picture\" allowfullscreen><\/iframe><\/p>\n<p>El\u00a0astr\u00f3nomo del Observatorio Astron\u00f3mico F\u00e9lix Aguilar\u00a0perteneciente a la UNSJ,\u00a0Eric Gonz\u00e1lez, inform\u00f3 que \u00abeste tipo de eclipse es uno de los m\u00e1s f\u00e1ciles para observar en forma directa y en nuestra provincia se ver\u00e1 en todo su esplendor\u00bb.<\/p>\n<p>\u00abCabe destacar que los eclipses lunares suceden cuando la Tierra se interpone entre el Sol y la Luna, y la sombra del planeta oscurece el sat\u00e9lite, haciendo que este tome un tono cobrizo\u00bb.<\/p>\n<p>\u201cDurante el evento se transmiten en vivo mediante dos pantallas. Adem\u00e1s, disponemos de dos telescopios que tienen una gran apertura. La gente puede realizar pruebas, colocar el ojo apuntando a la luna y observarla de forma \u00fanica\u201d.<\/p>\n<p>\u00abEl punto m\u00e1s importante del Eclipse Lunar se produce entre la 00:30 y las 2 hs.; del 21 de Enero.\u00a0 Durante este periodo la luna comienza a ponerse rojiza para llegar a su punto m\u00e1ximo de tono rojizo sobre las 02:12 hs\u00bb &#8211; concluy\u00f3 el Especialista de la UNSJ.<\/p>\n<p>&nbsp;<\/p>\n<\/div>\n<div class=\"clr\"><img loading=\"lazy\" decoding=\"async\" class=\"alignnone size-full wp-image-18276\" src=\"https:\/\/vocesparalelas.com.ar\/sitio\/wp-content\/uploads\/2019\/01\/ECLIPSE-TOTAL-DE-LUNA-01.jpg\" alt=\"\" width=\"1000\" height=\"645\" srcset=\"https:\/\/vocesparalelas.com.ar\/sitio\/wp-content\/uploads\/2019\/01\/ECLIPSE-TOTAL-DE-LUNA-01.jpg 1000w, https:\/\/vocesparalelas.com.ar\/sitio\/wp-content\/uploads\/2019\/01\/ECLIPSE-TOTAL-DE-LUNA-01-300x194.jpg 300w, https:\/\/vocesparalelas.com.ar\/sitio\/wp-content\/uploads\/2019\/01\/ECLIPSE-TOTAL-DE-LUNA-01-768x495.jpg 768w, https:\/\/vocesparalelas.com.ar\/sitio\/wp-content\/uploads\/2019\/01\/ECLIPSE-TOTAL-DE-LUNA-01-800x516.jpg 800w\" sizes=\"auto, (max-width: 1000px) 100vw, 1000px\" \/><\/div>\n<div><\/div>\n<div><\/div>\n<div><\/div>\n<div class=\"itemContentFooter\"><\/div>\n","protected":false},"excerpt":{"rendered":"<p>Para disfrutar el Domingo, 20 y Lunes, 21 de Enero, de\u00a000:30 a 2 hs.; en la la plaza del Bicentenario<\/p>\n","protected":false},"author":3,"featured_media":18277,"comment_status":"closed","ping_status":"closed","sticky":false,"template":"","format":"standard","meta":{"_acf_changed":false,"_seopress_robots_primary_cat":"","_seopress_titles_title":"","_seopress_titles_desc":"","_seopress_robots_index":"","colormag_page_container_layout":"default_layout","colormag_page_sidebar_layout":"default_layout","footnotes":""},"categories":[1],"tags":[],"class_list":["post-18275","post","type-post","status-publish","format-standard","has-post-thumbnail","hentry","category-destacadas"],"acf":[],"_links":{"self":[{"href":"https:\/\/vocesparalelas.com.ar\/sitio\/wp-json\/wp\/v2\/posts\/18275","targetHints":{"allow":["GET"]}}],"collection":[{"href":"https:\/\/vocesparalelas.com.ar\/sitio\/wp-json\/wp\/v2\/posts"}],"about":[{"href":"https:\/\/vocesparalelas.com.ar\/sitio\/wp-json\/wp\/v2\/types\/post"}],"author":[{"embeddable":true,"href":"https:\/\/vocesparalelas.com.ar\/sitio\/wp-json\/wp\/v2\/users\/3"}],"replies":[{"embeddable":true,"href":"https:\/\/vocesparalelas.com.ar\/sitio\/wp-json\/wp\/v2\/comments?post=18275"}],"version-history":[{"count":0,"href":"https:\/\/vocesparalelas.com.ar\/sitio\/wp-json\/wp\/v2\/posts\/18275\/revisions"}],"wp:featuredmedia":[{"embeddable":true,"href":"https:\/\/vocesparalelas.com.ar\/sitio\/wp-json\/wp\/v2\/media\/18277"}],"wp:attachment":[{"href":"https:\/\/vocesparalelas.com.ar\/sitio\/wp-json\/wp\/v2\/media?parent=18275"}],"wp:term":[{"taxonomy":"category","embeddable":true,"href":"https:\/\/vocesparalelas.com.ar\/sitio\/wp-json\/wp\/v2\/categories?post=18275"},{"taxonomy":"post_tag","embeddable":true,"href":"https:\/\/vocesparalelas.com.ar\/sitio\/wp-json\/wp\/v2\/tags?post=18275"}],"curies":[{"name":"wp","href":"https:\/\/api.w.org\/{rel}","templated":true}]}}