{"id":18223,"date":"2019-01-21T21:54:58","date_gmt":"2019-01-22T00:54:58","guid":{"rendered":"http:\/\/vocesparalelas.com.ar\/sitio\/?p=18223"},"modified":"2019-02-12T19:11:07","modified_gmt":"2019-02-12T22:11:07","slug":"curso-intensivo-de-posgrado-discapacidad-y-derechos","status":"publish","type":"post","link":"https:\/\/vocesparalelas.com.ar\/sitio\/curso-intensivo-de-posgrado-discapacidad-y-derechos\/","title":{"rendered":"Curso Intensivo de Posgrado Discapacidad y Derechos"},"content":{"rendered":"<div class=\"freebirdFormviewerViewHeaderTitleRow\">\n<div class=\"freebirdFormviewerViewHeaderTitle exportFormTitle freebirdCustomFont\" dir=\"auto\" role=\"heading\">El Foro de Abogados de San Juan y la Universidad de Buenos Aires ofrecen el Curso Intensivo de Posgrado Discapacidad y Derechos &#8211; UBA 2019 cuyo director es el Dr.\u00a0Juan Antonio Seda.<\/div>\n<div dir=\"auto\" role=\"heading\"><\/div>\n<div class=\"freebirdFormviewerViewHeaderTitle exportFormTitle freebirdCustomFont\" dir=\"auto\" role=\"heading\">Esta oportunidad de brindar el curso en San Juan es gracias a la firma de convenio que se efectiviz\u00f3 entre las dos instituciones involucradas.<\/div>\n<div dir=\"auto\" role=\"heading\"><\/div>\n<div dir=\"auto\" role=\"heading\"><strong><span style=\"color: #008000\">Datos Importantes<\/span><\/strong><\/div>\n<\/div>\n<ul>\n<li class=\"freebirdFormviewerViewHeaderDescription\">Pre &#8211; inscripci\u00f3n a\u00f1o 2019<\/li>\n<li class=\"freebirdFormviewerViewHeaderDescription\">Inicio 26 de abril de 2019<\/li>\n<li class=\"freebirdFormviewerViewHeaderDescription\">Cursado: viernes de 15 a 21 hs. y s\u00e1bados de 9 a 13 hs.<\/li>\n<li class=\"freebirdFormviewerViewHeaderDescription\">Foro de Abogados de San Juan &#8211; Jujuy 51 &#8211; N &#8211; Capital &#8211; San Juan<\/li>\n<\/ul>\n<p style=\"text-align: center\"><strong>\u00abEn un mundo <\/strong><\/p>\n<p style=\"text-align: center\"><strong>donde hay tanta discriminacion, <\/strong><\/p>\n<p style=\"text-align: center\"><strong>se necesitan profesionales <\/strong><\/p>\n<p style=\"text-align: center\"><strong>que puedan responder <\/strong><\/p>\n<p style=\"text-align: center\"><strong>a los desaf\u00edos de la igualdad de derechos\u00bb. <\/strong><\/p>\n<p style=\"text-align: center\"><strong>Dr. Juan Antonio Seda<\/strong><\/p>\n<p><img loading=\"lazy\" decoding=\"async\" class=\"alignnone wp-image-18435\" src=\"https:\/\/vocesparalelas.com.ar\/sitio\/wp-content\/uploads\/2019\/01\/curso-posgrado.jpg\" alt=\"\" width=\"749\" height=\"1059\" srcset=\"https:\/\/vocesparalelas.com.ar\/sitio\/wp-content\/uploads\/2019\/01\/curso-posgrado.jpg 471w, https:\/\/vocesparalelas.com.ar\/sitio\/wp-content\/uploads\/2019\/01\/curso-posgrado-212x300.jpg 212w\" sizes=\"auto, (max-width: 749px) 100vw, 749px\" \/><\/p>\n<div dir=\"auto\">\n<p><iframe loading=\"lazy\" width=\"800\" height=\"450\" src=\"https:\/\/www.youtube.com\/embed\/9XyM6mwqmaY?feature=oembed\" frameborder=\"0\" allow=\"accelerometer; autoplay; encrypted-media; gyroscope; picture-in-picture\" allowfullscreen><\/iframe><\/p>\n<p><span style=\"color: #008000\"><strong>Opiniones<\/strong><\/span><\/p>\n<p><iframe loading=\"lazy\" width=\"800\" height=\"450\" src=\"https:\/\/www.youtube.com\/embed\/1lcic0YtT3E?feature=oembed\" frameborder=\"0\" allow=\"accelerometer; autoplay; encrypted-media; gyroscope; picture-in-picture\" allowfullscreen><\/iframe><\/p>\n<p><strong><span style=\"color: #008000\">I.- Certificado que otorga:<\/span><\/strong><\/p>\n<p>Aprobaci\u00f3n del Curso Intensivo de Posgrado en Discapacidad y Derechos otorgado por la Universidad de Buenos Aires.<\/p>\n<p><strong><span style=\"color: #008000\">II.- Modalidad de cursada mensual:<\/span><\/strong><\/p>\n<p>Cursada mensual con modalidad intensiva.<\/p>\n<p><strong><span style=\"color: #008000\">III.- Carga horaria total:<\/span><\/strong><\/p>\n<p>Carga horaria total: 60 horas<\/p>\n<p><strong><span style=\"color: #008000\">IV.- D\u00edas de cursada:<\/span><\/strong><\/p>\n<p>Viernes de 15 a 21 horas y s\u00e1bados de 9 a 13 horas.<\/p>\n<p><strong><span style=\"color: #008000\">V.- Inicio de clases:<\/span><\/strong><\/p>\n<p>Abril de 2019<\/p>\n<p><strong><span style=\"color: #008000\">VI.- Objetivos del Programa:<\/span><\/strong><\/p>\n<p>El \u201cCurso Intensivo de Posgrado en Discapacidad y Derechos\u201d tiene como objetivos:<\/p>\n<p>a) Desarrollar habilidades pr\u00e1cticas en el ejercicio profesional y en la investigaci\u00f3n en el campo de la discapacidad;<\/p>\n<p>b) Asegurar un debate independiente de gobiernos y partidos en torno al rol del Estado en las pol\u00edticas de acci\u00f3n positiva a favor de las personas con discapacidad;<\/p>\n<p>c) Formar profesionales comprometidos con los principios de no discriminaci\u00f3n e igualdad de las personas con discapacidad;<\/p>\n<p>d) Fomentar la participaci\u00f3n en jornadas acad\u00e9micas.<\/p>\n<p><strong><span style=\"color: #008000\">VII.- Perfil del Profesional:<\/span><\/strong><\/p>\n<p>Este Curso Intensivo est\u00e1 dirigido a profesionales vinculados o que deseen vincularse a la pr\u00e1ctica profesional en el campo de la discapacidad. Brinda herramientas b\u00e1sicas para la investigaci\u00f3n y la intervenci\u00f3n en gesti\u00f3n p\u00fablica o privada, en instituciones relacionadas con la discapacidad. Si bien hay varios m\u00f3dulos enfocados en lo jur\u00eddico, ello no limita la participaci\u00f3n de otros profesionales de las ciencias sociales. Ser\u00e1 muy valiosa la participaci\u00f3n de terapistas ocupacionales, psic\u00f3logos, trabajadores sociales o m\u00e9dicos que desarrollen actividades en instituciones donde tengan contacto con personas con discapacidad. El egresado de este Curso Intensivo tendr\u00e1 fundamentos sobre los principales debates en torno a los derechos de las personas con discapacidad.<\/p>\n<p><strong><span style=\"color: #008000\">VIII.- Conocimientos, habilidades y competencias:<\/span><\/strong><\/p>\n<p>Las normas nacionales sobre discapacidad ser\u00e1n contenidos centrales de todo este trayecto acad\u00e9mico, en el marco de los compromisos asumidos internacionalmente por la Rep\u00fablica Argentina, en particular a trav\u00e9s de la Convenci\u00f3n Interamericana contra Toda Forma de Discriminaci\u00f3n contra las Personas con Discapacidad y de la Convenci\u00f3n Internacional sobre los Derechos de las Personas con Discapacidad. Un tema de estudio espec\u00edfico ser\u00e1 la brecha entre las normas y las pr\u00e1cticas, toda vez que asumimos como premisa la necesidad de promover la igualdad y no discriminaci\u00f3n. La perspectiva interdisciplinaria permitir\u00e1, a su vez, proponer diversos enfoques en temas como familia, educaci\u00f3n, salud, capacidad, trabajo y otros que afectan la calidad de vida aut\u00f3noma de las personas con discapacidad.<\/p>\n<p>Los cursantes de este Posgrado estar\u00e1n en contacto permanente con las novedades legislativas y jurisprudenciales en esta materia. Se brinda una formaci\u00f3n s\u00f3lida en relaci\u00f3n a las novedades que trae en este aspecto el C\u00f3digo Civil y Comercial en materia de capacidad jur\u00eddica. Se desarrollar\u00e1n competencias y habilidades vinculadas a la escritura acad\u00e9mica, fomentando adem\u00e1s la publicaci\u00f3n de los textos producidos. Se pondr\u00e1n a su vez a disposici\u00f3n de los alumnos diversos recursos audiovisuales para complementar los contenidos, permitiendo as\u00ed el acceso a debates internacionales en este campo. A su vez se ofrecer\u00e1 la participaci\u00f3n en jornadas acad\u00e9micas organizadas en la universidad. A trav\u00e9s de este trayecto se desarrollar\u00e1n habilidades y competencias para entender el sistema legal que rige sobre las personas con discapacidad, con el prop\u00f3sito de brindar herramientas espec\u00edficas. Los profesionales que realicen este Posgrado tendr\u00e1n una formaci\u00f3n integral, que incluya los principales debates en este campo, con informaci\u00f3n actualizada.<\/p>\n<p><strong><span style=\"color: #008000\">IX.- Estructura del plan de estudios: m\u00f3dulos, contenidos y cuerpo docente<\/span><\/strong><\/p>\n<p>La estructura curricular propuesta est\u00e1 conformada por seis (6) m\u00f3dulos, seg\u00fan grandes \u00e1reas tem\u00e1ticas. En cada una de ellas se expondr\u00e1n los debates actuales en materia de discapacidad, desde una perspectiva interdisciplinaria. En cada m\u00f3dulo se desarrollar\u00e1n producciones escritas, con la tutor\u00eda de las autoridades del Posgrado y la posibilidad para los cursantes, de participar en eventos acad\u00e9micos en este campo. Todos los profesores tienen amplia experiencia en sus respectivas materias.<\/p>\n<p><strong><span style=\"color: #008000\">M\u00d3DULO I: Introducci\u00f3n, categor\u00edas fundamentales y clasificaciones<\/span><\/strong><\/p>\n<p>Viernes 26 y s\u00e1bado 27 de abril<\/p>\n<ul>\n<li>JUAN ANTONIO SEDA: Nociones principales y clasificaciones.<\/li>\n<\/ul>\n<p><strong><span style=\"color: #008000\">M\u00d3DULO II: Salud y calidad de vida<\/span><\/strong><\/p>\n<p>Viernes 17 de mayo<\/p>\n<ul>\n<li>BEATRIZ P\u00c9REZ: El sistema de prestaciones de la Ley N\u00ba 24.901.<\/li>\n<\/ul>\n<p>S\u00e1bado 18 de mayo<\/p>\n<ul>\n<li>BEATRIZ P\u00c9REZ: La gesti\u00f3n en instituciones de discapacidad intelectual.<\/li>\n<li>SILVIA VERDEGUER: La experiencia local en gesti\u00f3n institucional.<\/li>\n<\/ul>\n<p><strong><span style=\"color: #008000\">M\u00d3DULO III: Capacidad jur\u00eddica, apoyos y salvaguardias<\/span><\/strong><\/p>\n<p>Viernes 28 y s\u00e1bado 29 de junio<\/p>\n<ul>\n<li>JUAN ANTONIO SEDA: Procesos de determinaci\u00f3n de capacidad y apoyos.<\/li>\n<li>JORNADAS NACIONALES C\u00d3RDOBA &#8211; Jueves 15\u00a0 y Viernes 16 de Agosto<\/li>\n<\/ul>\n<p><strong><span style=\"color: #008000\">M\u00d3DULO IV: Educaci\u00f3n, trabajo e inclusi\u00f3n<\/span><\/strong><\/p>\n<p>Viernes 09 de agosto<\/p>\n<ul>\n<li>ENRIQUE LUIS SU\u00c1REZ: El derecho a la educaci\u00f3n y la accesibilidad.<\/li>\n<li>MAR\u00cdA ERIMA GARRIDO: Pol\u00edticas p\u00fablicas para la educaci\u00f3n inclusiva.<\/li>\n<\/ul>\n<p>S\u00e1bado 10 de agosto<\/p>\n<ul>\n<li>LILIANA MART\u00cdNEZ: Accesibilidad en el nivel superior.<\/li>\n<li>ANA D. GRAFIGNA: Procesos de inclusi\u00f3n de personas con discapacidad intelectual.<\/li>\n<\/ul>\n<p><strong><span style=\"color: #008000\">M\u00d3DULO V: Sistema de justicia y discapacidad<\/span><\/strong><\/p>\n<p>Viernes 06 de septiembre<\/p>\n<ul>\n<li>MARIANA LOFEUDO: Discapacidad y prestaciones. Amparos.<\/li>\n<\/ul>\n<p>S\u00e1bado 07 de\u00a0 septiembre<\/p>\n<ul>\n<li>FERNANDO CONTE GRAND: Amparos en discapacidad en la provincia de San Juan.<\/li>\n<li>ROBERTO PAG\u00c9S LLOVERAS: La actuaci\u00f3n judicial y los grupos vulnerables.<\/li>\n<\/ul>\n<p><span style=\"color: #008000\"><strong>M\u00d3DULO VI: Tendencias internacionales en discapacidad y derechos<\/strong><\/span><\/p>\n<p>Viernes 18 y s\u00e1bado 19 de octubre<\/p>\n<ul>\n<li>JUAN ANTONIO SEDA: An\u00e1lisis de jurisprudencia nacional e internacional<\/li>\n<\/ul>\n<p><strong><span style=\"color: #008000\">X.- Requisitos de admisi\u00f3n:<\/span><\/strong><\/p>\n<p>1.- Ser profesional de una de las carreras mencionadas en el Perfil de Egresado, de una universidad argentina o extranjera.<\/p>\n<p>2.- Presentar un Curriculum Vitae y una fundamentaci\u00f3n de los objetivos acad\u00e9micos de la inscripci\u00f3n en el Curso Intensivo, que ser\u00e1n evaluados por el Director.<\/p>\n<p>3.- En los casos de presentarse aspirantes sin t\u00edtulo de grado universitario, pero con antecedentes de investigaci\u00f3n o profesionales relevantes, la admisi\u00f3n requerir\u00e1 una entrevista con la Direcci\u00f3n y\/o la Coordinaci\u00f3n del Curso Intensivo en la que podr\u00e1n indicarse requisitos complementarios.<\/p>\n<p>4.- Criterios de Regularidad: asistir al menos al 75 % de las clases.<\/p>\n<p>5.- Requisitos para la graduaci\u00f3n: presentar un trabajo final, que ser\u00e1 evaluado por la Direcci\u00f3n del Curso Intensivo.<\/p>\n<\/div>\n<div dir=\"auto\"><strong><span style=\"color: #008000\">Inscripci\u00f3n<\/span><\/strong><\/div>\n<div dir=\"auto\"><\/div>\n<div dir=\"auto\"><a href=\"https:\/\/docs.google.com\/forms\/d\/e\/1FAIpQLSdKAVBBL9mYklB3clulmAnGHBRquav2jyCi-0sD43RWFySS9A\/viewform\">https:\/\/docs.google.com\/forms\/d\/e\/1FAIpQLSdKAVBBL9mYklB3clulmAnGHBRquav2jyCi-0sD43RWFySS9A\/viewform<\/a><\/div>\n<div dir=\"auto\"><\/div>\n<div dir=\"auto\">\n<div class=\"row\">\n<div class=\"col-md-9 col-sm-8\">\n<p class=\"nombre\"><span style=\"color: #008000\"><strong>Juan Antonio Seda<\/strong><\/span><\/p>\n<p>Abogado, Especialista en Derecho de Familia (UBA) y Magister en Pol\u00edtica y Gesti\u00f3n de la Educaci\u00f3n Superior (UBA, UNL). Es Doctor por la Universidad de Buenos Aires, t\u00edtulo de la tesis \u201cDiscapacidad y Derechos: Evoluci\u00f3n en la legislaci\u00f3n y jurisprudencia de la Rep\u00fablica Argentina\u201d.<\/p>\n<p>En la Facultad de Derecho de la Universidad de Buenos Aires es Profesor Adjunto Regular de la asignatura \u201cDerecho de Familia y Sucesiones\u201d y de la asignatura \u201cPr\u00e1ctica Profesional\u201d, es profesor a cargo del seminario \u201cDiscapacidad y Derechos\u201d en el Ciclo Profesional Orientado de la carrera de Abogac\u00eda y es Profesor titular interino de la materia \u201cDid\u00e1ctica Especial del Derecho\u201d en el Profesorado de Ciencias Jur\u00eddicas.<\/p>\n<p>En el a\u00f1o 2006 cre\u00f3 el proyecto de extensi\u00f3n universitaria denominado \u201cLa Convenci\u00f3n sobre los Derechos del Ni\u00f1o: su aplicaci\u00f3n educativo\u201d, que dirigi\u00f3 hasta 2010. Esa iniciativa se mantiene vigente, con la participaci\u00f3n de estudiantes, docentes y graduados de diversas disciplinas en la tarea de dictar talleres sobre derechos en colegios secundarios. Actualmente dirige el proyecto de extensi\u00f3n UBANEX \u201cDiscapacidad e igualdad: asesoramiento, patrocinio jur\u00eddico y difusi\u00f3n de derechos\u201d, el de investigaci\u00f3n UBACyT \u201cLa Convenci\u00f3n sobre los Derechos de las Personas con Discapacidad: armonizaci\u00f3n de las normas argentinas, avances en la Jurisprudencia y debates pendientes\u201d y el UBATIC \u201cDi\u00e1logo con nuestros maestros; ciclo de entrevistas radiales con profesores de la Facultad de Derecho\u201d.<\/p>\n<p>Es Director del Centro para el Desarrollo Docente, coordinador del Programa \u201cUniversidad y Discapacidad\u201d y es director del Programa de Actualizaci\u00f3n y Profundizaci\u00f3n en Discapacidad del Departamento de Posgrado, de la Facultad de Derecho (UBA).<\/p>\n<p>Fue asesor legal de la Direcci\u00f3n General de Educaci\u00f3n de Gesti\u00f3n Privada (DGEGP) del Ministerio de Educaci\u00f3n del Gobierno de la Ciudad de Buenos Aires entre los a\u00f1os 2004 y 2009.<\/p>\n<p>Tambi\u00e9n es Antrop\u00f3logo (orientaci\u00f3n sociocultural &#8211; Facultad de Filosof\u00eda y Letras \u2013 UBA) y entre 2008 y 2012 fue Presidente del Colegio de Graduados en Antropolog\u00eda de la Rep\u00fablica Argentina.<\/p>\n<p>Public\u00f3 los siguientes libros: \u201cLa Convenci\u00f3n sobre los Derechos del Ni\u00f1o y su aplicaci\u00f3n en el \u00e1mbito educativo\u201d (compilador), Editorial Homo Sapiens, 1\u00ba edici\u00f3n 2008 y 2\u00ba edici\u00f3n 2013; \u201cDiscapacidad intelectual y reclusi\u00f3n: Una mirada antropol\u00f3gica sobre la Colonia Montes de Oca\u201d, Editorial Noveduc, 2011; \u201cFormaci\u00f3n Pedag\u00f3gica en Derecho: Procesos comunicativos y recursos did\u00e1cticos\u201d (compilador junto con Fernando Fischman), Editorial Mi\u00f1o y D\u00e1vila, 2011; \u201cDifusi\u00f3n de derechos y ciudadan\u00eda en la escuela\u201d (compilador), EUDEBA, 2012; \u201cBullying: Responsabilidades y aspectos legales en la convivencia escolar\u201d, Noveduc, 2014; \u201cDilemas del Bullying: de la urgencia a la oportunidad. Aprendizaje afectivo, din\u00e1micas grupales y experiencias de intervenci\u00f3n, Noveduc, 2015; \u201cDiscapacidad y Universidad. Interacci\u00f3n y respuesta institucional. Estudio de casos y an\u00e1lisis de pol\u00edticas y legislaci\u00f3n en la Universidad de Buenos Aires\u201d, Eudeba, 2014 y \u201cDiscapacidad y Ense\u00f1anza Universitaria. Reflexiones y experiencias pedag\u00f3gicas en la Universidad de Buenos Aires\u201d, Eudeba (2015) Discapacidad y Derechos: impacto de la Convenci\u00f3n sobre los Derechos de las Personas con Discapacidad\u201d Editorial Jusbaires, 2017; \u201cManual de Derecho de Familia, Editorial Jusbaires\u201d, 2018.<\/p>\n<p><strong><span style=\"color: #008000\">Para m\u00e1s informaci\u00f3n y consulta<\/span><\/strong><\/p>\n<p><a href=\"mailto:discapacidadyderechos.sanjuan@gmail.com\">discapacidadyderechos.sanjuan@gmail.com<\/a><\/p>\n<p>&nbsp;<\/p>\n<\/div>\n<\/div>\n<\/div>\n<div dir=\"auto\"><\/div>\n<div dir=\"auto\"><\/div>\n<div dir=\"auto\"><img loading=\"lazy\" decoding=\"async\" class=\"alignnone size-full wp-image-16095\" src=\"https:\/\/vocesparalelas.com.ar\/sitio\/wp-content\/uploads\/2018\/10\/FORO-DE-ABOGADOS-LOGO.jpg\" alt=\"\" width=\"1000\" height=\"667\" srcset=\"https:\/\/vocesparalelas.com.ar\/sitio\/wp-content\/uploads\/2018\/10\/FORO-DE-ABOGADOS-LOGO.jpg 1000w, https:\/\/vocesparalelas.com.ar\/sitio\/wp-content\/uploads\/2018\/10\/FORO-DE-ABOGADOS-LOGO-300x200.jpg 300w, https:\/\/vocesparalelas.com.ar\/sitio\/wp-content\/uploads\/2018\/10\/FORO-DE-ABOGADOS-LOGO-768x512.jpg 768w, https:\/\/vocesparalelas.com.ar\/sitio\/wp-content\/uploads\/2018\/10\/FORO-DE-ABOGADOS-LOGO-800x534.jpg 800w\" sizes=\"auto, (max-width: 1000px) 100vw, 1000px\" \/><\/div>\n<div dir=\"auto\"><\/div>\n<div dir=\"auto\"><\/div>\n<div dir=\"auto\"><\/div>\n<div dir=\"auto\"><\/div>\n<div dir=\"auto\"><\/div>\n<div dir=\"auto\"><\/div>\n<div dir=\"auto\"><\/div>\n<div dir=\"auto\"><\/div>\n<div dir=\"auto\"><\/div>\n","protected":false},"excerpt":{"rendered":"<p>El Foro de Abogados de San Juan y la Universidad de Buenos Aires ofrecen el Curso Intensivo de Posgrado Discapacidad<\/p>\n","protected":false},"author":3,"featured_media":16014,"comment_status":"closed","ping_status":"closed","sticky":false,"template":"","format":"video","meta":{"_acf_changed":false,"_seopress_robots_primary_cat":"","_seopress_titles_title":"","_seopress_titles_desc":"","_seopress_robots_index":"","colormag_page_container_layout":"default_layout","colormag_page_sidebar_layout":"default_layout","footnotes":""},"categories":[15,7],"tags":[],"class_list":["post-18223","post","type-post","status-publish","format-video","has-post-thumbnail","hentry","category-posgrados","category-videos","post_format-post-format-video"],"acf":[],"_links":{"self":[{"href":"https:\/\/vocesparalelas.com.ar\/sitio\/wp-json\/wp\/v2\/posts\/18223","targetHints":{"allow":["GET"]}}],"collection":[{"href":"https:\/\/vocesparalelas.com.ar\/sitio\/wp-json\/wp\/v2\/posts"}],"about":[{"href":"https:\/\/vocesparalelas.com.ar\/sitio\/wp-json\/wp\/v2\/types\/post"}],"author":[{"embeddable":true,"href":"https:\/\/vocesparalelas.com.ar\/sitio\/wp-json\/wp\/v2\/users\/3"}],"replies":[{"embeddable":true,"href":"https:\/\/vocesparalelas.com.ar\/sitio\/wp-json\/wp\/v2\/comments?post=18223"}],"version-history":[{"count":0,"href":"https:\/\/vocesparalelas.com.ar\/sitio\/wp-json\/wp\/v2\/posts\/18223\/revisions"}],"wp:featuredmedia":[{"embeddable":true,"href":"https:\/\/vocesparalelas.com.ar\/sitio\/wp-json\/wp\/v2\/media\/16014"}],"wp:attachment":[{"href":"https:\/\/vocesparalelas.com.ar\/sitio\/wp-json\/wp\/v2\/media?parent=18223"}],"wp:term":[{"taxonomy":"category","embeddable":true,"href":"https:\/\/vocesparalelas.com.ar\/sitio\/wp-json\/wp\/v2\/categories?post=18223"},{"taxonomy":"post_tag","embeddable":true,"href":"https:\/\/vocesparalelas.com.ar\/sitio\/wp-json\/wp\/v2\/tags?post=18223"}],"curies":[{"name":"wp","href":"https:\/\/api.w.org\/{rel}","templated":true}]}}