{"id":17696,"date":"2018-12-14T01:02:30","date_gmt":"2018-12-14T04:02:30","guid":{"rendered":"http:\/\/vocesparalelas.com.ar\/sitio\/?p=17696"},"modified":"2018-12-14T01:02:30","modified_gmt":"2018-12-14T04:02:30","slug":"se-refuerza-la-educacion-con-mas-escuelas-y-cerrando-el-ciclo-lectivo-2018","status":"publish","type":"post","link":"https:\/\/vocesparalelas.com.ar\/sitio\/se-refuerza-la-educacion-con-mas-escuelas-y-cerrando-el-ciclo-lectivo-2018\/","title":{"rendered":"Se refuerza la Educaci\u00f3n con m\u00e1s escuelas y cerrando el Ciclo Lectivo 2018"},"content":{"rendered":"<p>El acto de cierre del Ciclo Lectivo 2018 por el Gobierno de San Juan en la Escuela Jos\u00e9 Mar\u00eda del Carril, de la localidad de Tres Esquinas, Departamento Sarmiento con la entrega de obras de ampliaci\u00f3n, refacci\u00f3n y refuncionalizaci\u00f3n con una inversi\u00f3n de $31.419.547,46, aportados con fondos provinciales.<\/p>\n<p>El acto con la inauguraci\u00f3n y descubrimiento de placa por las autoridades provinciales. Despu\u00e9s de la recorrida por las nuevas comodidades d la instituci\u00f3n que beneficia a la comunidad educativa, se trasladaron al SUM para entonar el Himno Nacional Argentino.<\/p>\n<p><img loading=\"lazy\" decoding=\"async\" class=\"alignnone size-full wp-image-17701\" src=\"https:\/\/vocesparalelas.com.ar\/sitio\/wp-content\/uploads\/2018\/12\/ESCUELA-SARMIENTO-06.jpg\" alt=\"\" width=\"1000\" height=\"598\" srcset=\"https:\/\/vocesparalelas.com.ar\/sitio\/wp-content\/uploads\/2018\/12\/ESCUELA-SARMIENTO-06.jpg 1000w, https:\/\/vocesparalelas.com.ar\/sitio\/wp-content\/uploads\/2018\/12\/ESCUELA-SARMIENTO-06-300x179.jpg 300w, https:\/\/vocesparalelas.com.ar\/sitio\/wp-content\/uploads\/2018\/12\/ESCUELA-SARMIENTO-06-768x459.jpg 768w, https:\/\/vocesparalelas.com.ar\/sitio\/wp-content\/uploads\/2018\/12\/ESCUELA-SARMIENTO-06-800x478.jpg 800w\" sizes=\"auto, (max-width: 1000px) 100vw, 1000px\" \/><\/p>\n<p>Luego, la Directora de la Escuela, Prof. Laura De Luca, subray\u00f3 una rese\u00f1a hist\u00f3rica del establecimiento que nacido en 1919 y dijo que \u201choy la escuela cuenta con una matr\u00edcula de 22 alumnos en sala de 4 a\u00f1os, 21 en sala de 5, 140 en educaci\u00f3n primaria y 53 en el ciclo b\u00e1sico. \u201cQuiero agradecer a todos los sectores de la sociedad que posibilitaron este gran logro, especialmente al gobernador y sus ministros\u201d.<\/p>\n<p>A continuaci\u00f3n, el intendente de la Municipalidad de Sarmiento, Mario Mart\u00edn remarc\u00f3 que \u201cla escuela en el 2019 cumple 100 a\u00f1os. Las mejores edilicias que hoy inauguramos tienen que ver con una pol\u00edtica de Estado basada en la concepci\u00f3n de la educaci\u00f3n como uno de los pilares de la sociedad. Recientemente el gobernador inaugur\u00f3 una escuela en Ca\u00f1ada Honda y hoy la refacci\u00f3n de este establecimiento centenario. Hemos planificado el Sarmiento que queremos, con educaci\u00f3n, salud, seguridad y producci\u00f3n a la cabeza de prioridades. M\u00e1s all\u00e1 de la planificaci\u00f3n estrat\u00e9gica y de la decisi\u00f3n pol\u00edtica, destaco tambi\u00e9n los sue\u00f1os que comienzan en las escuelas, es por eso que se impone el fortalecimiento de la educaci\u00f3n p\u00fablica\u201d.<\/p>\n<p>Seguidamente, el Ministro de Educaci\u00f3n, Lic. Felipe De Los R\u00edos destac\u00f3 que \u201cdurante el 2018 nos dej\u00f3 la decisi\u00f3n pol\u00edtica del gobernador para entregar las resoluciones por medio de las cuales docentes interinos pasan a titulares, lo cual se concretar\u00e1 ma\u00f1ana. Estos establecimientos permiten primero los sue\u00f1os y luego las realidades. Es un bien com\u00fan de la sociedad\u201d.<\/p>\n<p>Finalmente, el Gobernador de San Juan, Dr. Sergio U\u00f1ac expres\u00f3 que \u201csiendo una de las provincias m\u00e1s chicas de Argentina, es significativo que estemos entre las tres que priorizaron la educaci\u00f3n en el pa\u00eds. Hicimos un gran esfuerzo y logramos que uno de los mayores actos de injusticia social, como es desprender el salario del poder adquisitivo, no sea una realidad en San Juan y s\u00ed lo sea que el trabajador cuente con el ingreso suficiente para cubrir sus necesidades\u201d.<\/p>\n<p><iframe loading=\"lazy\" width=\"800\" height=\"450\" src=\"https:\/\/www.youtube.com\/embed\/EcLhUgZJ4mE?feature=oembed\" frameborder=\"0\" allow=\"accelerometer; autoplay; encrypted-media; gyroscope; picture-in-picture\" allowfullscreen><\/iframe><\/p>\n<p><img loading=\"lazy\" decoding=\"async\" class=\"alignnone size-full wp-image-17698\" src=\"https:\/\/vocesparalelas.com.ar\/sitio\/wp-content\/uploads\/2018\/12\/ESCUELA-SARMIENTO-02.jpg\" alt=\"\" width=\"1000\" height=\"741\" srcset=\"https:\/\/vocesparalelas.com.ar\/sitio\/wp-content\/uploads\/2018\/12\/ESCUELA-SARMIENTO-02.jpg 1000w, https:\/\/vocesparalelas.com.ar\/sitio\/wp-content\/uploads\/2018\/12\/ESCUELA-SARMIENTO-02-300x222.jpg 300w, https:\/\/vocesparalelas.com.ar\/sitio\/wp-content\/uploads\/2018\/12\/ESCUELA-SARMIENTO-02-768x569.jpg 768w, https:\/\/vocesparalelas.com.ar\/sitio\/wp-content\/uploads\/2018\/12\/ESCUELA-SARMIENTO-02-800x593.jpg 800w\" sizes=\"auto, (max-width: 1000px) 100vw, 1000px\" \/><\/p>\n<p>&nbsp;<\/p>\n<p><span style=\"color: #003300\"><strong>Los trabajos de obra realizados en la Escuela <\/strong><\/span><\/p>\n<p><span style=\"color: #003300\"><strong>Obras de ampliaci\u00f3n<\/strong><\/span><\/p>\n<ul>\n<li>Hall de acceso en Nivel Inicial.<\/li>\n<li>Dos salas de Nivel Inicial con sanitarios y patios de juegos.<\/li>\n<li>Dos aulas comunes.<\/li>\n<li>Taller Multiprop\u00f3sito.<\/li>\n<li>N\u00facleo de ba\u00f1os para varones, ni\u00f1as y personas con discapacidad.<\/li>\n<li>Centro de recursos.<\/li>\n<li>Sal\u00f3n de Usos M\u00faltiples.<\/li>\n<li>Galer\u00edas, circulaciones y pergolados.<\/li>\n<li>Cierre perimetral.<\/li>\n<li>Sala de bombas y torre de tanques.<\/li>\n<li>Dos dep\u00f3sitos.<\/li>\n<\/ul>\n<p>Tambi\u00e9n se reemplaz\u00f3 la cisterna por una sala de bombas para abastecer el servicio contra incendios y la instalaci\u00f3n sanitaria.<\/p>\n<p><span style=\"color: #003300\"><strong>Obras de refuncionalizaci\u00f3n<\/strong><\/span><\/p>\n<ul>\n<li>Sanitarios existentes.<\/li>\n<li>Cocina y deposito existente.<\/li>\n<li>Obras de refacci\u00f3n<\/li>\n<li>Cielorraso existente.<\/li>\n<li>Sustituci\u00f3n de la cubierta de techo.<\/li>\n<li>Reparaci\u00f3n de las carpinter\u00edas existentes de madera y cambios de vidrios faltantes o da\u00f1ados.<\/li>\n<li>Reparaci\u00f3n de muros afectados por la humedad.<\/li>\n<li>Reparaci\u00f3n de pisos y veredines perimetrales.<\/li>\n<\/ul>\n<p><img loading=\"lazy\" decoding=\"async\" class=\"alignnone size-full wp-image-17697\" src=\"https:\/\/vocesparalelas.com.ar\/sitio\/wp-content\/uploads\/2018\/12\/ESCUELA-SARMIENTO-04.jpg\" alt=\"\" width=\"1000\" height=\"707\" srcset=\"https:\/\/vocesparalelas.com.ar\/sitio\/wp-content\/uploads\/2018\/12\/ESCUELA-SARMIENTO-04.jpg 1000w, https:\/\/vocesparalelas.com.ar\/sitio\/wp-content\/uploads\/2018\/12\/ESCUELA-SARMIENTO-04-300x212.jpg 300w, https:\/\/vocesparalelas.com.ar\/sitio\/wp-content\/uploads\/2018\/12\/ESCUELA-SARMIENTO-04-768x543.jpg 768w, https:\/\/vocesparalelas.com.ar\/sitio\/wp-content\/uploads\/2018\/12\/ESCUELA-SARMIENTO-04-800x566.jpg 800w\" sizes=\"auto, (max-width: 1000px) 100vw, 1000px\" \/><\/p>\n<p><img loading=\"lazy\" decoding=\"async\" class=\"alignnone size-full wp-image-17700\" src=\"https:\/\/vocesparalelas.com.ar\/sitio\/wp-content\/uploads\/2018\/12\/ESCUELA-JOSE-MARIA-DEL-CARRIL.jpg\" alt=\"\" width=\"1000\" height=\"667\" srcset=\"https:\/\/vocesparalelas.com.ar\/sitio\/wp-content\/uploads\/2018\/12\/ESCUELA-JOSE-MARIA-DEL-CARRIL.jpg 1000w, https:\/\/vocesparalelas.com.ar\/sitio\/wp-content\/uploads\/2018\/12\/ESCUELA-JOSE-MARIA-DEL-CARRIL-300x200.jpg 300w, https:\/\/vocesparalelas.com.ar\/sitio\/wp-content\/uploads\/2018\/12\/ESCUELA-JOSE-MARIA-DEL-CARRIL-768x512.jpg 768w, https:\/\/vocesparalelas.com.ar\/sitio\/wp-content\/uploads\/2018\/12\/ESCUELA-JOSE-MARIA-DEL-CARRIL-800x534.jpg 800w\" sizes=\"auto, (max-width: 1000px) 100vw, 1000px\" \/><\/p>\n<p>&nbsp;<\/p>\n","protected":false},"excerpt":{"rendered":"<p>El acto de cierre del Ciclo Lectivo 2018 por el Gobierno de San Juan en la Escuela Jos\u00e9 Mar\u00eda del<\/p>\n","protected":false},"author":3,"featured_media":17699,"comment_status":"closed","ping_status":"closed","sticky":false,"template":"","format":"video","meta":{"_acf_changed":false,"_seopress_robots_primary_cat":"","_seopress_titles_title":"","_seopress_titles_desc":"","_seopress_robots_index":"","colormag_page_container_layout":"default_layout","colormag_page_sidebar_layout":"default_layout","footnotes":""},"categories":[1,7],"tags":[],"class_list":["post-17696","post","type-post","status-publish","format-video","has-post-thumbnail","hentry","category-destacadas","category-videos","post_format-post-format-video"],"acf":[],"_links":{"self":[{"href":"https:\/\/vocesparalelas.com.ar\/sitio\/wp-json\/wp\/v2\/posts\/17696","targetHints":{"allow":["GET"]}}],"collection":[{"href":"https:\/\/vocesparalelas.com.ar\/sitio\/wp-json\/wp\/v2\/posts"}],"about":[{"href":"https:\/\/vocesparalelas.com.ar\/sitio\/wp-json\/wp\/v2\/types\/post"}],"author":[{"embeddable":true,"href":"https:\/\/vocesparalelas.com.ar\/sitio\/wp-json\/wp\/v2\/users\/3"}],"replies":[{"embeddable":true,"href":"https:\/\/vocesparalelas.com.ar\/sitio\/wp-json\/wp\/v2\/comments?post=17696"}],"version-history":[{"count":0,"href":"https:\/\/vocesparalelas.com.ar\/sitio\/wp-json\/wp\/v2\/posts\/17696\/revisions"}],"wp:featuredmedia":[{"embeddable":true,"href":"https:\/\/vocesparalelas.com.ar\/sitio\/wp-json\/wp\/v2\/media\/17699"}],"wp:attachment":[{"href":"https:\/\/vocesparalelas.com.ar\/sitio\/wp-json\/wp\/v2\/media?parent=17696"}],"wp:term":[{"taxonomy":"category","embeddable":true,"href":"https:\/\/vocesparalelas.com.ar\/sitio\/wp-json\/wp\/v2\/categories?post=17696"},{"taxonomy":"post_tag","embeddable":true,"href":"https:\/\/vocesparalelas.com.ar\/sitio\/wp-json\/wp\/v2\/tags?post=17696"}],"curies":[{"name":"wp","href":"https:\/\/api.w.org\/{rel}","templated":true}]}}