{"id":17693,"date":"2018-12-13T23:15:42","date_gmt":"2018-12-14T02:15:42","guid":{"rendered":"http:\/\/vocesparalelas.com.ar\/sitio\/?p=17693"},"modified":"2018-12-13T23:15:42","modified_gmt":"2018-12-14T02:15:42","slug":"anuncian-los-ganadores-del-concurso-literario-san-juan-escribe-premio-jorge-leonidas-escudero-edicion-2018","status":"publish","type":"post","link":"https:\/\/vocesparalelas.com.ar\/sitio\/anuncian-los-ganadores-del-concurso-literario-san-juan-escribe-premio-jorge-leonidas-escudero-edicion-2018\/","title":{"rendered":"Anuncian los ganadores del concurso literario \u201cSan Juan Escribe. Premio Jorge Leonidas Escudero Edici\u00f3n 2018\u201d"},"content":{"rendered":"<p>El vicegobernador de San Juan, Dr. Marcelo Lima, preside el Viernes, 14 de Diciembre, a las 10 horas, el acto en el cual anuncian quienes resultaron ganadores del concurso literario \u201cSan Juan Escribe. Premio Jorge Leonidas Escudero Edici\u00f3n 2018\u201d, en la sala de Vicegobernadores del edificio Legislativo.<\/p>\n<p>Cabe se\u00f1alar que el tema de las obras fue de libre elecci\u00f3n, no hubo l\u00edmite de edad y los g\u00e9neros fueron los siguientes: \u201cL\u00edrica, \u201cCuentos\u201d, \u201cNovelas\u201d, \u201cNo Ficci\u00f3n\u201d.<\/p>\n<p>Respecto a la premiaci\u00f3n, fue determinado un primero y segundo puesto por cada g\u00e9nero literario. El ganador recibe una suma de treinta mil pesos y la edici\u00f3n de su obra; y quien le sigue se hace acreedor de quince mil pesos y tambi\u00e9n, la edici\u00f3n de su libro.<\/p>\n<p>Todos los escritores concursantes obtienen un diploma por su participaci\u00f3n.<\/p>\n<p>&nbsp;<\/p>\n<p><img loading=\"lazy\" decoding=\"async\" class=\"alignnone size-full wp-image-17694\" src=\"https:\/\/vocesparalelas.com.ar\/sitio\/wp-content\/uploads\/2018\/12\/Proclamaci\u00f3n-de-ganadores-3.jpeg\" alt=\"\" width=\"723\" height=\"1024\" srcset=\"https:\/\/vocesparalelas.com.ar\/sitio\/wp-content\/uploads\/2018\/12\/Proclamaci\u00f3n-de-ganadores-3.jpeg 723w, https:\/\/vocesparalelas.com.ar\/sitio\/wp-content\/uploads\/2018\/12\/Proclamaci\u00f3n-de-ganadores-3-212x300.jpeg 212w, https:\/\/vocesparalelas.com.ar\/sitio\/wp-content\/uploads\/2018\/12\/Proclamaci\u00f3n-de-ganadores-3-565x800.jpeg 565w\" sizes=\"auto, (max-width: 723px) 100vw, 723px\" \/><\/p>\n<p>&nbsp;<\/p>\n<p><img loading=\"lazy\" decoding=\"async\" class=\"alignnone size-full wp-image-16350\" src=\"https:\/\/vocesparalelas.com.ar\/sitio\/wp-content\/uploads\/2018\/10\/CAMARA-EVACUCION-05.jpg\" alt=\"\" width=\"1000\" height=\"667\" srcset=\"https:\/\/vocesparalelas.com.ar\/sitio\/wp-content\/uploads\/2018\/10\/CAMARA-EVACUCION-05.jpg 1000w, https:\/\/vocesparalelas.com.ar\/sitio\/wp-content\/uploads\/2018\/10\/CAMARA-EVACUCION-05-300x200.jpg 300w, https:\/\/vocesparalelas.com.ar\/sitio\/wp-content\/uploads\/2018\/10\/CAMARA-EVACUCION-05-768x512.jpg 768w, https:\/\/vocesparalelas.com.ar\/sitio\/wp-content\/uploads\/2018\/10\/CAMARA-EVACUCION-05-800x534.jpg 800w\" sizes=\"auto, (max-width: 1000px) 100vw, 1000px\" \/><\/p>\n<p>&nbsp;<\/p>\n<p>&nbsp;<\/p>\n<p>&nbsp;<\/p>\n","protected":false},"excerpt":{"rendered":"<p>El vicegobernador de San Juan, Dr. Marcelo Lima, preside el Viernes, 14 de Diciembre, a las 10 horas, el acto<\/p>\n","protected":false},"author":3,"featured_media":12840,"comment_status":"closed","ping_status":"closed","sticky":false,"template":"","format":"standard","meta":{"_acf_changed":false,"_seopress_robots_primary_cat":"","_seopress_titles_title":"","_seopress_titles_desc":"","_seopress_robots_index":"","colormag_page_container_layout":"default_layout","colormag_page_sidebar_layout":"default_layout","footnotes":""},"categories":[1],"tags":[],"class_list":["post-17693","post","type-post","status-publish","format-standard","has-post-thumbnail","hentry","category-destacadas"],"acf":[],"_links":{"self":[{"href":"https:\/\/vocesparalelas.com.ar\/sitio\/wp-json\/wp\/v2\/posts\/17693","targetHints":{"allow":["GET"]}}],"collection":[{"href":"https:\/\/vocesparalelas.com.ar\/sitio\/wp-json\/wp\/v2\/posts"}],"about":[{"href":"https:\/\/vocesparalelas.com.ar\/sitio\/wp-json\/wp\/v2\/types\/post"}],"author":[{"embeddable":true,"href":"https:\/\/vocesparalelas.com.ar\/sitio\/wp-json\/wp\/v2\/users\/3"}],"replies":[{"embeddable":true,"href":"https:\/\/vocesparalelas.com.ar\/sitio\/wp-json\/wp\/v2\/comments?post=17693"}],"version-history":[{"count":0,"href":"https:\/\/vocesparalelas.com.ar\/sitio\/wp-json\/wp\/v2\/posts\/17693\/revisions"}],"wp:featuredmedia":[{"embeddable":true,"href":"https:\/\/vocesparalelas.com.ar\/sitio\/wp-json\/wp\/v2\/media\/12840"}],"wp:attachment":[{"href":"https:\/\/vocesparalelas.com.ar\/sitio\/wp-json\/wp\/v2\/media?parent=17693"}],"wp:term":[{"taxonomy":"category","embeddable":true,"href":"https:\/\/vocesparalelas.com.ar\/sitio\/wp-json\/wp\/v2\/categories?post=17693"},{"taxonomy":"post_tag","embeddable":true,"href":"https:\/\/vocesparalelas.com.ar\/sitio\/wp-json\/wp\/v2\/tags?post=17693"}],"curies":[{"name":"wp","href":"https:\/\/api.w.org\/{rel}","templated":true}]}}