{"id":17688,"date":"2018-12-13T22:42:53","date_gmt":"2018-12-14T01:42:53","guid":{"rendered":"http:\/\/vocesparalelas.com.ar\/sitio\/?p=17688"},"modified":"2018-12-15T02:24:53","modified_gmt":"2018-12-15T05:24:53","slug":"actividad-durante-los-dias-festivos","status":"publish","type":"post","link":"https:\/\/vocesparalelas.com.ar\/sitio\/actividad-durante-los-dias-festivos\/","title":{"rendered":"Actividad durante los d\u00edas festivos"},"content":{"rendered":"<p>La Sociedad de Chacareros Temporarios de San Juan informa c\u00f3mo ser\u00e1 la actividad del Mercado Concentrador de Frutas y Hortalizas de San Juan durante las Fiestas de fin de a\u00f1o.<\/p>\n<p><span style=\"color: #ff0000\"><strong>Para Navidad la actividad se dispuso: <\/strong><\/span><\/p>\n<ul>\n<li>Domingo, 23 de Diciembre, el Mercado abre sus puertas a las 19 hs.<\/li>\n<li>Lunes, 24 de Diciembre, la actividad es normal.<\/li>\n<li>Martes, 25 y Mi\u00e9rcoles, 26 de Diciembre, el Mercado permanece cerrado.<\/li>\n<\/ul>\n<p><span style=\"color: #ff0000\"><strong>Para A\u00f1o Nuevo se procede de manera similar:<\/strong><\/span><\/p>\n<ul>\n<li>Domingo 30 de Diciembre, el mercado abre sus puertas a las 19 hs.<\/li>\n<li>Lunes, 31 de Diciembre, la actividad es normal.<\/li>\n<li>Martes, 1 y Mi\u00e9rcoles, 2 de Enero de 2019, el Mercado permane cerrado.<\/li>\n<\/ul>\n<p>El Mercado Concentrador de Frutas y Hortalizas de San Juan est\u00e1 ubicado en Progreso y Ruta 40, Rawson, donde diariamente, unos 250 agricultores locales comercializan sus productos de temporada. En este centro de acopio frutihort\u00edcola.<\/p>\n<p>Tambi\u00e9n, se puede encontrar frutas y verduras provenientes de otras provincias y pa\u00edses que llegan gracias a introductores que cuentan con puestos de venta.<\/p>\n<p>El Mercado Concentrador de Frutas y Hortalizas de San Juan es propiedad de la Sociedad de Chacareros Temporarios de San Juan y abre sus puertas de Lunes a S\u00e1bado, desde las 6.30 hs. Cuenta con una gran oferta productiva de alta calidad y a excelente precio.<\/p>\n<p>&nbsp;<\/p>\n","protected":false},"excerpt":{"rendered":"<p>La Sociedad de Chacareros Temporarios de San Juan informa c\u00f3mo ser\u00e1 la actividad del Mercado Concentrador de Frutas y Hortalizas<\/p>\n","protected":false},"author":3,"featured_media":17691,"comment_status":"closed","ping_status":"closed","sticky":false,"template":"","format":"standard","meta":{"_acf_changed":false,"_seopress_robots_primary_cat":"","_seopress_titles_title":"","_seopress_titles_desc":"","_seopress_robots_index":"","colormag_page_container_layout":"default_layout","colormag_page_sidebar_layout":"default_layout","footnotes":""},"categories":[5],"tags":[],"class_list":["post-17688","post","type-post","status-publish","format-standard","has-post-thumbnail","hentry","category-ofrecimientos"],"acf":[],"_links":{"self":[{"href":"https:\/\/vocesparalelas.com.ar\/sitio\/wp-json\/wp\/v2\/posts\/17688","targetHints":{"allow":["GET"]}}],"collection":[{"href":"https:\/\/vocesparalelas.com.ar\/sitio\/wp-json\/wp\/v2\/posts"}],"about":[{"href":"https:\/\/vocesparalelas.com.ar\/sitio\/wp-json\/wp\/v2\/types\/post"}],"author":[{"embeddable":true,"href":"https:\/\/vocesparalelas.com.ar\/sitio\/wp-json\/wp\/v2\/users\/3"}],"replies":[{"embeddable":true,"href":"https:\/\/vocesparalelas.com.ar\/sitio\/wp-json\/wp\/v2\/comments?post=17688"}],"version-history":[{"count":0,"href":"https:\/\/vocesparalelas.com.ar\/sitio\/wp-json\/wp\/v2\/posts\/17688\/revisions"}],"wp:featuredmedia":[{"embeddable":true,"href":"https:\/\/vocesparalelas.com.ar\/sitio\/wp-json\/wp\/v2\/media\/17691"}],"wp:attachment":[{"href":"https:\/\/vocesparalelas.com.ar\/sitio\/wp-json\/wp\/v2\/media?parent=17688"}],"wp:term":[{"taxonomy":"category","embeddable":true,"href":"https:\/\/vocesparalelas.com.ar\/sitio\/wp-json\/wp\/v2\/categories?post=17688"},{"taxonomy":"post_tag","embeddable":true,"href":"https:\/\/vocesparalelas.com.ar\/sitio\/wp-json\/wp\/v2\/tags?post=17688"}],"curies":[{"name":"wp","href":"https:\/\/api.w.org\/{rel}","templated":true}]}}