{"id":17662,"date":"2018-12-13T01:04:28","date_gmt":"2018-12-13T04:04:28","guid":{"rendered":"http:\/\/vocesparalelas.com.ar\/sitio\/?p=17662"},"modified":"2018-12-15T15:29:17","modified_gmt":"2018-12-15T18:29:17","slug":"1o-festival-regional-del-folklore-cuyano-en-san-juan","status":"publish","type":"post","link":"https:\/\/vocesparalelas.com.ar\/sitio\/1o-festival-regional-del-folklore-cuyano-en-san-juan\/","title":{"rendered":"1\u00ba Festival Regional del Folklore Cuyano en San Juan"},"content":{"rendered":"<p>El Viernes, 14 y el S\u00e1bado, 15 de Diciembre, a las 21:30 hs.; en el Anfiteatro Buenaventura Luna del Complejo Auditorio Juan Victoria se desarrolla el 1\u00ba Festival Regional del Folklore Cuyano, con la participaci\u00f3n de m\u00fasicos de Mendoza, San Luis y San Juan. La entrada ser\u00e1 libre y gratuita.<\/p>\n<p>Por ello, el Secretario de Infraestructura y Patrimonio Tur\u00edstico y Cultural del Ministerio de Turismo y Cultura del Gobierno de San Juan, Mario Zaguirre explic\u00f3 que el 1\u00ba Festival Regional del Folklore Cuyano es un proyecto que surgi\u00f3 desde San Juan para revalorizar y rescatar el Folklore Cuyano para que no se pierda en el tiempo.<\/p>\n<p><iframe loading=\"lazy\" width=\"800\" height=\"450\" src=\"https:\/\/www.youtube.com\/embed\/VkHh8K_6AiM?feature=oembed\" frameborder=\"0\" allow=\"accelerometer; autoplay; encrypted-media; gyroscope; picture-in-picture\" allowfullscreen><\/iframe><\/p>\n<p>Luego, el Secretario de Cultura, Diego Gareca y responsable de coordinar la grilla de artistas, quien describi\u00f3 cada cantante que participa tanto el Viernes, 14 y el S\u00e1bado, 15 de Diciembre.<\/p>\n<p><iframe loading=\"lazy\" width=\"800\" height=\"450\" src=\"https:\/\/www.youtube.com\/embed\/t-1bsxKFDi4?feature=oembed\" frameborder=\"0\" allow=\"accelerometer; autoplay; encrypted-media; gyroscope; picture-in-picture\" allowfullscreen><\/iframe><\/p>\n<p>El festival est\u00e1 organizado por los gobiernos de San Juan y Mendoza y la Municipalidad de Villa Mercedes de San Luis.<\/p>\n<p><span style=\"color: #003300\"><strong>Grilla<\/strong><\/span><\/p>\n<p>Viernes, 14 de Diciembre, act\u00faan los sanjuaninos Labriegos, Ernesto Villavicencio y D\u00edaz Heredia, los mendocinos Juanita Vera, Armando Navarro, Luis Serrano (locutor), Roberto Mercado y Oscar Dom\u00ednguez. Desde Villa Mercedes, llegan Jonathan Pizarro &#8211; Francisco Fadon, Walter Sapino y 5 al tr\u00edo.<\/p>\n<p>S\u00e1bado, 15 de Diciembre, act\u00faan desde Mendoza a Las Navarro, Los Chimeno y al D\u00fao Palma &#8211; Sandoval. Desde Villa Mercedes; Maju Rodr\u00edguez \u2013 Oscar Huelmo y Tr\u00e9bol Mercedino, mientras que los artistas locales son Gisel Aldeco, Gustavo Troncoso y Los Gajos de Pinono.<\/p>\n<p>La danza se convierte en un ingrediente m\u00e1s de este espect\u00e1culo cuyano junto al Elenco Bailarines Sanjuaninos, Malambo Pre Laborde, Elenco Bailarines Villa Mercedes y Elenco Bailarines Mendocinos. Por su parte, Pascual Recabarren ser\u00e1 el encargado de la conducci\u00f3n de este encuentro cuyano.<\/p>\n<p><span style=\"color: #003300\"><strong>Capacitaciones<\/strong><\/span><\/p>\n<p>Cabe destacar que, de 19 a 21 hs, en el Club Sirio Liban\u00e9s, se brindan capacitaciones sobre folklore Cuyano a cargo del Consejo Federal de la Cultura.<\/p>\n<p><img loading=\"lazy\" decoding=\"async\" class=\"alignnone size-full wp-image-17686\" src=\"https:\/\/vocesparalelas.com.ar\/sitio\/wp-content\/uploads\/2018\/12\/CUYANO-FOLK.jpg\" alt=\"\" width=\"923\" height=\"1024\" \/><\/p>\n<p>&nbsp;<\/p>\n<p>&nbsp;<\/p>\n<p>&nbsp;<\/p>\n<p>&nbsp;<\/p>\n<p>&nbsp;<\/p>\n","protected":false},"excerpt":{"rendered":"<p>El Viernes, 14 y el S\u00e1bado, 15 de Diciembre, a las 21:30 hs.; en el Anfiteatro Buenaventura Luna del Complejo<\/p>\n","protected":false},"author":3,"featured_media":17663,"comment_status":"closed","ping_status":"closed","sticky":false,"template":"","format":"video","meta":{"_acf_changed":false,"_seopress_robots_primary_cat":"","_seopress_titles_title":"","_seopress_titles_desc":"","_seopress_robots_index":"","colormag_page_container_layout":"default_layout","colormag_page_sidebar_layout":"default_layout","footnotes":""},"categories":[6,7],"tags":[],"class_list":["post-17662","post","type-post","status-publish","format-video","has-post-thumbnail","hentry","category-eventos","category-videos","post_format-post-format-video"],"acf":[],"_links":{"self":[{"href":"https:\/\/vocesparalelas.com.ar\/sitio\/wp-json\/wp\/v2\/posts\/17662","targetHints":{"allow":["GET"]}}],"collection":[{"href":"https:\/\/vocesparalelas.com.ar\/sitio\/wp-json\/wp\/v2\/posts"}],"about":[{"href":"https:\/\/vocesparalelas.com.ar\/sitio\/wp-json\/wp\/v2\/types\/post"}],"author":[{"embeddable":true,"href":"https:\/\/vocesparalelas.com.ar\/sitio\/wp-json\/wp\/v2\/users\/3"}],"replies":[{"embeddable":true,"href":"https:\/\/vocesparalelas.com.ar\/sitio\/wp-json\/wp\/v2\/comments?post=17662"}],"version-history":[{"count":0,"href":"https:\/\/vocesparalelas.com.ar\/sitio\/wp-json\/wp\/v2\/posts\/17662\/revisions"}],"wp:featuredmedia":[{"embeddable":true,"href":"https:\/\/vocesparalelas.com.ar\/sitio\/wp-json\/wp\/v2\/media\/17663"}],"wp:attachment":[{"href":"https:\/\/vocesparalelas.com.ar\/sitio\/wp-json\/wp\/v2\/media?parent=17662"}],"wp:term":[{"taxonomy":"category","embeddable":true,"href":"https:\/\/vocesparalelas.com.ar\/sitio\/wp-json\/wp\/v2\/categories?post=17662"},{"taxonomy":"post_tag","embeddable":true,"href":"https:\/\/vocesparalelas.com.ar\/sitio\/wp-json\/wp\/v2\/tags?post=17662"}],"curies":[{"name":"wp","href":"https:\/\/api.w.org\/{rel}","templated":true}]}}