{"id":17659,"date":"2018-12-12T22:11:11","date_gmt":"2018-12-13T01:11:11","guid":{"rendered":"http:\/\/vocesparalelas.com.ar\/sitio\/?p=17659"},"modified":"2018-12-14T01:41:50","modified_gmt":"2018-12-14T04:41:50","slug":"se-busca-el-mejor-pan-dulce-sanjuanino","status":"publish","type":"post","link":"https:\/\/vocesparalelas.com.ar\/sitio\/se-busca-el-mejor-pan-dulce-sanjuanino\/","title":{"rendered":"Se busca el mejor Pan Dulce Sanjuanino"},"content":{"rendered":"<p>Se trata de un concurso que premia al mejor sabor, presentaci\u00f3n y al m\u00e1s tradicional del cl\u00e1sico producto navide\u00f1o, el Domingo, 16 de diciembre, a las 18 hs.; en la Quebrada de Zonda.<\/p>\n<p>El certamen gastron\u00f3mico est\u00e1 destinado al p\u00fablico en general que puede participar de forma gratuita.<\/p>\n<p>El concurso Pan Dulce Sanjuanino tiene lugar en la zona del Monumento al Ciclista ubicado en la Quebrada de Zonda y es parte de la Feria Multicultural \u201cDescubriendo Caminos\u201d.<\/p>\n<p>Los concursantes deben ser sanjuaninos mayores de 18 a\u00f1os y los menores pueden hacerlo acompa\u00f1ados por sus padres, quienes deben presentar una receta casera con -al menos- un ingrediente t\u00edpico de San Juan.<\/p>\n<p>Cada producto participante debe ser presentado en unidades de 1 kg y de \u00bd kg, para ser dividido en porciones para su degustaci\u00f3n<\/p>\n<p><span style=\"color: #ff00ff\"><strong>Las categor\u00edas participantes<\/strong><\/span><\/p>\n<ul>\n<li>\u201cMejor sabor\u201d<\/li>\n<li>\u201cMejor presentaci\u00f3n\u201d y<\/li>\n<li>\u201cM\u00e1s tradicional\u201d<\/li>\n<\/ul>\n<p>Los ganadores son elegidos por un jurado integrado por la periodista Adriana Luluaga, los chefs Mauricio Savoca; Mauricio Tereszko y Jos\u00e9 Mart\u00edn, y las pasteleras Gabriela De La Vega e Ivana Vilaplana .<\/p>\n<p>Adem\u00e1s, los cocineros dan charlas t\u00e9cnicas sobre gastronom\u00eda a lo largo de la jornada.<\/p>\n<p>Cabe destacar que todos los participantes se llevar\u00e1n un delantal, una cofia y un certificado, mientras que los destacados en las categor\u00edas del concurso recibir\u00e1n premios sorpresa.<\/p>\n<p><span style=\"color: #ff00ff\"><strong>Inscripci\u00f3n<\/strong><\/span><\/p>\n<p>Es totalmente gratuita y se extender\u00e1 hasta el 13 de Diciembre, a trav\u00e9s del link<\/p>\n<p><a href=\"https:\/\/docs.google.com\/forms\/d\/e\/1FAIpQLScINVoZAhxYsy51tQgxlrK5RJEgQTPuS9PTRO6QoKvP-z7Aog\/viewform\">https:\/\/docs.google.com\/forms\/d\/e\/1FAIpQLScINVoZAhxYsy51tQgxlrK5RJEgQTPuS9PTRO6QoKvP-z7Aog\/viewform<\/a><\/p>\n<p>o a trav\u00e9s de los tel\u00e9fonos 2645045063 y 2646736731.<\/p>\n<p>La entrega de premios se realiza al finalizar el concurso en la Quebrada de Zonda.<\/p>\n<p>&nbsp;<\/p>\n<p><img loading=\"lazy\" decoding=\"async\" class=\"alignnone size-full wp-image-15506\" src=\"https:\/\/vocesparalelas.com.ar\/sitio\/wp-content\/uploads\/2018\/10\/MONUMENTO-AL-CICLISTA.jpg\" alt=\"\" width=\"1000\" height=\"665\" srcset=\"https:\/\/vocesparalelas.com.ar\/sitio\/wp-content\/uploads\/2018\/10\/MONUMENTO-AL-CICLISTA.jpg 1000w, https:\/\/vocesparalelas.com.ar\/sitio\/wp-content\/uploads\/2018\/10\/MONUMENTO-AL-CICLISTA-300x200.jpg 300w, https:\/\/vocesparalelas.com.ar\/sitio\/wp-content\/uploads\/2018\/10\/MONUMENTO-AL-CICLISTA-768x511.jpg 768w, https:\/\/vocesparalelas.com.ar\/sitio\/wp-content\/uploads\/2018\/10\/MONUMENTO-AL-CICLISTA-800x532.jpg 800w\" sizes=\"auto, (max-width: 1000px) 100vw, 1000px\" \/><\/p>\n<p>&nbsp;<\/p>\n<p>&nbsp;<\/p>\n<p>&nbsp;<\/p>\n<p>&nbsp;<\/p>\n","protected":false},"excerpt":{"rendered":"<p>Se trata de un concurso que premia al mejor sabor, presentaci\u00f3n y al m\u00e1s tradicional del cl\u00e1sico producto navide\u00f1o, el<\/p>\n","protected":false},"author":3,"featured_media":17660,"comment_status":"closed","ping_status":"closed","sticky":false,"template":"","format":"standard","meta":{"_acf_changed":false,"_seopress_robots_primary_cat":"","_seopress_titles_title":"","_seopress_titles_desc":"","_seopress_robots_index":"","colormag_page_container_layout":"default_layout","colormag_page_sidebar_layout":"default_layout","footnotes":""},"categories":[6],"tags":[],"class_list":["post-17659","post","type-post","status-publish","format-standard","has-post-thumbnail","hentry","category-eventos"],"acf":[],"_links":{"self":[{"href":"https:\/\/vocesparalelas.com.ar\/sitio\/wp-json\/wp\/v2\/posts\/17659","targetHints":{"allow":["GET"]}}],"collection":[{"href":"https:\/\/vocesparalelas.com.ar\/sitio\/wp-json\/wp\/v2\/posts"}],"about":[{"href":"https:\/\/vocesparalelas.com.ar\/sitio\/wp-json\/wp\/v2\/types\/post"}],"author":[{"embeddable":true,"href":"https:\/\/vocesparalelas.com.ar\/sitio\/wp-json\/wp\/v2\/users\/3"}],"replies":[{"embeddable":true,"href":"https:\/\/vocesparalelas.com.ar\/sitio\/wp-json\/wp\/v2\/comments?post=17659"}],"version-history":[{"count":0,"href":"https:\/\/vocesparalelas.com.ar\/sitio\/wp-json\/wp\/v2\/posts\/17659\/revisions"}],"wp:featuredmedia":[{"embeddable":true,"href":"https:\/\/vocesparalelas.com.ar\/sitio\/wp-json\/wp\/v2\/media\/17660"}],"wp:attachment":[{"href":"https:\/\/vocesparalelas.com.ar\/sitio\/wp-json\/wp\/v2\/media?parent=17659"}],"wp:term":[{"taxonomy":"category","embeddable":true,"href":"https:\/\/vocesparalelas.com.ar\/sitio\/wp-json\/wp\/v2\/categories?post=17659"},{"taxonomy":"post_tag","embeddable":true,"href":"https:\/\/vocesparalelas.com.ar\/sitio\/wp-json\/wp\/v2\/tags?post=17659"}],"curies":[{"name":"wp","href":"https:\/\/api.w.org\/{rel}","templated":true}]}}