{"id":17648,"date":"2018-12-12T19:59:58","date_gmt":"2018-12-12T22:59:58","guid":{"rendered":"http:\/\/vocesparalelas.com.ar\/sitio\/?p=17648"},"modified":"2018-12-12T19:59:58","modified_gmt":"2018-12-12T22:59:58","slug":"se-renovo-las-autoridades-para-el-periodo-2018-2020","status":"publish","type":"post","link":"https:\/\/vocesparalelas.com.ar\/sitio\/se-renovo-las-autoridades-para-el-periodo-2018-2020\/","title":{"rendered":"Se renov\u00f3 las autoridades para el periodo 2018\/2020"},"content":{"rendered":"<p>El Colegio Argentino de Ingenieros de Minas \u2013 CADIM -, realiz\u00f3 su Asamblea General Ordinaria, en la que renov\u00f3 sus autoridades para el periodo 2018\/2020.<\/p>\n<p>Como resultado del acto eleccionario, la nueva Comisi\u00f3n Directiva del CADIM qued\u00f3 constituida de la siguiente manera:<\/p>\n<ul>\n<li>Presidente: Ing. Francisco Javier Almenzar<\/li>\n<li>Secretario: Ing. Marcelo Rub\u00e9n Bellini<\/li>\n<li>Tesorero: Ing. Ra\u00fal Mario Basa\u00f1ez<\/li>\n<li>Vocales: Ingenieros Mario Santiago Ju\u00e1rez, Alfredo Mario Elizondo y El\u00edas Ra\u00fal Moreno.<\/li>\n<\/ul>\n<p>La nueva Comisi\u00f3n expresa el deseo de continuar trabajando por la defensa de la profesi\u00f3n y el crecimiento de la instituci\u00f3n.<\/p>\n<p>Adem\u00e1s, aprovechan la oportunidad para brindar un afectuoso saludo de Navidad y A\u00f1o Nuevo, para los colegiados y familia.<\/p>\n<p>&nbsp;<\/p>\n<p>&nbsp;<\/p>\n<p>&nbsp;<\/p>\n","protected":false},"excerpt":{"rendered":"<p>El Colegio Argentino de Ingenieros de Minas \u2013 CADIM -, realiz\u00f3 su Asamblea General Ordinaria, en la que renov\u00f3 sus<\/p>\n","protected":false},"author":3,"featured_media":17649,"comment_status":"closed","ping_status":"closed","sticky":false,"template":"","format":"standard","meta":{"_acf_changed":false,"_seopress_robots_primary_cat":"","_seopress_titles_title":"","_seopress_titles_desc":"","_seopress_robots_index":"","colormag_page_container_layout":"default_layout","colormag_page_sidebar_layout":"default_layout","footnotes":""},"categories":[1],"tags":[],"class_list":["post-17648","post","type-post","status-publish","format-standard","has-post-thumbnail","hentry","category-destacadas"],"acf":[],"_links":{"self":[{"href":"https:\/\/vocesparalelas.com.ar\/sitio\/wp-json\/wp\/v2\/posts\/17648","targetHints":{"allow":["GET"]}}],"collection":[{"href":"https:\/\/vocesparalelas.com.ar\/sitio\/wp-json\/wp\/v2\/posts"}],"about":[{"href":"https:\/\/vocesparalelas.com.ar\/sitio\/wp-json\/wp\/v2\/types\/post"}],"author":[{"embeddable":true,"href":"https:\/\/vocesparalelas.com.ar\/sitio\/wp-json\/wp\/v2\/users\/3"}],"replies":[{"embeddable":true,"href":"https:\/\/vocesparalelas.com.ar\/sitio\/wp-json\/wp\/v2\/comments?post=17648"}],"version-history":[{"count":0,"href":"https:\/\/vocesparalelas.com.ar\/sitio\/wp-json\/wp\/v2\/posts\/17648\/revisions"}],"wp:featuredmedia":[{"embeddable":true,"href":"https:\/\/vocesparalelas.com.ar\/sitio\/wp-json\/wp\/v2\/media\/17649"}],"wp:attachment":[{"href":"https:\/\/vocesparalelas.com.ar\/sitio\/wp-json\/wp\/v2\/media?parent=17648"}],"wp:term":[{"taxonomy":"category","embeddable":true,"href":"https:\/\/vocesparalelas.com.ar\/sitio\/wp-json\/wp\/v2\/categories?post=17648"},{"taxonomy":"post_tag","embeddable":true,"href":"https:\/\/vocesparalelas.com.ar\/sitio\/wp-json\/wp\/v2\/tags?post=17648"}],"curies":[{"name":"wp","href":"https:\/\/api.w.org\/{rel}","templated":true}]}}