{"id":17645,"date":"2018-12-12T19:43:29","date_gmt":"2018-12-12T22:43:29","guid":{"rendered":"http:\/\/vocesparalelas.com.ar\/sitio\/?p=17645"},"modified":"2018-12-14T02:13:28","modified_gmt":"2018-12-14T05:13:28","slug":"exposicion-homenaje-posmortum-a-mario-vinzio","status":"publish","type":"post","link":"https:\/\/vocesparalelas.com.ar\/sitio\/exposicion-homenaje-posmortum-a-mario-vinzio\/","title":{"rendered":"Exposici\u00f3n Homenaje Posmortum a Mario Vinzio"},"content":{"rendered":"<p>La Secretar\u00eda de Extensi\u00f3n Universitaria y el Centro de Creaci\u00f3n de Artes Pl\u00e1sticas y Museo de Artes Pl\u00e1sticas Tornamb\u00e9 de la Facultad de Filosof\u00eda, Humanidades y Artes de la Universidad Nacional de San Juan, invitan a la comunidad sanjuanina el Viernes, 14 de Diciembre, a las 21 hs.; en la sede del Tornamb\u00e9 a la Exposici\u00f3n en homenaje al Prof. Mario Vinzio, poniendo en valor obras y procesos cer\u00e1micos de su autor\u00eda.<\/p>\n<p>&nbsp;<\/p>\n<p><img loading=\"lazy\" decoding=\"async\" class=\"alignnone size-full wp-image-3706\" src=\"https:\/\/vocesparalelas.com.ar\/sitio\/wp-content\/uploads\/2017\/08\/MUSEO-FFHA.jpg\" alt=\"\" width=\"1024\" height=\"680\" srcset=\"https:\/\/vocesparalelas.com.ar\/sitio\/wp-content\/uploads\/2017\/08\/MUSEO-FFHA.jpg 1024w, https:\/\/vocesparalelas.com.ar\/sitio\/wp-content\/uploads\/2017\/08\/MUSEO-FFHA-300x199.jpg 300w, https:\/\/vocesparalelas.com.ar\/sitio\/wp-content\/uploads\/2017\/08\/MUSEO-FFHA-768x510.jpg 768w, https:\/\/vocesparalelas.com.ar\/sitio\/wp-content\/uploads\/2017\/08\/MUSEO-FFHA-800x531.jpg 800w\" sizes=\"auto, (max-width: 1024px) 100vw, 1024px\" \/><\/p>\n<p>&nbsp;<\/p>\n<p>&nbsp;<\/p>\n<p>&nbsp;<\/p>\n","protected":false},"excerpt":{"rendered":"<p>La Secretar\u00eda de Extensi\u00f3n Universitaria y el Centro de Creaci\u00f3n de Artes Pl\u00e1sticas y Museo de Artes Pl\u00e1sticas Tornamb\u00e9 de<\/p>\n","protected":false},"author":3,"featured_media":17646,"comment_status":"closed","ping_status":"closed","sticky":false,"template":"","format":"standard","meta":{"_acf_changed":false,"_seopress_robots_primary_cat":"","_seopress_titles_title":"","_seopress_titles_desc":"","_seopress_robots_index":"","colormag_page_container_layout":"default_layout","colormag_page_sidebar_layout":"default_layout","footnotes":""},"categories":[6],"tags":[],"class_list":["post-17645","post","type-post","status-publish","format-standard","has-post-thumbnail","hentry","category-eventos"],"acf":[],"_links":{"self":[{"href":"https:\/\/vocesparalelas.com.ar\/sitio\/wp-json\/wp\/v2\/posts\/17645","targetHints":{"allow":["GET"]}}],"collection":[{"href":"https:\/\/vocesparalelas.com.ar\/sitio\/wp-json\/wp\/v2\/posts"}],"about":[{"href":"https:\/\/vocesparalelas.com.ar\/sitio\/wp-json\/wp\/v2\/types\/post"}],"author":[{"embeddable":true,"href":"https:\/\/vocesparalelas.com.ar\/sitio\/wp-json\/wp\/v2\/users\/3"}],"replies":[{"embeddable":true,"href":"https:\/\/vocesparalelas.com.ar\/sitio\/wp-json\/wp\/v2\/comments?post=17645"}],"version-history":[{"count":0,"href":"https:\/\/vocesparalelas.com.ar\/sitio\/wp-json\/wp\/v2\/posts\/17645\/revisions"}],"wp:featuredmedia":[{"embeddable":true,"href":"https:\/\/vocesparalelas.com.ar\/sitio\/wp-json\/wp\/v2\/media\/17646"}],"wp:attachment":[{"href":"https:\/\/vocesparalelas.com.ar\/sitio\/wp-json\/wp\/v2\/media?parent=17645"}],"wp:term":[{"taxonomy":"category","embeddable":true,"href":"https:\/\/vocesparalelas.com.ar\/sitio\/wp-json\/wp\/v2\/categories?post=17645"},{"taxonomy":"post_tag","embeddable":true,"href":"https:\/\/vocesparalelas.com.ar\/sitio\/wp-json\/wp\/v2\/tags?post=17645"}],"curies":[{"name":"wp","href":"https:\/\/api.w.org\/{rel}","templated":true}]}}