{"id":17638,"date":"2018-12-12T17:52:34","date_gmt":"2018-12-12T20:52:34","guid":{"rendered":"http:\/\/vocesparalelas.com.ar\/sitio\/?p=17638"},"modified":"2018-12-12T17:52:34","modified_gmt":"2018-12-12T20:52:34","slug":"convocan-a-delegados-escolares-al-plenario-extraordinario","status":"publish","type":"post","link":"https:\/\/vocesparalelas.com.ar\/sitio\/convocan-a-delegados-escolares-al-plenario-extraordinario\/","title":{"rendered":"Convocan a Delegados Escolares al Plenario Extraordinario"},"content":{"rendered":"<p>El Secretariado Ejecutivo de la Uni\u00f3n Docentes Agremiados Provinciales \u2013 UDAP \u2013 convoca a todos los delegados escolares de los distintos niveles y modalidades del Sistema Educativo P\u00fablico Provincial, tanto de gesti\u00f3n estatal como privada, a Plenario Extraordinario de Delegados Escolares, en car\u00e1cter informativo, para el d\u00eda viernes 14\/12\/18\u00a0 a las 10hs, en el sal\u00f3n de la Escuela de Formaci\u00f3n Pedag\u00f3gica y Sindical Marina Vilte, ubicado en calle Salta 129 (N) Capital, para tratar el siguiente orden del d\u00eda:<\/p>\n<ul>\n<li>Informe Situaci\u00f3n Nacional.<\/li>\n<li>Informe situaci\u00f3n Provincial<\/li>\n<li>Entrega de documentaci\u00f3n relacionada con Memoria y balance de UDAP Ejercicio 2017 e Informe a cargo de los Contadores de UDAP.<\/li>\n<\/ul>\n<p>&nbsp;<\/p>\n<p><img loading=\"lazy\" decoding=\"async\" class=\"alignnone size-full wp-image-15167\" src=\"https:\/\/vocesparalelas.com.ar\/sitio\/wp-content\/uploads\/2018\/09\/UDAP-ESCUELA-MARINA-VILTE.jpg\" alt=\"\" width=\"1000\" height=\"664\" srcset=\"https:\/\/vocesparalelas.com.ar\/sitio\/wp-content\/uploads\/2018\/09\/UDAP-ESCUELA-MARINA-VILTE.jpg 1000w, https:\/\/vocesparalelas.com.ar\/sitio\/wp-content\/uploads\/2018\/09\/UDAP-ESCUELA-MARINA-VILTE-300x199.jpg 300w, https:\/\/vocesparalelas.com.ar\/sitio\/wp-content\/uploads\/2018\/09\/UDAP-ESCUELA-MARINA-VILTE-768x510.jpg 768w, https:\/\/vocesparalelas.com.ar\/sitio\/wp-content\/uploads\/2018\/09\/UDAP-ESCUELA-MARINA-VILTE-800x531.jpg 800w\" sizes=\"auto, (max-width: 1000px) 100vw, 1000px\" \/><\/p>\n<p>&nbsp;<\/p>\n<p>&nbsp;<\/p>\n<p>&nbsp;<\/p>\n<p>&nbsp;<\/p>\n","protected":false},"excerpt":{"rendered":"<p>El Secretariado Ejecutivo de la Uni\u00f3n Docentes Agremiados Provinciales \u2013 UDAP \u2013 convoca a todos los delegados escolares de los<\/p>\n","protected":false},"author":3,"featured_media":15214,"comment_status":"closed","ping_status":"closed","sticky":false,"template":"","format":"standard","meta":{"_acf_changed":false,"_seopress_robots_primary_cat":"","_seopress_titles_title":"","_seopress_titles_desc":"","_seopress_robots_index":"","colormag_page_container_layout":"default_layout","colormag_page_sidebar_layout":"default_layout","footnotes":""},"categories":[1],"tags":[],"class_list":["post-17638","post","type-post","status-publish","format-standard","has-post-thumbnail","hentry","category-destacadas"],"acf":[],"_links":{"self":[{"href":"https:\/\/vocesparalelas.com.ar\/sitio\/wp-json\/wp\/v2\/posts\/17638","targetHints":{"allow":["GET"]}}],"collection":[{"href":"https:\/\/vocesparalelas.com.ar\/sitio\/wp-json\/wp\/v2\/posts"}],"about":[{"href":"https:\/\/vocesparalelas.com.ar\/sitio\/wp-json\/wp\/v2\/types\/post"}],"author":[{"embeddable":true,"href":"https:\/\/vocesparalelas.com.ar\/sitio\/wp-json\/wp\/v2\/users\/3"}],"replies":[{"embeddable":true,"href":"https:\/\/vocesparalelas.com.ar\/sitio\/wp-json\/wp\/v2\/comments?post=17638"}],"version-history":[{"count":0,"href":"https:\/\/vocesparalelas.com.ar\/sitio\/wp-json\/wp\/v2\/posts\/17638\/revisions"}],"wp:featuredmedia":[{"embeddable":true,"href":"https:\/\/vocesparalelas.com.ar\/sitio\/wp-json\/wp\/v2\/media\/15214"}],"wp:attachment":[{"href":"https:\/\/vocesparalelas.com.ar\/sitio\/wp-json\/wp\/v2\/media?parent=17638"}],"wp:term":[{"taxonomy":"category","embeddable":true,"href":"https:\/\/vocesparalelas.com.ar\/sitio\/wp-json\/wp\/v2\/categories?post=17638"},{"taxonomy":"post_tag","embeddable":true,"href":"https:\/\/vocesparalelas.com.ar\/sitio\/wp-json\/wp\/v2\/tags?post=17638"}],"curies":[{"name":"wp","href":"https:\/\/api.w.org\/{rel}","templated":true}]}}